{"id":9784,"date":"2025-06-07T19:48:11","date_gmt":"2025-06-07T17:48:11","guid":{"rendered":"https:\/\/comite-ecologique-ariegeois.org\/?p=9784"},"modified":"2026-03-29T21:06:17","modified_gmt":"2026-03-29T19:06:17","slug":"mine-de-salau-episode-ii","status":"publish","type":"post","link":"https:\/\/comite-ecologique-ariegeois.org\/?p=9784","title":{"rendered":"MINE DE SALAU : \u00e9pisode II"},"content":{"rendered":"\t\t<div data-elementor-type=\"wp-post\" data-elementor-id=\"9784\" class=\"elementor elementor-9784\">\n\t\t\t\t<div class=\"elementor-element elementor-element-79096b6 e-flex e-con-boxed e-con e-parent\" data-id=\"79096b6\" data-element_type=\"container\">\n\t\t\t\t\t<div class=\"e-con-inner\">\n\t\t\t\t<div class=\"elementor-element elementor-element-37d0742 elementor-widget elementor-widget-text-editor\" data-id=\"37d0742\" data-element_type=\"widget\" data-widget_type=\"text-editor.default\">\n\t\t\t\t<div class=\"elementor-widget-container\">\n\t\t\t\t\t\t\t\t\t<p><strong>* La manifestation du 24 mai 2025 impuls\u00e9e par une Assembl\u00e9e de luttes avec le soutien des associations SMS, CEA, Chabot et des syndicats CNT-09 et Solidaires, a \u00e9t\u00e9 un succ\u00e8s, en r\u00e9unissant dans les rues de Foix 400 personnes, pour la plupart assez jeunes<\/strong>.<\/p><p>Quatre prises de paroles : une au d\u00e9part pour rappeler le contexte du projet, deux devant l\u2019ARS pour exposer les risques sanitaires li\u00e9s \u00e0 la mine de Salau (amiante + arsenic) ainsi que les pollutions aquatiques indissociables des mines, et une autre devant la pr\u00e9fecture sous forme d\u2019une lettre ouverte au Pr\u00e9fet pour exposer les risques d\u2019escroquerie en l\u2019affaire. Des bidons symboliquement pleins de d\u00e9chets miniers toxiques ont \u00e9t\u00e9 exhib\u00e9s devant les 2 institutions.<\/p><p><a href=\"https:\/\/reporterre.net\/Dans-les-Pyrenees-une-bataille-contre-la-reouverture-d-une-mine-d-or-et-de-tungstene\"><strong>L\u2019article de Justin Carrette et Antoine Berlioz<\/strong> (photographies)<\/a> publi\u00e9 le 26 juin 2025 dans le media Reporterre d\u00e9crit assez bien l\u2019\u00e9v\u00e8nement.<\/p><p>* <strong>Mauvaise sant\u00e9 boursi\u00e8re des soci\u00e9t\u00e9s qui portaient le projet de recherches pr\u00e9c\u00e9dent \u00ab\u00a0le PERM de Couflens<\/strong>\u00a0\u00bb (Constat le 6 juin par Jacques Renoud, co-pr\u00e9sident de SMS) : \u00ab\u00a0<em>Je ne sais pas si l\u2019on y est pour quelque chose mais les actions de Variscan et d\u2019Apollo Minerals se sont effondr\u00e9s depuis 10 ans ! Variscan est aujourd\u2019hui \u00e0 5 centi\u00e8mes de dollars australien alors qu\u2019en 2015 il \u00e9tait \u00e0 0,75 $Au.\u00a0 Apollo Minerals est aujourd\u2019hui \u00e0 6 centi\u00e8mes de dollars australien alors qu\u2019en 2018 il \u00e9tait \u00e0 0,30 $Au. Et il en va de m\u00eame pour Equatorial Ressources qui soutenait Apollo Minerals en 2017\/2019 !\u00a0\u00bb<\/em><\/p><p>*<strong> Le 17\/07\/2024, malgr\u00e9 nos trois succ\u00e8s en annulation du PERM en premi\u00e8re et seconde instance administratives, obtenus avec les associations Henri P\u00e9zerat, Couflens-Salau Demain et la mairie de Couflens, le Conseil d\u2019Etat a valid\u00e9 le permis<\/strong><strong> a<\/strong><strong>u terme de 9 ans de proc\u00e9dure.<\/strong><\/p><p><strong>* Suite des rebondissements de la saga : se targuant de la d\u00e9cision du Conseil d&rsquo;Etat, le minist\u00e8re r\u00e9attribue le PERM \u00e0 Variscan Mines le 22 janvier 2026<\/strong> <strong>alors que deux nouveaux projets de recherches mini\u00e8res ont \u00e9t\u00e9 d\u00e9pos\u00e9s par Neom\u00e9tal et par Coforgia<\/strong>, l\u2019un sur le secteur de la mine historique et l\u2019autre sur un secteur plus \u00e9tendu (communes de Couflens, Ustou, Aulus, Saurat) l\u2019Etat a r\u00e9-attribu\u00e9 le PERM \u00e0 Appollo Minerals &#8211; Variscan sans qu\u2019une demande de prolongation n\u2019ait \u00e9t\u00e9 demand\u00e9e. Les 2 demandes de permis sont \u00e9cart\u00e9es d\u00e9finitivement. Du coup, la soci\u00e9t\u00e9 Neom\u00e9tal\u00a0 s\u2019estimant l\u00e9s\u00e9e, attaque cette d\u00e9cision minist\u00e9rielle en justice.<\/p><p>*<strong> 7 associations (SMS, le CEA, Henri P\u00e9zerat, le Chabot, ANPER,\u00a0 Collectif club mouche 31, l&rsquo;association nationale pour la protection des eaux et rivi\u00e8res, d\u00e9posent conjointement un recours contre cette d\u00e9cision de r\u00e9attribution du permis le 27\/03\/2026.<\/strong><\/p>\t\t\t\t\t\t\t\t<\/div>\n\t\t\t\t<\/div>\n\t\t<div class=\"elementor-element elementor-element-67bb0d2 e-grid e-con-full e-con e-child\" data-id=\"67bb0d2\" data-element_type=\"container\">\n\t\t\t\t<div class=\"elementor-element elementor-element-da9f7b9 elementor-widget elementor-widget-text-editor\" data-id=\"da9f7b9\" data-element_type=\"widget\" data-widget_type=\"text-editor.default\">\n\t\t\t\t<div class=\"elementor-widget-container\">\n\t\t\t\t\t\t\t\t\t<p>Pour aller plus loin:\u00a0<\/p>\t\t\t\t\t\t\t\t<\/div>\n\t\t\t\t<\/div>\n\t\t\t\t<div class=\"elementor-element elementor-element-fee08fd elementor-widget elementor-widget-image\" data-id=\"fee08fd\" data-element_type=\"widget\" data-widget_type=\"image.default\">\n\t\t\t\t<div class=\"elementor-widget-container\">\n\t\t\t\t\t\t\t\t\t\t\t\t\t\t\t\t<a href=\"https:\/\/pasdemines.noblogs.org\/\">\n\t\t\t\t\t\t\t<img fetchpriority=\"high\" decoding=\"async\" width=\"1024\" height=\"298\" src=\"https:\/\/comite-ecologique-ariegeois.org\/wp-content\/uploads\/2026\/03\/pasdemines-1024x298.png\" class=\"attachment-large size-large wp-image-11537\" alt=\"assembl\u00e9e des luttes contre les projets miniers en ariege et ailleurs\" srcset=\"https:\/\/comite-ecologique-ariegeois.org\/wp-content\/uploads\/2026\/03\/pasdemines-1024x298.png 1024w, https:\/\/comite-ecologique-ariegeois.org\/wp-content\/uploads\/2026\/03\/pasdemines-300x87.png 300w, https:\/\/comite-ecologique-ariegeois.org\/wp-content\/uploads\/2026\/03\/pasdemines-768x223.png 768w, https:\/\/comite-ecologique-ariegeois.org\/wp-content\/uploads\/2026\/03\/pasdemines.png 1153w\" sizes=\"(max-width: 1024px) 100vw, 1024px\" \/>\t\t\t\t\t\t\t\t<\/a>\n\t\t\t\t\t\t\t\t\t\t\t\t\t\t\t<\/div>\n\t\t\t\t<\/div>\n\t\t\t\t<div class=\"elementor-element elementor-element-8e85ff0 elementor-widget elementor-widget-image\" data-id=\"8e85ff0\" data-element_type=\"widget\" data-widget_type=\"image.default\">\n\t\t\t\t<div class=\"elementor-widget-container\">\n\t\t\t\t\t\t\t\t\t\t\t\t\t\t\t\t<a href=\"https:\/\/www.stopminesalau.com\/\">\n\t\t\t\t\t\t\t<img decoding=\"async\" width=\"538\" height=\"196\" src=\"https:\/\/comite-ecologique-ariegeois.org\/wp-content\/uploads\/2024\/10\/xvle4ts5.bmp\" class=\"attachment-large size-large wp-image-3978\" alt=\"stop mine salau\" srcset=\"https:\/\/comite-ecologique-ariegeois.org\/wp-content\/uploads\/2024\/10\/xvle4ts5.bmp 538w, https:\/\/comite-ecologique-ariegeois.org\/wp-content\/uploads\/2024\/10\/xvle4ts5-300x109.jpg 300w\" sizes=\"(max-width: 538px) 100vw, 538px\" \/>\t\t\t\t\t\t\t\t<\/a>\n\t\t\t\t\t\t\t\t\t\t\t\t\t\t\t<\/div>\n\t\t\t\t<\/div>\n\t\t\t\t<\/div>\n\t\t\t\t\t<\/div>\n\t\t\t\t<\/div>\n\t\t\t\t<\/div>\n\t\t","protected":false},"excerpt":{"rendered":"<p>* La manifestation du 24 mai 2025 impuls\u00e9e par une Assembl\u00e9e de luttes avec le soutien des associations SMS, CEA, Chabot et des syndicats CNT-09 et Solidaires, a \u00e9t\u00e9 un succ\u00e8s, en r\u00e9unissant dans les rues de Foix 400 personnes, pour la plupart assez jeunes. Quatre prises de paroles : une au d\u00e9part pour rappeler&hellip;&nbsp;<a href=\"https:\/\/comite-ecologique-ariegeois.org\/?p=9784\" rel=\"bookmark\">Lire la suite &raquo;<span class=\"screen-reader-text\">MINE DE SALAU : \u00e9pisode II<\/span><\/a><\/p>\n","protected":false},"author":3,"featured_media":9787,"comment_status":"open","ping_status":"open","sticky":false,"template":"","format":"standard","meta":{"neve_meta_sidebar":"","neve_meta_container":"","neve_meta_enable_content_width":"","neve_meta_content_width":0,"neve_meta_title_alignment":"","neve_meta_author_avatar":"","neve_post_elements_order":"","neve_meta_disable_header":"","neve_meta_disable_footer":"","neve_meta_disable_title":"","footnotes":""},"categories":[1],"tags":[],"class_list":["post-9784","post","type-post","status-publish","format-standard","has-post-thumbnail","hentry","category-non-classe"],"yoast_head":"<!-- This site is optimized with the Yoast SEO plugin v26.4 - https:\/\/yoast.com\/wordpress\/plugins\/seo\/ -->\n<title>MINE DE SALAU : \u00e9pisode II - Comit\u00e9 Ecologique Ari\u00e8geois<\/title>\n<meta name=\"robots\" content=\"index, follow, max-snippet:-1, max-image-preview:large, max-video-preview:-1\" \/>\n<link rel=\"canonical\" href=\"https:\/\/comite-ecologique-ariegeois.org\/?p=9784\" \/>\n<meta property=\"og:locale\" content=\"fr_FR\" \/>\n<meta property=\"og:type\" content=\"article\" \/>\n<meta property=\"og:title\" content=\"MINE DE SALAU : \u00e9pisode II - Comit\u00e9 Ecologique Ari\u00e8geois\" \/>\n<meta property=\"og:description\" content=\"* La manifestation du 24 mai 2025 impuls\u00e9e par une Assembl\u00e9e de luttes avec le soutien des associations SMS, CEA, Chabot et des syndicats CNT-09 et Solidaires, a \u00e9t\u00e9 un succ\u00e8s, en r\u00e9unissant dans les rues de Foix 400 personnes, pour la plupart assez jeunes. Quatre prises de paroles : une au d\u00e9part pour rappeler&hellip;&nbsp;Lire la suite &raquo;MINE DE SALAU : \u00e9pisode II\" \/>\n<meta property=\"og:url\" content=\"https:\/\/comite-ecologique-ariegeois.org\/?p=9784\" \/>\n<meta property=\"og:site_name\" content=\"Comit\u00e9 Ecologique Ari\u00e8geois\" \/>\n<meta property=\"article:publisher\" content=\"https:\/\/www.facebook.com\/comite.ariegeois\/\" \/>\n<meta property=\"article:published_time\" content=\"2025-06-07T17:48:11+00:00\" \/>\n<meta property=\"article:modified_time\" content=\"2026-03-29T19:06:17+00:00\" \/>\n<meta property=\"og:image\" content=\"https:\/\/comite-ecologique-ariegeois.org\/wp-content\/uploads\/2025\/06\/Photo-CEA-manif-24-05-25-1024x782.jpg\" \/>\n\t<meta property=\"og:image:width\" content=\"1024\" \/>\n\t<meta property=\"og:image:height\" content=\"782\" \/>\n\t<meta property=\"og:image:type\" content=\"image\/jpeg\" \/>\n<meta name=\"author\" content=\"Marcel Ricordeau\" \/>\n<meta name=\"twitter:card\" content=\"summary_large_image\" \/>\n<meta name=\"twitter:label1\" content=\"\u00c9crit par\" \/>\n\t<meta name=\"twitter:data1\" content=\"Marcel Ricordeau\" \/>\n\t<meta name=\"twitter:label2\" content=\"Dur\u00e9e de lecture estim\u00e9e\" \/>\n\t<meta name=\"twitter:data2\" content=\"3 minutes\" \/>\n<script type=\"application\/ld+json\" class=\"yoast-schema-graph\">{\"@context\":\"https:\/\/schema.org\",\"@graph\":[{\"@type\":\"Article\",\"@id\":\"https:\/\/comite-ecologique-ariegeois.org\/?p=9784#article\",\"isPartOf\":{\"@id\":\"https:\/\/comite-ecologique-ariegeois.org\/?p=9784\"},\"author\":{\"name\":\"Marcel Ricordeau\",\"@id\":\"https:\/\/comite-ecologique-ariegeois.org\/#\/schema\/person\/505f799679c3c172520d33603f3e6227\"},\"headline\":\"MINE DE SALAU : \u00e9pisode II\",\"datePublished\":\"2025-06-07T17:48:11+00:00\",\"dateModified\":\"2026-03-29T19:06:17+00:00\",\"mainEntityOfPage\":{\"@id\":\"https:\/\/comite-ecologique-ariegeois.org\/?p=9784\"},\"wordCount\":468,\"commentCount\":0,\"publisher\":{\"@id\":\"https:\/\/comite-ecologique-ariegeois.org\/#organization\"},\"image\":{\"@id\":\"https:\/\/comite-ecologique-ariegeois.org\/?p=9784#primaryimage\"},\"thumbnailUrl\":\"https:\/\/comite-ecologique-ariegeois.org\/wp-content\/uploads\/2025\/06\/Photo-CEA-manif-24-05-25.jpg\",\"inLanguage\":\"fr-FR\",\"potentialAction\":[{\"@type\":\"CommentAction\",\"name\":\"Comment\",\"target\":[\"https:\/\/comite-ecologique-ariegeois.org\/?p=9784#respond\"]}]},{\"@type\":\"WebPage\",\"@id\":\"https:\/\/comite-ecologique-ariegeois.org\/?p=9784\",\"url\":\"https:\/\/comite-ecologique-ariegeois.org\/?p=9784\",\"name\":\"MINE DE SALAU : \u00e9pisode II - Comit\u00e9 Ecologique Ari\u00e8geois\",\"isPartOf\":{\"@id\":\"https:\/\/comite-ecologique-ariegeois.org\/#website\"},\"primaryImageOfPage\":{\"@id\":\"https:\/\/comite-ecologique-ariegeois.org\/?p=9784#primaryimage\"},\"image\":{\"@id\":\"https:\/\/comite-ecologique-ariegeois.org\/?p=9784#primaryimage\"},\"thumbnailUrl\":\"https:\/\/comite-ecologique-ariegeois.org\/wp-content\/uploads\/2025\/06\/Photo-CEA-manif-24-05-25.jpg\",\"datePublished\":\"2025-06-07T17:48:11+00:00\",\"dateModified\":\"2026-03-29T19:06:17+00:00\",\"breadcrumb\":{\"@id\":\"https:\/\/comite-ecologique-ariegeois.org\/?p=9784#breadcrumb\"},\"inLanguage\":\"fr-FR\",\"potentialAction\":[{\"@type\":\"ReadAction\",\"target\":[\"https:\/\/comite-ecologique-ariegeois.org\/?p=9784\"]}]},{\"@type\":\"ImageObject\",\"inLanguage\":\"fr-FR\",\"@id\":\"https:\/\/comite-ecologique-ariegeois.org\/?p=9784#primaryimage\",\"url\":\"https:\/\/comite-ecologique-ariegeois.org\/wp-content\/uploads\/2025\/06\/Photo-CEA-manif-24-05-25.jpg\",\"contentUrl\":\"https:\/\/comite-ecologique-ariegeois.org\/wp-content\/uploads\/2025\/06\/Photo-CEA-manif-24-05-25.jpg\",\"width\":1793,\"height\":1369},{\"@type\":\"BreadcrumbList\",\"@id\":\"https:\/\/comite-ecologique-ariegeois.org\/?p=9784#breadcrumb\",\"itemListElement\":[{\"@type\":\"ListItem\",\"position\":1,\"name\":\"Accueil\",\"item\":\"https:\/\/comite-ecologique-ariegeois.org\/\"},{\"@type\":\"ListItem\",\"position\":2,\"name\":\"MINE DE SALAU : \u00e9pisode II\"}]},{\"@type\":\"WebSite\",\"@id\":\"https:\/\/comite-ecologique-ariegeois.org\/#website\",\"url\":\"https:\/\/comite-ecologique-ariegeois.org\/\",\"name\":\"Comit\u00e9 Ecologique Ari\u00e8geois\",\"description\":\"Assotiation de protection de la nature\",\"publisher\":{\"@id\":\"https:\/\/comite-ecologique-ariegeois.org\/#organization\"},\"potentialAction\":[{\"@type\":\"SearchAction\",\"target\":{\"@type\":\"EntryPoint\",\"urlTemplate\":\"https:\/\/comite-ecologique-ariegeois.org\/?s={search_term_string}\"},\"query-input\":{\"@type\":\"PropertyValueSpecification\",\"valueRequired\":true,\"valueName\":\"search_term_string\"}}],\"inLanguage\":\"fr-FR\"},{\"@type\":\"Organization\",\"@id\":\"https:\/\/comite-ecologique-ariegeois.org\/#organization\",\"name\":\"Comit\u00e9 Ecologique Ari\u00e8geois\",\"url\":\"https:\/\/comite-ecologique-ariegeois.org\/\",\"logo\":{\"@type\":\"ImageObject\",\"inLanguage\":\"fr-FR\",\"@id\":\"https:\/\/comite-ecologique-ariegeois.org\/#\/schema\/logo\/image\/\",\"url\":\"https:\/\/comite-ecologique-ariegeois.org\/wp-content\/uploads\/2025\/01\/logo_nouveau_cea_jpeg_250pix_02_03_24-a8816.jpg\",\"contentUrl\":\"https:\/\/comite-ecologique-ariegeois.org\/wp-content\/uploads\/2025\/01\/logo_nouveau_cea_jpeg_250pix_02_03_24-a8816.jpg\",\"width\":250,\"height\":250,\"caption\":\"Comit\u00e9 Ecologique Ari\u00e8geois\"},\"image\":{\"@id\":\"https:\/\/comite-ecologique-ariegeois.org\/#\/schema\/logo\/image\/\"},\"sameAs\":[\"https:\/\/www.facebook.com\/comite.ariegeois\/\",\"https:\/\/www.instagram.com\/comite.ecologique.ariegeois\/\"]},{\"@type\":\"Person\",\"@id\":\"https:\/\/comite-ecologique-ariegeois.org\/#\/schema\/person\/505f799679c3c172520d33603f3e6227\",\"name\":\"Marcel Ricordeau\",\"image\":{\"@type\":\"ImageObject\",\"inLanguage\":\"fr-FR\",\"@id\":\"https:\/\/comite-ecologique-ariegeois.org\/#\/schema\/person\/image\/\",\"url\":\"https:\/\/secure.gravatar.com\/avatar\/776c60076784f8ebc406a675208874f54109d681dd9b90f317a9354387b9a1cc?s=96&d=mm&r=g\",\"contentUrl\":\"https:\/\/secure.gravatar.com\/avatar\/776c60076784f8ebc406a675208874f54109d681dd9b90f317a9354387b9a1cc?s=96&d=mm&r=g\",\"caption\":\"Marcel Ricordeau\"},\"url\":\"https:\/\/comite-ecologique-ariegeois.org\/?author=3\"}]}<\/script>\n<!-- \/ Yoast SEO plugin. -->","yoast_head_json":{"title":"MINE DE SALAU : \u00e9pisode II - Comit\u00e9 Ecologique Ari\u00e8geois","robots":{"index":"index","follow":"follow","max-snippet":"max-snippet:-1","max-image-preview":"max-image-preview:large","max-video-preview":"max-video-preview:-1"},"canonical":"https:\/\/comite-ecologique-ariegeois.org\/?p=9784","og_locale":"fr_FR","og_type":"article","og_title":"MINE DE SALAU : \u00e9pisode II - Comit\u00e9 Ecologique Ari\u00e8geois","og_description":"* La manifestation du 24 mai 2025 impuls\u00e9e par une Assembl\u00e9e de luttes avec le soutien des associations SMS, CEA, Chabot et des syndicats CNT-09 et Solidaires, a \u00e9t\u00e9 un succ\u00e8s, en r\u00e9unissant dans les rues de Foix 400 personnes, pour la plupart assez jeunes. Quatre prises de paroles : une au d\u00e9part pour rappeler&hellip;&nbsp;Lire la suite &raquo;MINE DE SALAU : \u00e9pisode II","og_url":"https:\/\/comite-ecologique-ariegeois.org\/?p=9784","og_site_name":"Comit\u00e9 Ecologique Ari\u00e8geois","article_publisher":"https:\/\/www.facebook.com\/comite.ariegeois\/","article_published_time":"2025-06-07T17:48:11+00:00","article_modified_time":"2026-03-29T19:06:17+00:00","og_image":[{"width":1024,"height":782,"url":"https:\/\/comite-ecologique-ariegeois.org\/wp-content\/uploads\/2025\/06\/Photo-CEA-manif-24-05-25-1024x782.jpg","type":"image\/jpeg"}],"author":"Marcel Ricordeau","twitter_card":"summary_large_image","twitter_misc":{"\u00c9crit par":"Marcel Ricordeau","Dur\u00e9e de lecture estim\u00e9e":"3 minutes"},"schema":{"@context":"https:\/\/schema.org","@graph":[{"@type":"Article","@id":"https:\/\/comite-ecologique-ariegeois.org\/?p=9784#article","isPartOf":{"@id":"https:\/\/comite-ecologique-ariegeois.org\/?p=9784"},"author":{"name":"Marcel Ricordeau","@id":"https:\/\/comite-ecologique-ariegeois.org\/#\/schema\/person\/505f799679c3c172520d33603f3e6227"},"headline":"MINE DE SALAU : \u00e9pisode II","datePublished":"2025-06-07T17:48:11+00:00","dateModified":"2026-03-29T19:06:17+00:00","mainEntityOfPage":{"@id":"https:\/\/comite-ecologique-ariegeois.org\/?p=9784"},"wordCount":468,"commentCount":0,"publisher":{"@id":"https:\/\/comite-ecologique-ariegeois.org\/#organization"},"image":{"@id":"https:\/\/comite-ecologique-ariegeois.org\/?p=9784#primaryimage"},"thumbnailUrl":"https:\/\/comite-ecologique-ariegeois.org\/wp-content\/uploads\/2025\/06\/Photo-CEA-manif-24-05-25.jpg","inLanguage":"fr-FR","potentialAction":[{"@type":"CommentAction","name":"Comment","target":["https:\/\/comite-ecologique-ariegeois.org\/?p=9784#respond"]}]},{"@type":"WebPage","@id":"https:\/\/comite-ecologique-ariegeois.org\/?p=9784","url":"https:\/\/comite-ecologique-ariegeois.org\/?p=9784","name":"MINE DE SALAU : \u00e9pisode II - Comit\u00e9 Ecologique Ari\u00e8geois","isPartOf":{"@id":"https:\/\/comite-ecologique-ariegeois.org\/#website"},"primaryImageOfPage":{"@id":"https:\/\/comite-ecologique-ariegeois.org\/?p=9784#primaryimage"},"image":{"@id":"https:\/\/comite-ecologique-ariegeois.org\/?p=9784#primaryimage"},"thumbnailUrl":"https:\/\/comite-ecologique-ariegeois.org\/wp-content\/uploads\/2025\/06\/Photo-CEA-manif-24-05-25.jpg","datePublished":"2025-06-07T17:48:11+00:00","dateModified":"2026-03-29T19:06:17+00:00","breadcrumb":{"@id":"https:\/\/comite-ecologique-ariegeois.org\/?p=9784#breadcrumb"},"inLanguage":"fr-FR","potentialAction":[{"@type":"ReadAction","target":["https:\/\/comite-ecologique-ariegeois.org\/?p=9784"]}]},{"@type":"ImageObject","inLanguage":"fr-FR","@id":"https:\/\/comite-ecologique-ariegeois.org\/?p=9784#primaryimage","url":"https:\/\/comite-ecologique-ariegeois.org\/wp-content\/uploads\/2025\/06\/Photo-CEA-manif-24-05-25.jpg","contentUrl":"https:\/\/comite-ecologique-ariegeois.org\/wp-content\/uploads\/2025\/06\/Photo-CEA-manif-24-05-25.jpg","width":1793,"height":1369},{"@type":"BreadcrumbList","@id":"https:\/\/comite-ecologique-ariegeois.org\/?p=9784#breadcrumb","itemListElement":[{"@type":"ListItem","position":1,"name":"Accueil","item":"https:\/\/comite-ecologique-ariegeois.org\/"},{"@type":"ListItem","position":2,"name":"MINE DE SALAU : \u00e9pisode II"}]},{"@type":"WebSite","@id":"https:\/\/comite-ecologique-ariegeois.org\/#website","url":"https:\/\/comite-ecologique-ariegeois.org\/","name":"Comit\u00e9 Ecologique Ari\u00e8geois","description":"Assotiation de protection de la nature","publisher":{"@id":"https:\/\/comite-ecologique-ariegeois.org\/#organization"},"potentialAction":[{"@type":"SearchAction","target":{"@type":"EntryPoint","urlTemplate":"https:\/\/comite-ecologique-ariegeois.org\/?s={search_term_string}"},"query-input":{"@type":"PropertyValueSpecification","valueRequired":true,"valueName":"search_term_string"}}],"inLanguage":"fr-FR"},{"@type":"Organization","@id":"https:\/\/comite-ecologique-ariegeois.org\/#organization","name":"Comit\u00e9 Ecologique Ari\u00e8geois","url":"https:\/\/comite-ecologique-ariegeois.org\/","logo":{"@type":"ImageObject","inLanguage":"fr-FR","@id":"https:\/\/comite-ecologique-ariegeois.org\/#\/schema\/logo\/image\/","url":"https:\/\/comite-ecologique-ariegeois.org\/wp-content\/uploads\/2025\/01\/logo_nouveau_cea_jpeg_250pix_02_03_24-a8816.jpg","contentUrl":"https:\/\/comite-ecologique-ariegeois.org\/wp-content\/uploads\/2025\/01\/logo_nouveau_cea_jpeg_250pix_02_03_24-a8816.jpg","width":250,"height":250,"caption":"Comit\u00e9 Ecologique Ari\u00e8geois"},"image":{"@id":"https:\/\/comite-ecologique-ariegeois.org\/#\/schema\/logo\/image\/"},"sameAs":["https:\/\/www.facebook.com\/comite.ariegeois\/","https:\/\/www.instagram.com\/comite.ecologique.ariegeois\/"]},{"@type":"Person","@id":"https:\/\/comite-ecologique-ariegeois.org\/#\/schema\/person\/505f799679c3c172520d33603f3e6227","name":"Marcel Ricordeau","image":{"@type":"ImageObject","inLanguage":"fr-FR","@id":"https:\/\/comite-ecologique-ariegeois.org\/#\/schema\/person\/image\/","url":"https:\/\/secure.gravatar.com\/avatar\/776c60076784f8ebc406a675208874f54109d681dd9b90f317a9354387b9a1cc?s=96&d=mm&r=g","contentUrl":"https:\/\/secure.gravatar.com\/avatar\/776c60076784f8ebc406a675208874f54109d681dd9b90f317a9354387b9a1cc?s=96&d=mm&r=g","caption":"Marcel Ricordeau"},"url":"https:\/\/comite-ecologique-ariegeois.org\/?author=3"}]}},"_links":{"self":[{"href":"https:\/\/comite-ecologique-ariegeois.org\/index.php?rest_route=\/wp\/v2\/posts\/9784","targetHints":{"allow":["GET"]}}],"collection":[{"href":"https:\/\/comite-ecologique-ariegeois.org\/index.php?rest_route=\/wp\/v2\/posts"}],"about":[{"href":"https:\/\/comite-ecologique-ariegeois.org\/index.php?rest_route=\/wp\/v2\/types\/post"}],"author":[{"embeddable":true,"href":"https:\/\/comite-ecologique-ariegeois.org\/index.php?rest_route=\/wp\/v2\/users\/3"}],"replies":[{"embeddable":true,"href":"https:\/\/comite-ecologique-ariegeois.org\/index.php?rest_route=%2Fwp%2Fv2%2Fcomments&post=9784"}],"version-history":[{"count":31,"href":"https:\/\/comite-ecologique-ariegeois.org\/index.php?rest_route=\/wp\/v2\/posts\/9784\/revisions"}],"predecessor-version":[{"id":11637,"href":"https:\/\/comite-ecologique-ariegeois.org\/index.php?rest_route=\/wp\/v2\/posts\/9784\/revisions\/11637"}],"wp:featuredmedia":[{"embeddable":true,"href":"https:\/\/comite-ecologique-ariegeois.org\/index.php?rest_route=\/wp\/v2\/media\/9787"}],"wp:attachment":[{"href":"https:\/\/comite-ecologique-ariegeois.org\/index.php?rest_route=%2Fwp%2Fv2%2Fmedia&parent=9784"}],"wp:term":[{"taxonomy":"category","embeddable":true,"href":"https:\/\/comite-ecologique-ariegeois.org\/index.php?rest_route=%2Fwp%2Fv2%2Fcategories&post=9784"},{"taxonomy":"post_tag","embeddable":true,"href":"https:\/\/comite-ecologique-ariegeois.org\/index.php?rest_route=%2Fwp%2Fv2%2Ftags&post=9784"}],"curies":[{"name":"wp","href":"https:\/\/api.w.org\/{rel}","templated":true}]}}