{"id":9541,"date":"2025-05-05T15:06:00","date_gmt":"2025-05-05T13:06:00","guid":{"rendered":"https:\/\/comite-ecologique-ariegeois.org\/?p=9541"},"modified":"2026-01-18T15:30:42","modified_gmt":"2026-01-18T14:30:42","slug":"les-scientifiques-les-medecins-se-mobilisent-contre-les-pesticides","status":"publish","type":"post","link":"https:\/\/comite-ecologique-ariegeois.org\/?p=9541","title":{"rendered":"Les scientifiques, les m\u00e9decins se mobilisent contre les pesticides"},"content":{"rendered":"\t\t<div data-elementor-type=\"wp-post\" data-elementor-id=\"9541\" class=\"elementor elementor-9541\">\n\t\t\t\t<div class=\"elementor-element elementor-element-2d74bb87 e-flex e-con-boxed e-con e-parent\" data-id=\"2d74bb87\" data-element_type=\"container\">\n\t\t\t\t\t<div class=\"e-con-inner\">\n\t\t\t\t<div class=\"elementor-element elementor-element-41193041 elementor-widget elementor-widget-text-editor\" data-id=\"41193041\" data-element_type=\"widget\" data-widget_type=\"text-editor.default\">\n\t\t\t\t<div class=\"elementor-widget-container\">\n\t\t\t\t\t\t\t\t\t\n<p>Dans le cadre du d\u00e9bat parlementaire autour du projet de loi du s\u00e9nateur L. Duplomb, <strong>m\u00e9decins et scientifiques adressent une lettre ouverte <\/strong>\u00e0 Mesdames et Messieurs les ministres de la Sant\u00e9, de l&rsquo;Agriculture, du Travail et de l&rsquo;Environnement, ministres de tutelle de l&rsquo;ANSES. Cette proposition de loi sera soumise au vote de l&rsquo;Assembl\u00e9e nationale \u00e0 la fin du mois de mai.Voici quelques extraits :<\/p>\n\n<p>\u00ab\u00a0<em>Deux expertises collectives, celle de l\u2019INSERM en 2021 et celle de l\u2019INRAE en 2022 ont permis d\u2019\u00e9tablir des faits scientifiques incontestables : la contamination par les pesticides de tous les milieux et du biote qui y vit est g\u00e9n\u00e9ralis\u00e9e et tous les niveaux d\u2019organisation biologique sont impact\u00e9s (expertise compl\u00e9mentaire INRAE-IFREMER). La liste des pathologies en lien avec l\u2019exposition professionnelle aux pesticides ne cesse de s\u2019allonger, tout comme celle des pathologies impactant la population g\u00e9n\u00e9rale, en particulier par la contamination lors de fen\u00eatres de vuln\u00e9rabilit\u00e9 comme la grossesse.<\/em> [&#8230;] <em><strong>La proposition de loi Duplomb aggraverait la situation<\/strong>. Cette proposition de loi contient de nombreuses mesures qui vont renforcer la d\u00e9pendance des agriculteurs aux pesticides chimiques de synth\u00e8se, sans pour autant r\u00e9pondre \u00e0 leur demande de r\u00e9mun\u00e9ration juste. Or cette d\u00e9pendance pose d\u00e9j\u00e0 d\u2019\u00e9normes probl\u00e8mes de sant\u00e9 humaine et de d\u00e9gradation de l\u2019environnement. Agriculteurs, riverains, citoyens ne veulent plus <strong>servir de cobayes \u00e0 l\u2019\u00e9valuation de l\u2019effet cocktail <\/strong>de toutes ces substances diss\u00e9min\u00e9es dans l\u2019environnement, et que l&rsquo;on retrouve dans l&rsquo;eau du robinet, les eaux min\u00e9rales, et nos aliments<\/em>.\u00a0\u00bb <em>Cet effet cocktail doit \u00eatre s\u00e9rieusement quantifi\u00e9 en constituant une base de donn\u00e9es pr\u00e9cises sur les produits utilis\u00e9s \u00e0 la parcelle \u2013 dose et temporalit\u00e9 \u2013 afin de permettre \u00e0 la recherche de percevoir les signaux faibles qui pr\u00e9ludent aux catastrophes sanitaires en croisant ces donn\u00e9es avec celles de sant<\/em>\u00e9.\u00a0\u00bb <a href=\"https:\/\/framaforms.org\/lettre-ouverte-a-mesdames-et-messieurs-les-ministres-de-la-sante-de-lagriculture-du-travail-et-de\">Voir la tribune ici<\/a><\/p>\n\t\t\t\t\t\t\t\t<\/div>\n\t\t\t\t<\/div>\n\t\t\t\t\t<\/div>\n\t\t\t\t<\/div>\n\t\t<div class=\"elementor-element elementor-element-60b1bf1 e-flex e-con-boxed e-con e-parent\" data-id=\"60b1bf1\" data-element_type=\"container\">\n\t\t\t\t\t<div class=\"e-con-inner\">\n\t\t\t\t<div class=\"elementor-element elementor-element-b83662f elementor-widget elementor-widget-image\" data-id=\"b83662f\" data-element_type=\"widget\" data-widget_type=\"image.default\">\n\t\t\t\t<div class=\"elementor-widget-container\">\n\t\t\t\t\t\t\t\t\t\t\t\t\t\t\t<img decoding=\"async\" src=\"https:\/\/comite-ecologique-ariegeois.org\/wp-content\/uploads\/2025\/07\/printemps-bruyant-1.jpg\" title=\"\" alt=\"\" loading=\"lazy\" \/>\t\t\t\t\t\t\t\t\t\t\t\t\t\t\t<\/div>\n\t\t\t\t<\/div>\n\t\t\t\t\t<\/div>\n\t\t\t\t<\/div>\n\t\t\t\t<\/div>\n\t\t","protected":false},"excerpt":{"rendered":"<p>Dans le cadre du d\u00e9bat parlementaire autour du projet de loi du s\u00e9nateur L. Duplomb, m\u00e9decins et scientifiques adressent une lettre ouverte \u00e0 Mesdames et Messieurs les ministres de la Sant\u00e9, de l&rsquo;Agriculture, du Travail et de l&rsquo;Environnement, ministres de tutelle de l&rsquo;ANSES. Cette proposition de loi sera soumise au vote de l&rsquo;Assembl\u00e9e nationale \u00e0&hellip;&nbsp;<a href=\"https:\/\/comite-ecologique-ariegeois.org\/?p=9541\" rel=\"bookmark\">Lire la suite &raquo;<span class=\"screen-reader-text\">Les scientifiques, les m\u00e9decins se mobilisent contre les pesticides<\/span><\/a><\/p>\n","protected":false},"author":6,"featured_media":10895,"comment_status":"open","ping_status":"open","sticky":false,"template":"","format":"standard","meta":{"neve_meta_sidebar":"","neve_meta_container":"","neve_meta_enable_content_width":"","neve_meta_content_width":0,"neve_meta_title_alignment":"","neve_meta_author_avatar":"","neve_post_elements_order":"","neve_meta_disable_header":"","neve_meta_disable_footer":"","neve_meta_disable_title":"","footnotes":""},"categories":[1],"tags":[],"class_list":["post-9541","post","type-post","status-publish","format-standard","has-post-thumbnail","hentry","category-non-classe"],"yoast_head":"<!-- This site is optimized with the Yoast SEO plugin v26.4 - https:\/\/yoast.com\/wordpress\/plugins\/seo\/ -->\n<title>Les scientifiques, les m\u00e9decins se mobilisent contre les pesticides - Comit\u00e9 Ecologique Ari\u00e8geois<\/title>\n<meta name=\"robots\" content=\"index, follow, max-snippet:-1, max-image-preview:large, max-video-preview:-1\" \/>\n<link rel=\"canonical\" href=\"https:\/\/comite-ecologique-ariegeois.org\/?p=9541\" \/>\n<meta property=\"og:locale\" content=\"fr_FR\" \/>\n<meta property=\"og:type\" content=\"article\" \/>\n<meta property=\"og:title\" content=\"Les scientifiques, les m\u00e9decins se mobilisent contre les pesticides - Comit\u00e9 Ecologique Ari\u00e8geois\" \/>\n<meta property=\"og:description\" content=\"Dans le cadre du d\u00e9bat parlementaire autour du projet de loi du s\u00e9nateur L. Duplomb, m\u00e9decins et scientifiques adressent une lettre ouverte \u00e0 Mesdames et Messieurs les ministres de la Sant\u00e9, de l&rsquo;Agriculture, du Travail et de l&rsquo;Environnement, ministres de tutelle de l&rsquo;ANSES. Cette proposition de loi sera soumise au vote de l&rsquo;Assembl\u00e9e nationale \u00e0&hellip;&nbsp;Lire la suite &raquo;Les scientifiques, les m\u00e9decins se mobilisent contre les pesticides\" \/>\n<meta property=\"og:url\" content=\"https:\/\/comite-ecologique-ariegeois.org\/?p=9541\" \/>\n<meta property=\"og:site_name\" content=\"Comit\u00e9 Ecologique Ari\u00e8geois\" \/>\n<meta property=\"article:publisher\" content=\"https:\/\/www.facebook.com\/comite.ariegeois\/\" \/>\n<meta property=\"article:published_time\" content=\"2025-05-05T13:06:00+00:00\" \/>\n<meta property=\"article:modified_time\" content=\"2026-01-18T14:30:42+00:00\" \/>\n<meta property=\"og:image\" content=\"https:\/\/comite-ecologique-ariegeois.org\/wp-content\/uploads\/2025\/05\/2148926626.jpg\" \/>\n\t<meta property=\"og:image:width\" content=\"1000\" \/>\n\t<meta property=\"og:image:height\" content=\"635\" \/>\n\t<meta property=\"og:image:type\" content=\"image\/jpeg\" \/>\n<meta name=\"author\" content=\"Agnes Leclerc\" \/>\n<meta name=\"twitter:card\" content=\"summary_large_image\" \/>\n<meta name=\"twitter:label1\" content=\"\u00c9crit par\" \/>\n\t<meta name=\"twitter:data1\" content=\"Agnes Leclerc\" \/>\n\t<meta name=\"twitter:label2\" content=\"Dur\u00e9e de lecture estim\u00e9e\" \/>\n\t<meta name=\"twitter:data2\" content=\"2 minutes\" \/>\n<script type=\"application\/ld+json\" class=\"yoast-schema-graph\">{\"@context\":\"https:\/\/schema.org\",\"@graph\":[{\"@type\":\"Article\",\"@id\":\"https:\/\/comite-ecologique-ariegeois.org\/?p=9541#article\",\"isPartOf\":{\"@id\":\"https:\/\/comite-ecologique-ariegeois.org\/?p=9541\"},\"author\":{\"name\":\"Agnes Leclerc\",\"@id\":\"https:\/\/comite-ecologique-ariegeois.org\/#\/schema\/person\/3787f84167fcc3c8e288ae31a9353e8c\"},\"headline\":\"Les scientifiques, les m\u00e9decins se mobilisent contre les pesticides\",\"datePublished\":\"2025-05-05T13:06:00+00:00\",\"dateModified\":\"2026-01-18T14:30:42+00:00\",\"mainEntityOfPage\":{\"@id\":\"https:\/\/comite-ecologique-ariegeois.org\/?p=9541\"},\"wordCount\":340,\"commentCount\":0,\"publisher\":{\"@id\":\"https:\/\/comite-ecologique-ariegeois.org\/#organization\"},\"image\":{\"@id\":\"https:\/\/comite-ecologique-ariegeois.org\/?p=9541#primaryimage\"},\"thumbnailUrl\":\"https:\/\/comite-ecologique-ariegeois.org\/wp-content\/uploads\/2025\/05\/2148926626.jpg\",\"inLanguage\":\"fr-FR\",\"potentialAction\":[{\"@type\":\"CommentAction\",\"name\":\"Comment\",\"target\":[\"https:\/\/comite-ecologique-ariegeois.org\/?p=9541#respond\"]}]},{\"@type\":\"WebPage\",\"@id\":\"https:\/\/comite-ecologique-ariegeois.org\/?p=9541\",\"url\":\"https:\/\/comite-ecologique-ariegeois.org\/?p=9541\",\"name\":\"Les scientifiques, les m\u00e9decins se mobilisent contre les pesticides - Comit\u00e9 Ecologique Ari\u00e8geois\",\"isPartOf\":{\"@id\":\"https:\/\/comite-ecologique-ariegeois.org\/#website\"},\"primaryImageOfPage\":{\"@id\":\"https:\/\/comite-ecologique-ariegeois.org\/?p=9541#primaryimage\"},\"image\":{\"@id\":\"https:\/\/comite-ecologique-ariegeois.org\/?p=9541#primaryimage\"},\"thumbnailUrl\":\"https:\/\/comite-ecologique-ariegeois.org\/wp-content\/uploads\/2025\/05\/2148926626.jpg\",\"datePublished\":\"2025-05-05T13:06:00+00:00\",\"dateModified\":\"2026-01-18T14:30:42+00:00\",\"breadcrumb\":{\"@id\":\"https:\/\/comite-ecologique-ariegeois.org\/?p=9541#breadcrumb\"},\"inLanguage\":\"fr-FR\",\"potentialAction\":[{\"@type\":\"ReadAction\",\"target\":[\"https:\/\/comite-ecologique-ariegeois.org\/?p=9541\"]}]},{\"@type\":\"ImageObject\",\"inLanguage\":\"fr-FR\",\"@id\":\"https:\/\/comite-ecologique-ariegeois.org\/?p=9541#primaryimage\",\"url\":\"https:\/\/comite-ecologique-ariegeois.org\/wp-content\/uploads\/2025\/05\/2148926626.jpg\",\"contentUrl\":\"https:\/\/comite-ecologique-ariegeois.org\/wp-content\/uploads\/2025\/05\/2148926626.jpg\",\"width\":1000,\"height\":635},{\"@type\":\"BreadcrumbList\",\"@id\":\"https:\/\/comite-ecologique-ariegeois.org\/?p=9541#breadcrumb\",\"itemListElement\":[{\"@type\":\"ListItem\",\"position\":1,\"name\":\"Accueil\",\"item\":\"https:\/\/comite-ecologique-ariegeois.org\/\"},{\"@type\":\"ListItem\",\"position\":2,\"name\":\"Les scientifiques, les m\u00e9decins se mobilisent contre les pesticides\"}]},{\"@type\":\"WebSite\",\"@id\":\"https:\/\/comite-ecologique-ariegeois.org\/#website\",\"url\":\"https:\/\/comite-ecologique-ariegeois.org\/\",\"name\":\"Comit\u00e9 Ecologique Ari\u00e8geois\",\"description\":\"Assotiation de protection de la nature\",\"publisher\":{\"@id\":\"https:\/\/comite-ecologique-ariegeois.org\/#organization\"},\"potentialAction\":[{\"@type\":\"SearchAction\",\"target\":{\"@type\":\"EntryPoint\",\"urlTemplate\":\"https:\/\/comite-ecologique-ariegeois.org\/?s={search_term_string}\"},\"query-input\":{\"@type\":\"PropertyValueSpecification\",\"valueRequired\":true,\"valueName\":\"search_term_string\"}}],\"inLanguage\":\"fr-FR\"},{\"@type\":\"Organization\",\"@id\":\"https:\/\/comite-ecologique-ariegeois.org\/#organization\",\"name\":\"Comit\u00e9 Ecologique Ari\u00e8geois\",\"url\":\"https:\/\/comite-ecologique-ariegeois.org\/\",\"logo\":{\"@type\":\"ImageObject\",\"inLanguage\":\"fr-FR\",\"@id\":\"https:\/\/comite-ecologique-ariegeois.org\/#\/schema\/logo\/image\/\",\"url\":\"https:\/\/comite-ecologique-ariegeois.org\/wp-content\/uploads\/2025\/01\/logo_nouveau_cea_jpeg_250pix_02_03_24-a8816.jpg\",\"contentUrl\":\"https:\/\/comite-ecologique-ariegeois.org\/wp-content\/uploads\/2025\/01\/logo_nouveau_cea_jpeg_250pix_02_03_24-a8816.jpg\",\"width\":250,\"height\":250,\"caption\":\"Comit\u00e9 Ecologique Ari\u00e8geois\"},\"image\":{\"@id\":\"https:\/\/comite-ecologique-ariegeois.org\/#\/schema\/logo\/image\/\"},\"sameAs\":[\"https:\/\/www.facebook.com\/comite.ariegeois\/\",\"https:\/\/www.instagram.com\/comite.ecologique.ariegeois\/\"]},{\"@type\":\"Person\",\"@id\":\"https:\/\/comite-ecologique-ariegeois.org\/#\/schema\/person\/3787f84167fcc3c8e288ae31a9353e8c\",\"name\":\"Agnes Leclerc\",\"image\":{\"@type\":\"ImageObject\",\"inLanguage\":\"fr-FR\",\"@id\":\"https:\/\/comite-ecologique-ariegeois.org\/#\/schema\/person\/image\/\",\"url\":\"https:\/\/secure.gravatar.com\/avatar\/4417c816dc85d0fe4651564fdc6a53cbbda00d806b069c51882bc0201046d31a?s=96&d=mm&r=g\",\"contentUrl\":\"https:\/\/secure.gravatar.com\/avatar\/4417c816dc85d0fe4651564fdc6a53cbbda00d806b069c51882bc0201046d31a?s=96&d=mm&r=g\",\"caption\":\"Agnes Leclerc\"},\"url\":\"https:\/\/comite-ecologique-ariegeois.org\/?author=6\"}]}<\/script>\n<!-- \/ Yoast SEO plugin. -->","yoast_head_json":{"title":"Les scientifiques, les m\u00e9decins se mobilisent contre les pesticides - Comit\u00e9 Ecologique Ari\u00e8geois","robots":{"index":"index","follow":"follow","max-snippet":"max-snippet:-1","max-image-preview":"max-image-preview:large","max-video-preview":"max-video-preview:-1"},"canonical":"https:\/\/comite-ecologique-ariegeois.org\/?p=9541","og_locale":"fr_FR","og_type":"article","og_title":"Les scientifiques, les m\u00e9decins se mobilisent contre les pesticides - Comit\u00e9 Ecologique Ari\u00e8geois","og_description":"Dans le cadre du d\u00e9bat parlementaire autour du projet de loi du s\u00e9nateur L. Duplomb, m\u00e9decins et scientifiques adressent une lettre ouverte \u00e0 Mesdames et Messieurs les ministres de la Sant\u00e9, de l&rsquo;Agriculture, du Travail et de l&rsquo;Environnement, ministres de tutelle de l&rsquo;ANSES. Cette proposition de loi sera soumise au vote de l&rsquo;Assembl\u00e9e nationale \u00e0&hellip;&nbsp;Lire la suite &raquo;Les scientifiques, les m\u00e9decins se mobilisent contre les pesticides","og_url":"https:\/\/comite-ecologique-ariegeois.org\/?p=9541","og_site_name":"Comit\u00e9 Ecologique Ari\u00e8geois","article_publisher":"https:\/\/www.facebook.com\/comite.ariegeois\/","article_published_time":"2025-05-05T13:06:00+00:00","article_modified_time":"2026-01-18T14:30:42+00:00","og_image":[{"width":1000,"height":635,"url":"https:\/\/comite-ecologique-ariegeois.org\/wp-content\/uploads\/2025\/05\/2148926626.jpg","type":"image\/jpeg"}],"author":"Agnes Leclerc","twitter_card":"summary_large_image","twitter_misc":{"\u00c9crit par":"Agnes Leclerc","Dur\u00e9e de lecture estim\u00e9e":"2 minutes"},"schema":{"@context":"https:\/\/schema.org","@graph":[{"@type":"Article","@id":"https:\/\/comite-ecologique-ariegeois.org\/?p=9541#article","isPartOf":{"@id":"https:\/\/comite-ecologique-ariegeois.org\/?p=9541"},"author":{"name":"Agnes Leclerc","@id":"https:\/\/comite-ecologique-ariegeois.org\/#\/schema\/person\/3787f84167fcc3c8e288ae31a9353e8c"},"headline":"Les scientifiques, les m\u00e9decins se mobilisent contre les pesticides","datePublished":"2025-05-05T13:06:00+00:00","dateModified":"2026-01-18T14:30:42+00:00","mainEntityOfPage":{"@id":"https:\/\/comite-ecologique-ariegeois.org\/?p=9541"},"wordCount":340,"commentCount":0,"publisher":{"@id":"https:\/\/comite-ecologique-ariegeois.org\/#organization"},"image":{"@id":"https:\/\/comite-ecologique-ariegeois.org\/?p=9541#primaryimage"},"thumbnailUrl":"https:\/\/comite-ecologique-ariegeois.org\/wp-content\/uploads\/2025\/05\/2148926626.jpg","inLanguage":"fr-FR","potentialAction":[{"@type":"CommentAction","name":"Comment","target":["https:\/\/comite-ecologique-ariegeois.org\/?p=9541#respond"]}]},{"@type":"WebPage","@id":"https:\/\/comite-ecologique-ariegeois.org\/?p=9541","url":"https:\/\/comite-ecologique-ariegeois.org\/?p=9541","name":"Les scientifiques, les m\u00e9decins se mobilisent contre les pesticides - Comit\u00e9 Ecologique Ari\u00e8geois","isPartOf":{"@id":"https:\/\/comite-ecologique-ariegeois.org\/#website"},"primaryImageOfPage":{"@id":"https:\/\/comite-ecologique-ariegeois.org\/?p=9541#primaryimage"},"image":{"@id":"https:\/\/comite-ecologique-ariegeois.org\/?p=9541#primaryimage"},"thumbnailUrl":"https:\/\/comite-ecologique-ariegeois.org\/wp-content\/uploads\/2025\/05\/2148926626.jpg","datePublished":"2025-05-05T13:06:00+00:00","dateModified":"2026-01-18T14:30:42+00:00","breadcrumb":{"@id":"https:\/\/comite-ecologique-ariegeois.org\/?p=9541#breadcrumb"},"inLanguage":"fr-FR","potentialAction":[{"@type":"ReadAction","target":["https:\/\/comite-ecologique-ariegeois.org\/?p=9541"]}]},{"@type":"ImageObject","inLanguage":"fr-FR","@id":"https:\/\/comite-ecologique-ariegeois.org\/?p=9541#primaryimage","url":"https:\/\/comite-ecologique-ariegeois.org\/wp-content\/uploads\/2025\/05\/2148926626.jpg","contentUrl":"https:\/\/comite-ecologique-ariegeois.org\/wp-content\/uploads\/2025\/05\/2148926626.jpg","width":1000,"height":635},{"@type":"BreadcrumbList","@id":"https:\/\/comite-ecologique-ariegeois.org\/?p=9541#breadcrumb","itemListElement":[{"@type":"ListItem","position":1,"name":"Accueil","item":"https:\/\/comite-ecologique-ariegeois.org\/"},{"@type":"ListItem","position":2,"name":"Les scientifiques, les m\u00e9decins se mobilisent contre les pesticides"}]},{"@type":"WebSite","@id":"https:\/\/comite-ecologique-ariegeois.org\/#website","url":"https:\/\/comite-ecologique-ariegeois.org\/","name":"Comit\u00e9 Ecologique Ari\u00e8geois","description":"Assotiation de protection de la nature","publisher":{"@id":"https:\/\/comite-ecologique-ariegeois.org\/#organization"},"potentialAction":[{"@type":"SearchAction","target":{"@type":"EntryPoint","urlTemplate":"https:\/\/comite-ecologique-ariegeois.org\/?s={search_term_string}"},"query-input":{"@type":"PropertyValueSpecification","valueRequired":true,"valueName":"search_term_string"}}],"inLanguage":"fr-FR"},{"@type":"Organization","@id":"https:\/\/comite-ecologique-ariegeois.org\/#organization","name":"Comit\u00e9 Ecologique Ari\u00e8geois","url":"https:\/\/comite-ecologique-ariegeois.org\/","logo":{"@type":"ImageObject","inLanguage":"fr-FR","@id":"https:\/\/comite-ecologique-ariegeois.org\/#\/schema\/logo\/image\/","url":"https:\/\/comite-ecologique-ariegeois.org\/wp-content\/uploads\/2025\/01\/logo_nouveau_cea_jpeg_250pix_02_03_24-a8816.jpg","contentUrl":"https:\/\/comite-ecologique-ariegeois.org\/wp-content\/uploads\/2025\/01\/logo_nouveau_cea_jpeg_250pix_02_03_24-a8816.jpg","width":250,"height":250,"caption":"Comit\u00e9 Ecologique Ari\u00e8geois"},"image":{"@id":"https:\/\/comite-ecologique-ariegeois.org\/#\/schema\/logo\/image\/"},"sameAs":["https:\/\/www.facebook.com\/comite.ariegeois\/","https:\/\/www.instagram.com\/comite.ecologique.ariegeois\/"]},{"@type":"Person","@id":"https:\/\/comite-ecologique-ariegeois.org\/#\/schema\/person\/3787f84167fcc3c8e288ae31a9353e8c","name":"Agnes Leclerc","image":{"@type":"ImageObject","inLanguage":"fr-FR","@id":"https:\/\/comite-ecologique-ariegeois.org\/#\/schema\/person\/image\/","url":"https:\/\/secure.gravatar.com\/avatar\/4417c816dc85d0fe4651564fdc6a53cbbda00d806b069c51882bc0201046d31a?s=96&d=mm&r=g","contentUrl":"https:\/\/secure.gravatar.com\/avatar\/4417c816dc85d0fe4651564fdc6a53cbbda00d806b069c51882bc0201046d31a?s=96&d=mm&r=g","caption":"Agnes Leclerc"},"url":"https:\/\/comite-ecologique-ariegeois.org\/?author=6"}]}},"_links":{"self":[{"href":"https:\/\/comite-ecologique-ariegeois.org\/index.php?rest_route=\/wp\/v2\/posts\/9541","targetHints":{"allow":["GET"]}}],"collection":[{"href":"https:\/\/comite-ecologique-ariegeois.org\/index.php?rest_route=\/wp\/v2\/posts"}],"about":[{"href":"https:\/\/comite-ecologique-ariegeois.org\/index.php?rest_route=\/wp\/v2\/types\/post"}],"author":[{"embeddable":true,"href":"https:\/\/comite-ecologique-ariegeois.org\/index.php?rest_route=\/wp\/v2\/users\/6"}],"replies":[{"embeddable":true,"href":"https:\/\/comite-ecologique-ariegeois.org\/index.php?rest_route=%2Fwp%2Fv2%2Fcomments&post=9541"}],"version-history":[{"count":7,"href":"https:\/\/comite-ecologique-ariegeois.org\/index.php?rest_route=\/wp\/v2\/posts\/9541\/revisions"}],"predecessor-version":[{"id":10295,"href":"https:\/\/comite-ecologique-ariegeois.org\/index.php?rest_route=\/wp\/v2\/posts\/9541\/revisions\/10295"}],"wp:featuredmedia":[{"embeddable":true,"href":"https:\/\/comite-ecologique-ariegeois.org\/index.php?rest_route=\/wp\/v2\/media\/10895"}],"wp:attachment":[{"href":"https:\/\/comite-ecologique-ariegeois.org\/index.php?rest_route=%2Fwp%2Fv2%2Fmedia&parent=9541"}],"wp:term":[{"taxonomy":"category","embeddable":true,"href":"https:\/\/comite-ecologique-ariegeois.org\/index.php?rest_route=%2Fwp%2Fv2%2Fcategories&post=9541"},{"taxonomy":"post_tag","embeddable":true,"href":"https:\/\/comite-ecologique-ariegeois.org\/index.php?rest_route=%2Fwp%2Fv2%2Ftags&post=9541"}],"curies":[{"name":"wp","href":"https:\/\/api.w.org\/{rel}","templated":true}]}}