{"id":9334,"date":"2025-04-18T11:05:14","date_gmt":"2025-04-18T09:05:14","guid":{"rendered":"https:\/\/comite-ecologique-ariegeois.org\/?p=9334"},"modified":"2026-01-18T15:29:05","modified_gmt":"2026-01-18T14:29:05","slug":"printemps-bruyant","status":"publish","type":"post","link":"https:\/\/comite-ecologique-ariegeois.org\/?p=9334","title":{"rendered":"\u00ab\u00a0Printemps bruyant\u00a0\u00bb"},"content":{"rendered":"\n<p><strong>Pr\u00e8s de deux mille personnes ont manifest\u00e9 le samedi 5 avril \u00e0 Paris contre les pesticides et pour appeler \u00e0 repenser l&rsquo;agriculture.<\/strong><\/p>\n\n\n\n<p>Pr\u00e8s de deux mille personnes se sont mobilis\u00e9es contre les pesticides samedi 5 avril \u00e0 Paris alors que l&rsquo;Assembl\u00e9e Nationale doit examiner fin mai une loi adopt\u00e9e au s\u00e9nat le 28 janvier, sous la pression du monde agricole. Cette loi, <a href=\"https:\/\/www.senat.fr\/leg\/ppl24-186.html\" target=\"_blank\" rel=\"noreferrer noopener\"><strong>Lever les contraintes \u00e0 l\u2019exercice du m\u00e9tier d\u2019agriculteur \u00bb<\/strong><\/a> le plus souvent appel\u00e9e Loi Duplomb, du s\u00e9nateur z\u00e9l\u00e9 qui l&rsquo;a propos\u00e9 (S\u00e9nateur de la haute Loire, ancien Pr\u00e9sident FNSEA de la Chambre d&rsquo;Agriculture de ce d\u00e9partement), est \u00ab\u00a0<em>pr\u00e9sent\u00e9e comme compl\u00e9mentaire \u00e0 la loi d\u2019orientation agricole, elle liste un <strong>ensemble de r\u00e9gressions environnementales qui mettent en p\u00e9ril la sant\u00e9 humaine et celle des \u00e9cosyst\u00e8mes au b\u00e9n\u00e9fice d\u2019une agriculture industrielle \u00e0 bout de souffle<\/strong><\/em><strong>\u00ab\u00a0.&nbsp;<\/strong><a href=\"https:\/\/fne.asso.fr\/actualites\/proposition-de-loi-duplomb-toxique-pour-l-agriculture-l-environnement-et-la-sante\">Agir pour l&rsquo;environnement<\/a><\/p>\n\n\n\n<p>Cette manifestation a \u00e9t\u00e9 organis\u00e9e par quelques dizaines d&rsquo;organisations dont les collectifs Scientifiques en r\u00e9bellion, Alerte des m\u00e9decins sur les pesticides, Agir pour l&rsquo;environnement, Secrets Toxiques, Extinction R\u00e9bellion&#8230; D&rsquo;autres organisations ont rejoint cette grande coalition comme Greenpeace, la LPO ou les riverains victimes des pesticides, pour n&rsquo;en citer que quelques unes. <a href=\"https:\/\/extinctionrebellion.fr\/blog\/2025\/02\/25\/lappel-pour-la-marche-du-5-avril-2025-signe-par-plus-de-30-collectifs-associations-mouvements-ong.html\">Voir signature de l&rsquo;appel<\/a>. A la suite de cette manifestation, <a href=\"https:\/\/blogs.mediapart.fr\/les-invites-de-mediapart\/blog\/030425\/les-pesticides-tuent-sante-et-biodiversite-en-danger\">une tribune<\/a> a \u00e9t\u00e9 d\u00e9pos\u00e9e.<\/p>\n\n\n\n<p><\/p>\n\n\n<ul class=\"wp-block-categories-list wp-block-categories\">\t<li class=\"cat-item cat-item-1\"><a href=\"https:\/\/comite-ecologique-ariegeois.org\/?cat=1\">Non class\u00e9<\/a>\n<\/li>\n<\/ul>\n\n\n<p><\/p>\n\n\n\n<figure class=\"wp-block-image\"><img decoding=\"async\" src=\"https:\/\/comite-ecologique-ariegeois.org\/wp-content\/uploads\/2025\/04\/ST-5-avril-2.webp\" alt=\"\" class=\"wp-image-9368\"\/><\/figure>\n","protected":false},"excerpt":{"rendered":"<p>Pr\u00e8s de deux mille personnes ont manifest\u00e9 le samedi 5 avril \u00e0 Paris contre les pesticides et pour appeler \u00e0 repenser l&rsquo;agriculture. Pr\u00e8s de deux mille personnes se sont mobilis\u00e9es contre les pesticides samedi 5 avril \u00e0 Paris alors que l&rsquo;Assembl\u00e9e Nationale doit examiner fin mai une loi adopt\u00e9e au s\u00e9nat le 28 janvier, sous&hellip;&nbsp;<a href=\"https:\/\/comite-ecologique-ariegeois.org\/?p=9334\" rel=\"bookmark\">Lire la suite &raquo;<span class=\"screen-reader-text\">\u00ab\u00a0Printemps bruyant\u00a0\u00bb<\/span><\/a><\/p>\n","protected":false},"author":6,"featured_media":10893,"comment_status":"open","ping_status":"open","sticky":false,"template":"","format":"standard","meta":{"neve_meta_sidebar":"","neve_meta_container":"","neve_meta_enable_content_width":"","neve_meta_content_width":0,"neve_meta_title_alignment":"","neve_meta_author_avatar":"","neve_post_elements_order":"","neve_meta_disable_header":"","neve_meta_disable_footer":"","neve_meta_disable_title":"","footnotes":""},"categories":[1],"tags":[],"class_list":["post-9334","post","type-post","status-publish","format-standard","has-post-thumbnail","hentry","category-non-classe"],"yoast_head":"<!-- This site is optimized with the Yoast SEO plugin v26.4 - https:\/\/yoast.com\/wordpress\/plugins\/seo\/ -->\n<title>&quot;Printemps bruyant&quot; - Comit\u00e9 Ecologique Ari\u00e8geois<\/title>\n<meta name=\"robots\" content=\"index, follow, max-snippet:-1, max-image-preview:large, max-video-preview:-1\" \/>\n<link rel=\"canonical\" href=\"https:\/\/comite-ecologique-ariegeois.org\/?p=9334\" \/>\n<meta property=\"og:locale\" content=\"fr_FR\" \/>\n<meta property=\"og:type\" content=\"article\" \/>\n<meta property=\"og:title\" content=\"&quot;Printemps bruyant&quot; - Comit\u00e9 Ecologique Ari\u00e8geois\" \/>\n<meta property=\"og:description\" content=\"Pr\u00e8s de deux mille personnes ont manifest\u00e9 le samedi 5 avril \u00e0 Paris contre les pesticides et pour appeler \u00e0 repenser l&rsquo;agriculture. Pr\u00e8s de deux mille personnes se sont mobilis\u00e9es contre les pesticides samedi 5 avril \u00e0 Paris alors que l&rsquo;Assembl\u00e9e Nationale doit examiner fin mai une loi adopt\u00e9e au s\u00e9nat le 28 janvier, sous&hellip;&nbsp;Lire la suite &raquo;\u00ab\u00a0Printemps bruyant\u00a0\u00bb\" \/>\n<meta property=\"og:url\" content=\"https:\/\/comite-ecologique-ariegeois.org\/?p=9334\" \/>\n<meta property=\"og:site_name\" content=\"Comit\u00e9 Ecologique Ari\u00e8geois\" \/>\n<meta property=\"article:publisher\" content=\"https:\/\/www.facebook.com\/comite.ariegeois\/\" \/>\n<meta property=\"article:published_time\" content=\"2025-04-18T09:05:14+00:00\" \/>\n<meta property=\"article:modified_time\" content=\"2026-01-18T14:29:05+00:00\" \/>\n<meta property=\"og:image\" content=\"https:\/\/comite-ecologique-ariegeois.org\/wp-content\/uploads\/2025\/04\/58745-1024x683.jpg\" \/>\n\t<meta property=\"og:image:width\" content=\"1024\" \/>\n\t<meta property=\"og:image:height\" content=\"683\" \/>\n\t<meta property=\"og:image:type\" content=\"image\/jpeg\" \/>\n<meta name=\"author\" content=\"Agnes Leclerc\" \/>\n<meta name=\"twitter:card\" content=\"summary_large_image\" \/>\n<meta name=\"twitter:label1\" content=\"\u00c9crit par\" \/>\n\t<meta name=\"twitter:data1\" content=\"Agnes Leclerc\" \/>\n\t<meta name=\"twitter:label2\" content=\"Dur\u00e9e de lecture estim\u00e9e\" \/>\n\t<meta name=\"twitter:data2\" content=\"2 minutes\" \/>\n<script type=\"application\/ld+json\" class=\"yoast-schema-graph\">{\"@context\":\"https:\/\/schema.org\",\"@graph\":[{\"@type\":\"Article\",\"@id\":\"https:\/\/comite-ecologique-ariegeois.org\/?p=9334#article\",\"isPartOf\":{\"@id\":\"https:\/\/comite-ecologique-ariegeois.org\/?p=9334\"},\"author\":{\"name\":\"Agnes Leclerc\",\"@id\":\"https:\/\/comite-ecologique-ariegeois.org\/#\/schema\/person\/3787f84167fcc3c8e288ae31a9353e8c\"},\"headline\":\"\u00ab\u00a0Printemps bruyant\u00a0\u00bb\",\"datePublished\":\"2025-04-18T09:05:14+00:00\",\"dateModified\":\"2026-01-18T14:29:05+00:00\",\"mainEntityOfPage\":{\"@id\":\"https:\/\/comite-ecologique-ariegeois.org\/?p=9334\"},\"wordCount\":237,\"commentCount\":0,\"publisher\":{\"@id\":\"https:\/\/comite-ecologique-ariegeois.org\/#organization\"},\"image\":{\"@id\":\"https:\/\/comite-ecologique-ariegeois.org\/?p=9334#primaryimage\"},\"thumbnailUrl\":\"https:\/\/comite-ecologique-ariegeois.org\/wp-content\/uploads\/2025\/04\/58745.jpg\",\"inLanguage\":\"fr-FR\",\"potentialAction\":[{\"@type\":\"CommentAction\",\"name\":\"Comment\",\"target\":[\"https:\/\/comite-ecologique-ariegeois.org\/?p=9334#respond\"]}]},{\"@type\":\"WebPage\",\"@id\":\"https:\/\/comite-ecologique-ariegeois.org\/?p=9334\",\"url\":\"https:\/\/comite-ecologique-ariegeois.org\/?p=9334\",\"name\":\"\\\"Printemps bruyant\\\" - Comit\u00e9 Ecologique Ari\u00e8geois\",\"isPartOf\":{\"@id\":\"https:\/\/comite-ecologique-ariegeois.org\/#website\"},\"primaryImageOfPage\":{\"@id\":\"https:\/\/comite-ecologique-ariegeois.org\/?p=9334#primaryimage\"},\"image\":{\"@id\":\"https:\/\/comite-ecologique-ariegeois.org\/?p=9334#primaryimage\"},\"thumbnailUrl\":\"https:\/\/comite-ecologique-ariegeois.org\/wp-content\/uploads\/2025\/04\/58745.jpg\",\"datePublished\":\"2025-04-18T09:05:14+00:00\",\"dateModified\":\"2026-01-18T14:29:05+00:00\",\"breadcrumb\":{\"@id\":\"https:\/\/comite-ecologique-ariegeois.org\/?p=9334#breadcrumb\"},\"inLanguage\":\"fr-FR\",\"potentialAction\":[{\"@type\":\"ReadAction\",\"target\":[\"https:\/\/comite-ecologique-ariegeois.org\/?p=9334\"]}]},{\"@type\":\"ImageObject\",\"inLanguage\":\"fr-FR\",\"@id\":\"https:\/\/comite-ecologique-ariegeois.org\/?p=9334#primaryimage\",\"url\":\"https:\/\/comite-ecologique-ariegeois.org\/wp-content\/uploads\/2025\/04\/58745.jpg\",\"contentUrl\":\"https:\/\/comite-ecologique-ariegeois.org\/wp-content\/uploads\/2025\/04\/58745.jpg\",\"width\":1500,\"height\":1000},{\"@type\":\"BreadcrumbList\",\"@id\":\"https:\/\/comite-ecologique-ariegeois.org\/?p=9334#breadcrumb\",\"itemListElement\":[{\"@type\":\"ListItem\",\"position\":1,\"name\":\"Accueil\",\"item\":\"https:\/\/comite-ecologique-ariegeois.org\/\"},{\"@type\":\"ListItem\",\"position\":2,\"name\":\"\u00ab\u00a0Printemps bruyant\u00a0\u00bb\"}]},{\"@type\":\"WebSite\",\"@id\":\"https:\/\/comite-ecologique-ariegeois.org\/#website\",\"url\":\"https:\/\/comite-ecologique-ariegeois.org\/\",\"name\":\"Comit\u00e9 Ecologique Ari\u00e8geois\",\"description\":\"Assotiation de protection de la nature\",\"publisher\":{\"@id\":\"https:\/\/comite-ecologique-ariegeois.org\/#organization\"},\"potentialAction\":[{\"@type\":\"SearchAction\",\"target\":{\"@type\":\"EntryPoint\",\"urlTemplate\":\"https:\/\/comite-ecologique-ariegeois.org\/?s={search_term_string}\"},\"query-input\":{\"@type\":\"PropertyValueSpecification\",\"valueRequired\":true,\"valueName\":\"search_term_string\"}}],\"inLanguage\":\"fr-FR\"},{\"@type\":\"Organization\",\"@id\":\"https:\/\/comite-ecologique-ariegeois.org\/#organization\",\"name\":\"Comit\u00e9 Ecologique Ari\u00e8geois\",\"url\":\"https:\/\/comite-ecologique-ariegeois.org\/\",\"logo\":{\"@type\":\"ImageObject\",\"inLanguage\":\"fr-FR\",\"@id\":\"https:\/\/comite-ecologique-ariegeois.org\/#\/schema\/logo\/image\/\",\"url\":\"https:\/\/comite-ecologique-ariegeois.org\/wp-content\/uploads\/2025\/01\/logo_nouveau_cea_jpeg_250pix_02_03_24-a8816.jpg\",\"contentUrl\":\"https:\/\/comite-ecologique-ariegeois.org\/wp-content\/uploads\/2025\/01\/logo_nouveau_cea_jpeg_250pix_02_03_24-a8816.jpg\",\"width\":250,\"height\":250,\"caption\":\"Comit\u00e9 Ecologique Ari\u00e8geois\"},\"image\":{\"@id\":\"https:\/\/comite-ecologique-ariegeois.org\/#\/schema\/logo\/image\/\"},\"sameAs\":[\"https:\/\/www.facebook.com\/comite.ariegeois\/\",\"https:\/\/www.instagram.com\/comite.ecologique.ariegeois\/\"]},{\"@type\":\"Person\",\"@id\":\"https:\/\/comite-ecologique-ariegeois.org\/#\/schema\/person\/3787f84167fcc3c8e288ae31a9353e8c\",\"name\":\"Agnes Leclerc\",\"image\":{\"@type\":\"ImageObject\",\"inLanguage\":\"fr-FR\",\"@id\":\"https:\/\/comite-ecologique-ariegeois.org\/#\/schema\/person\/image\/\",\"url\":\"https:\/\/secure.gravatar.com\/avatar\/4417c816dc85d0fe4651564fdc6a53cbbda00d806b069c51882bc0201046d31a?s=96&d=mm&r=g\",\"contentUrl\":\"https:\/\/secure.gravatar.com\/avatar\/4417c816dc85d0fe4651564fdc6a53cbbda00d806b069c51882bc0201046d31a?s=96&d=mm&r=g\",\"caption\":\"Agnes Leclerc\"},\"url\":\"https:\/\/comite-ecologique-ariegeois.org\/?author=6\"}]}<\/script>\n<!-- \/ Yoast SEO plugin. -->","yoast_head_json":{"title":"\"Printemps bruyant\" - Comit\u00e9 Ecologique Ari\u00e8geois","robots":{"index":"index","follow":"follow","max-snippet":"max-snippet:-1","max-image-preview":"max-image-preview:large","max-video-preview":"max-video-preview:-1"},"canonical":"https:\/\/comite-ecologique-ariegeois.org\/?p=9334","og_locale":"fr_FR","og_type":"article","og_title":"\"Printemps bruyant\" - Comit\u00e9 Ecologique Ari\u00e8geois","og_description":"Pr\u00e8s de deux mille personnes ont manifest\u00e9 le samedi 5 avril \u00e0 Paris contre les pesticides et pour appeler \u00e0 repenser l&rsquo;agriculture. Pr\u00e8s de deux mille personnes se sont mobilis\u00e9es contre les pesticides samedi 5 avril \u00e0 Paris alors que l&rsquo;Assembl\u00e9e Nationale doit examiner fin mai une loi adopt\u00e9e au s\u00e9nat le 28 janvier, sous&hellip;&nbsp;Lire la suite &raquo;\u00ab\u00a0Printemps bruyant\u00a0\u00bb","og_url":"https:\/\/comite-ecologique-ariegeois.org\/?p=9334","og_site_name":"Comit\u00e9 Ecologique Ari\u00e8geois","article_publisher":"https:\/\/www.facebook.com\/comite.ariegeois\/","article_published_time":"2025-04-18T09:05:14+00:00","article_modified_time":"2026-01-18T14:29:05+00:00","og_image":[{"width":1024,"height":683,"url":"https:\/\/comite-ecologique-ariegeois.org\/wp-content\/uploads\/2025\/04\/58745-1024x683.jpg","type":"image\/jpeg"}],"author":"Agnes Leclerc","twitter_card":"summary_large_image","twitter_misc":{"\u00c9crit par":"Agnes Leclerc","Dur\u00e9e de lecture estim\u00e9e":"2 minutes"},"schema":{"@context":"https:\/\/schema.org","@graph":[{"@type":"Article","@id":"https:\/\/comite-ecologique-ariegeois.org\/?p=9334#article","isPartOf":{"@id":"https:\/\/comite-ecologique-ariegeois.org\/?p=9334"},"author":{"name":"Agnes Leclerc","@id":"https:\/\/comite-ecologique-ariegeois.org\/#\/schema\/person\/3787f84167fcc3c8e288ae31a9353e8c"},"headline":"\u00ab\u00a0Printemps bruyant\u00a0\u00bb","datePublished":"2025-04-18T09:05:14+00:00","dateModified":"2026-01-18T14:29:05+00:00","mainEntityOfPage":{"@id":"https:\/\/comite-ecologique-ariegeois.org\/?p=9334"},"wordCount":237,"commentCount":0,"publisher":{"@id":"https:\/\/comite-ecologique-ariegeois.org\/#organization"},"image":{"@id":"https:\/\/comite-ecologique-ariegeois.org\/?p=9334#primaryimage"},"thumbnailUrl":"https:\/\/comite-ecologique-ariegeois.org\/wp-content\/uploads\/2025\/04\/58745.jpg","inLanguage":"fr-FR","potentialAction":[{"@type":"CommentAction","name":"Comment","target":["https:\/\/comite-ecologique-ariegeois.org\/?p=9334#respond"]}]},{"@type":"WebPage","@id":"https:\/\/comite-ecologique-ariegeois.org\/?p=9334","url":"https:\/\/comite-ecologique-ariegeois.org\/?p=9334","name":"\"Printemps bruyant\" - Comit\u00e9 Ecologique Ari\u00e8geois","isPartOf":{"@id":"https:\/\/comite-ecologique-ariegeois.org\/#website"},"primaryImageOfPage":{"@id":"https:\/\/comite-ecologique-ariegeois.org\/?p=9334#primaryimage"},"image":{"@id":"https:\/\/comite-ecologique-ariegeois.org\/?p=9334#primaryimage"},"thumbnailUrl":"https:\/\/comite-ecologique-ariegeois.org\/wp-content\/uploads\/2025\/04\/58745.jpg","datePublished":"2025-04-18T09:05:14+00:00","dateModified":"2026-01-18T14:29:05+00:00","breadcrumb":{"@id":"https:\/\/comite-ecologique-ariegeois.org\/?p=9334#breadcrumb"},"inLanguage":"fr-FR","potentialAction":[{"@type":"ReadAction","target":["https:\/\/comite-ecologique-ariegeois.org\/?p=9334"]}]},{"@type":"ImageObject","inLanguage":"fr-FR","@id":"https:\/\/comite-ecologique-ariegeois.org\/?p=9334#primaryimage","url":"https:\/\/comite-ecologique-ariegeois.org\/wp-content\/uploads\/2025\/04\/58745.jpg","contentUrl":"https:\/\/comite-ecologique-ariegeois.org\/wp-content\/uploads\/2025\/04\/58745.jpg","width":1500,"height":1000},{"@type":"BreadcrumbList","@id":"https:\/\/comite-ecologique-ariegeois.org\/?p=9334#breadcrumb","itemListElement":[{"@type":"ListItem","position":1,"name":"Accueil","item":"https:\/\/comite-ecologique-ariegeois.org\/"},{"@type":"ListItem","position":2,"name":"\u00ab\u00a0Printemps bruyant\u00a0\u00bb"}]},{"@type":"WebSite","@id":"https:\/\/comite-ecologique-ariegeois.org\/#website","url":"https:\/\/comite-ecologique-ariegeois.org\/","name":"Comit\u00e9 Ecologique Ari\u00e8geois","description":"Assotiation de protection de la nature","publisher":{"@id":"https:\/\/comite-ecologique-ariegeois.org\/#organization"},"potentialAction":[{"@type":"SearchAction","target":{"@type":"EntryPoint","urlTemplate":"https:\/\/comite-ecologique-ariegeois.org\/?s={search_term_string}"},"query-input":{"@type":"PropertyValueSpecification","valueRequired":true,"valueName":"search_term_string"}}],"inLanguage":"fr-FR"},{"@type":"Organization","@id":"https:\/\/comite-ecologique-ariegeois.org\/#organization","name":"Comit\u00e9 Ecologique Ari\u00e8geois","url":"https:\/\/comite-ecologique-ariegeois.org\/","logo":{"@type":"ImageObject","inLanguage":"fr-FR","@id":"https:\/\/comite-ecologique-ariegeois.org\/#\/schema\/logo\/image\/","url":"https:\/\/comite-ecologique-ariegeois.org\/wp-content\/uploads\/2025\/01\/logo_nouveau_cea_jpeg_250pix_02_03_24-a8816.jpg","contentUrl":"https:\/\/comite-ecologique-ariegeois.org\/wp-content\/uploads\/2025\/01\/logo_nouveau_cea_jpeg_250pix_02_03_24-a8816.jpg","width":250,"height":250,"caption":"Comit\u00e9 Ecologique Ari\u00e8geois"},"image":{"@id":"https:\/\/comite-ecologique-ariegeois.org\/#\/schema\/logo\/image\/"},"sameAs":["https:\/\/www.facebook.com\/comite.ariegeois\/","https:\/\/www.instagram.com\/comite.ecologique.ariegeois\/"]},{"@type":"Person","@id":"https:\/\/comite-ecologique-ariegeois.org\/#\/schema\/person\/3787f84167fcc3c8e288ae31a9353e8c","name":"Agnes Leclerc","image":{"@type":"ImageObject","inLanguage":"fr-FR","@id":"https:\/\/comite-ecologique-ariegeois.org\/#\/schema\/person\/image\/","url":"https:\/\/secure.gravatar.com\/avatar\/4417c816dc85d0fe4651564fdc6a53cbbda00d806b069c51882bc0201046d31a?s=96&d=mm&r=g","contentUrl":"https:\/\/secure.gravatar.com\/avatar\/4417c816dc85d0fe4651564fdc6a53cbbda00d806b069c51882bc0201046d31a?s=96&d=mm&r=g","caption":"Agnes Leclerc"},"url":"https:\/\/comite-ecologique-ariegeois.org\/?author=6"}]}},"_links":{"self":[{"href":"https:\/\/comite-ecologique-ariegeois.org\/index.php?rest_route=\/wp\/v2\/posts\/9334","targetHints":{"allow":["GET"]}}],"collection":[{"href":"https:\/\/comite-ecologique-ariegeois.org\/index.php?rest_route=\/wp\/v2\/posts"}],"about":[{"href":"https:\/\/comite-ecologique-ariegeois.org\/index.php?rest_route=\/wp\/v2\/types\/post"}],"author":[{"embeddable":true,"href":"https:\/\/comite-ecologique-ariegeois.org\/index.php?rest_route=\/wp\/v2\/users\/6"}],"replies":[{"embeddable":true,"href":"https:\/\/comite-ecologique-ariegeois.org\/index.php?rest_route=%2Fwp%2Fv2%2Fcomments&post=9334"}],"version-history":[{"count":3,"href":"https:\/\/comite-ecologique-ariegeois.org\/index.php?rest_route=\/wp\/v2\/posts\/9334\/revisions"}],"predecessor-version":[{"id":9369,"href":"https:\/\/comite-ecologique-ariegeois.org\/index.php?rest_route=\/wp\/v2\/posts\/9334\/revisions\/9369"}],"wp:featuredmedia":[{"embeddable":true,"href":"https:\/\/comite-ecologique-ariegeois.org\/index.php?rest_route=\/wp\/v2\/media\/10893"}],"wp:attachment":[{"href":"https:\/\/comite-ecologique-ariegeois.org\/index.php?rest_route=%2Fwp%2Fv2%2Fmedia&parent=9334"}],"wp:term":[{"taxonomy":"category","embeddable":true,"href":"https:\/\/comite-ecologique-ariegeois.org\/index.php?rest_route=%2Fwp%2Fv2%2Fcategories&post=9334"},{"taxonomy":"post_tag","embeddable":true,"href":"https:\/\/comite-ecologique-ariegeois.org\/index.php?rest_route=%2Fwp%2Fv2%2Ftags&post=9334"}],"curies":[{"name":"wp","href":"https:\/\/api.w.org\/{rel}","templated":true}]}}