{"id":8616,"date":"2025-03-04T21:32:27","date_gmt":"2025-03-04T20:32:27","guid":{"rendered":"https:\/\/comite-ecologique-ariegeois.org\/?p=8616"},"modified":"2025-03-23T19:45:48","modified_gmt":"2025-03-23T18:45:48","slug":"les-dates-douverture-des-chasses-au-gros-gibier-sont-de-plus-en-plus-precoces","status":"publish","type":"post","link":"https:\/\/comite-ecologique-ariegeois.org\/?p=8616","title":{"rendered":"Dates d\u2019ouverture des chasses \u00ab au gros gibier \u00bb de plus en plus pr\u00e9coces"},"content":{"rendered":"\n<p><strong>Dates de chasse aux Chevreuil, Cerf, Sanglier en Ari\u00e8ge au 03\/03\/2025<\/strong><br><\/p>\n\n\n\n<p>Chevreuil<br>La chasse \u00e0 l\u2019aff\u00fbt ou \u00e0 l\u2019approche individuelle et sans chien, du chevreuil pourra s\u2019exercer<br>\u00e0 partir du 1er juin 2024 en zone de plaine et en zone de montagne, dans le cadre d\u2019une autorisation<br>pr\u00e9fectorale individuelle, jusqu\u2019\u00e0 l\u2019ouverture g\u00e9n\u00e9rale et puis du 8 septembre 2024 au 28 f\u00e9vrier 2025<br>inclus en zone de plaine (ZP) et du 15 septembre 2024 au 28 f\u00e9vrier 2025 inclus en zone de montagne<br>(ZM), chasse en battue autoris\u00e9e plus aff\u00fbt, plus approche.<br><\/p>\n\n\n\n<p>Cerf<br>La chasse \u00e0 l\u2019aff\u00fbt ou \u00e0 l\u2019approche individuelle et sans chien du cerf pourra s\u2019exercer \u00e0 partir du<br>1er septembre 2024 en zone de plaine et en zone de montagne dans le cadre d\u2019une autorisation<br>pr\u00e9fectorale individuelle, jusqu\u2019\u00e0 l\u2019ouverture g\u00e9n\u00e9rale. et puis du 8 septembre 2024 au 28 f\u00e9vrier 2025<br>inclus en zone de plaine (ZP) et du 15 septembre 2024 au 28 f\u00e9vrier 2025 inclus en zone de montagne<br>(ZM), chasse en battue autoris\u00e9e plus aff\u00fbt, plus approche.<br><\/p>\n\n\n\n<p>Sanglier <br>A partir du 17 aout 2024 en zone de plaine et du 1er septembre 2024 en zone de montagne<br>et jusqu&rsquo;au 28 f\u00e9vrier 2025 pour les deux zones, la chasse en battue du sanglier ne peut se pratiquer<br>que les mercredis, samedis, dimanches et jours f\u00e9ri\u00e9s.<br>Jusqu\u2019\u00e0 l\u2019ouverture g\u00e9n\u00e9rale, les battues doivent comprendre au moins six personnes et des chiens. Le<br>sanglier peut \u00eatre chass\u00e9 pendant cette p\u00e9riode anticip\u00e9e \u00e0 l\u2019aff\u00fbt ou \u00e0 l\u2019approche tous les jours sauf le<br>mardi et le vendredi.<br><\/p>\n\n\n\n<p><strong>Nous constatons que les dates d\u2019ouverture de ces chasses \u00ab au gros gibier \u00bb sont de plus en plus pr\u00e9coces, ce qui repr\u00e9sente un vrai danger potentiel pour les promeneurs de l\u2019\u00e9t\u00e9, nombreux dans notre d\u00e9partement.<\/strong><\/p>\n","protected":false},"excerpt":{"rendered":"<p>Dates de chasse aux Chevreuil, Cerf, Sanglier en Ari\u00e8ge au 03\/03\/2025 ChevreuilLa chasse \u00e0 l\u2019aff\u00fbt ou \u00e0 l\u2019approche individuelle et sans chien, du chevreuil pourra s\u2019exercer\u00e0 partir du 1er juin 2024 en zone de plaine et en zone de montagne, dans le cadre d\u2019une autorisationpr\u00e9fectorale individuelle, jusqu\u2019\u00e0 l\u2019ouverture g\u00e9n\u00e9rale et puis du 8 septembre 2024&hellip;&nbsp;<a href=\"https:\/\/comite-ecologique-ariegeois.org\/?p=8616\" rel=\"bookmark\">Lire la suite &raquo;<span class=\"screen-reader-text\">Dates d\u2019ouverture des chasses \u00ab au gros gibier \u00bb de plus en plus pr\u00e9coces<\/span><\/a><\/p>\n","protected":false},"author":2,"featured_media":8452,"comment_status":"open","ping_status":"open","sticky":false,"template":"","format":"standard","meta":{"neve_meta_sidebar":"","neve_meta_container":"","neve_meta_enable_content_width":"","neve_meta_content_width":0,"neve_meta_title_alignment":"","neve_meta_author_avatar":"","neve_post_elements_order":"","neve_meta_disable_header":"","neve_meta_disable_footer":"","neve_meta_disable_title":"","footnotes":""},"categories":[1],"tags":[],"class_list":["post-8616","post","type-post","status-publish","format-standard","has-post-thumbnail","hentry","category-non-classe"],"yoast_head":"<!-- This site is optimized with the Yoast SEO plugin v26.4 - https:\/\/yoast.com\/wordpress\/plugins\/seo\/ -->\n<title>Dates d\u2019ouverture des chasses \u00ab au gros gibier \u00bb de plus en plus pr\u00e9coces - Comit\u00e9 Ecologique Ari\u00e8geois<\/title>\n<meta name=\"robots\" content=\"index, follow, max-snippet:-1, max-image-preview:large, max-video-preview:-1\" \/>\n<link rel=\"canonical\" href=\"https:\/\/comite-ecologique-ariegeois.org\/?p=8616\" \/>\n<meta property=\"og:locale\" content=\"fr_FR\" \/>\n<meta property=\"og:type\" content=\"article\" \/>\n<meta property=\"og:title\" content=\"Dates d\u2019ouverture des chasses \u00ab au gros gibier \u00bb de plus en plus pr\u00e9coces - Comit\u00e9 Ecologique Ari\u00e8geois\" \/>\n<meta property=\"og:description\" content=\"Dates de chasse aux Chevreuil, Cerf, Sanglier en Ari\u00e8ge au 03\/03\/2025 ChevreuilLa chasse \u00e0 l\u2019aff\u00fbt ou \u00e0 l\u2019approche individuelle et sans chien, du chevreuil pourra s\u2019exercer\u00e0 partir du 1er juin 2024 en zone de plaine et en zone de montagne, dans le cadre d\u2019une autorisationpr\u00e9fectorale individuelle, jusqu\u2019\u00e0 l\u2019ouverture g\u00e9n\u00e9rale et puis du 8 septembre 2024&hellip;&nbsp;Lire la suite &raquo;Dates d\u2019ouverture des chasses \u00ab au gros gibier \u00bb de plus en plus pr\u00e9coces\" \/>\n<meta property=\"og:url\" content=\"https:\/\/comite-ecologique-ariegeois.org\/?p=8616\" \/>\n<meta property=\"og:site_name\" content=\"Comit\u00e9 Ecologique Ari\u00e8geois\" \/>\n<meta property=\"article:publisher\" content=\"https:\/\/www.facebook.com\/comite.ariegeois\/\" \/>\n<meta property=\"article:published_time\" content=\"2025-03-04T20:32:27+00:00\" \/>\n<meta property=\"article:modified_time\" content=\"2025-03-23T18:45:48+00:00\" \/>\n<meta property=\"og:image\" content=\"https:\/\/comite-ecologique-ariegeois.org\/wp-content\/uploads\/2025\/02\/Photo-Dessin-CEA_NX-1.jpg\" \/>\n\t<meta property=\"og:image:width\" content=\"1000\" \/>\n\t<meta property=\"og:image:height\" content=\"935\" \/>\n\t<meta property=\"og:image:type\" content=\"image\/jpeg\" \/>\n<meta name=\"author\" content=\"cea09-st4\" \/>\n<meta name=\"twitter:card\" content=\"summary_large_image\" \/>\n<meta name=\"twitter:label1\" content=\"\u00c9crit par\" \/>\n\t<meta name=\"twitter:data1\" content=\"cea09-st4\" \/>\n\t<meta name=\"twitter:label2\" content=\"Dur\u00e9e de lecture estim\u00e9e\" \/>\n\t<meta name=\"twitter:data2\" content=\"2 minutes\" \/>\n<script type=\"application\/ld+json\" class=\"yoast-schema-graph\">{\"@context\":\"https:\/\/schema.org\",\"@graph\":[{\"@type\":\"Article\",\"@id\":\"https:\/\/comite-ecologique-ariegeois.org\/?p=8616#article\",\"isPartOf\":{\"@id\":\"https:\/\/comite-ecologique-ariegeois.org\/?p=8616\"},\"author\":{\"name\":\"cea09-st4\",\"@id\":\"https:\/\/comite-ecologique-ariegeois.org\/#\/schema\/person\/92832aceca7f67aaae98ddf77791dda0\"},\"headline\":\"Dates d\u2019ouverture des chasses \u00ab au gros gibier \u00bb de plus en plus pr\u00e9coces\",\"datePublished\":\"2025-03-04T20:32:27+00:00\",\"dateModified\":\"2025-03-23T18:45:48+00:00\",\"mainEntityOfPage\":{\"@id\":\"https:\/\/comite-ecologique-ariegeois.org\/?p=8616\"},\"wordCount\":307,\"commentCount\":0,\"publisher\":{\"@id\":\"https:\/\/comite-ecologique-ariegeois.org\/#organization\"},\"image\":{\"@id\":\"https:\/\/comite-ecologique-ariegeois.org\/?p=8616#primaryimage\"},\"thumbnailUrl\":\"https:\/\/comite-ecologique-ariegeois.org\/wp-content\/uploads\/2025\/02\/Photo-Dessin-CEA_NX-1.jpg\",\"inLanguage\":\"fr-FR\",\"potentialAction\":[{\"@type\":\"CommentAction\",\"name\":\"Comment\",\"target\":[\"https:\/\/comite-ecologique-ariegeois.org\/?p=8616#respond\"]}]},{\"@type\":\"WebPage\",\"@id\":\"https:\/\/comite-ecologique-ariegeois.org\/?p=8616\",\"url\":\"https:\/\/comite-ecologique-ariegeois.org\/?p=8616\",\"name\":\"Dates d\u2019ouverture des chasses \u00ab au gros gibier \u00bb de plus en plus pr\u00e9coces - Comit\u00e9 Ecologique Ari\u00e8geois\",\"isPartOf\":{\"@id\":\"https:\/\/comite-ecologique-ariegeois.org\/#website\"},\"primaryImageOfPage\":{\"@id\":\"https:\/\/comite-ecologique-ariegeois.org\/?p=8616#primaryimage\"},\"image\":{\"@id\":\"https:\/\/comite-ecologique-ariegeois.org\/?p=8616#primaryimage\"},\"thumbnailUrl\":\"https:\/\/comite-ecologique-ariegeois.org\/wp-content\/uploads\/2025\/02\/Photo-Dessin-CEA_NX-1.jpg\",\"datePublished\":\"2025-03-04T20:32:27+00:00\",\"dateModified\":\"2025-03-23T18:45:48+00:00\",\"breadcrumb\":{\"@id\":\"https:\/\/comite-ecologique-ariegeois.org\/?p=8616#breadcrumb\"},\"inLanguage\":\"fr-FR\",\"potentialAction\":[{\"@type\":\"ReadAction\",\"target\":[\"https:\/\/comite-ecologique-ariegeois.org\/?p=8616\"]}]},{\"@type\":\"ImageObject\",\"inLanguage\":\"fr-FR\",\"@id\":\"https:\/\/comite-ecologique-ariegeois.org\/?p=8616#primaryimage\",\"url\":\"https:\/\/comite-ecologique-ariegeois.org\/wp-content\/uploads\/2025\/02\/Photo-Dessin-CEA_NX-1.jpg\",\"contentUrl\":\"https:\/\/comite-ecologique-ariegeois.org\/wp-content\/uploads\/2025\/02\/Photo-Dessin-CEA_NX-1.jpg\",\"width\":1000,\"height\":935},{\"@type\":\"BreadcrumbList\",\"@id\":\"https:\/\/comite-ecologique-ariegeois.org\/?p=8616#breadcrumb\",\"itemListElement\":[{\"@type\":\"ListItem\",\"position\":1,\"name\":\"Accueil\",\"item\":\"https:\/\/comite-ecologique-ariegeois.org\/\"},{\"@type\":\"ListItem\",\"position\":2,\"name\":\"Dates d\u2019ouverture des chasses \u00ab au gros gibier \u00bb de plus en plus pr\u00e9coces\"}]},{\"@type\":\"WebSite\",\"@id\":\"https:\/\/comite-ecologique-ariegeois.org\/#website\",\"url\":\"https:\/\/comite-ecologique-ariegeois.org\/\",\"name\":\"Comit\u00e9 Ecologique Ari\u00e8geois\",\"description\":\"Assotiation de protection de la nature\",\"publisher\":{\"@id\":\"https:\/\/comite-ecologique-ariegeois.org\/#organization\"},\"potentialAction\":[{\"@type\":\"SearchAction\",\"target\":{\"@type\":\"EntryPoint\",\"urlTemplate\":\"https:\/\/comite-ecologique-ariegeois.org\/?s={search_term_string}\"},\"query-input\":{\"@type\":\"PropertyValueSpecification\",\"valueRequired\":true,\"valueName\":\"search_term_string\"}}],\"inLanguage\":\"fr-FR\"},{\"@type\":\"Organization\",\"@id\":\"https:\/\/comite-ecologique-ariegeois.org\/#organization\",\"name\":\"Comit\u00e9 Ecologique Ari\u00e8geois\",\"url\":\"https:\/\/comite-ecologique-ariegeois.org\/\",\"logo\":{\"@type\":\"ImageObject\",\"inLanguage\":\"fr-FR\",\"@id\":\"https:\/\/comite-ecologique-ariegeois.org\/#\/schema\/logo\/image\/\",\"url\":\"https:\/\/comite-ecologique-ariegeois.org\/wp-content\/uploads\/2025\/01\/logo_nouveau_cea_jpeg_250pix_02_03_24-a8816.jpg\",\"contentUrl\":\"https:\/\/comite-ecologique-ariegeois.org\/wp-content\/uploads\/2025\/01\/logo_nouveau_cea_jpeg_250pix_02_03_24-a8816.jpg\",\"width\":250,\"height\":250,\"caption\":\"Comit\u00e9 Ecologique Ari\u00e8geois\"},\"image\":{\"@id\":\"https:\/\/comite-ecologique-ariegeois.org\/#\/schema\/logo\/image\/\"},\"sameAs\":[\"https:\/\/www.facebook.com\/comite.ariegeois\/\",\"https:\/\/www.instagram.com\/comite.ecologique.ariegeois\/\"]},{\"@type\":\"Person\",\"@id\":\"https:\/\/comite-ecologique-ariegeois.org\/#\/schema\/person\/92832aceca7f67aaae98ddf77791dda0\",\"name\":\"cea09-st4\",\"image\":{\"@type\":\"ImageObject\",\"inLanguage\":\"fr-FR\",\"@id\":\"https:\/\/comite-ecologique-ariegeois.org\/#\/schema\/person\/image\/\",\"url\":\"https:\/\/secure.gravatar.com\/avatar\/6c1e54f1c3cdbc81114e9356511baf721289245e579c1e86c77f3020b7237718?s=96&d=mm&r=g\",\"contentUrl\":\"https:\/\/secure.gravatar.com\/avatar\/6c1e54f1c3cdbc81114e9356511baf721289245e579c1e86c77f3020b7237718?s=96&d=mm&r=g\",\"caption\":\"cea09-st4\"},\"url\":\"https:\/\/comite-ecologique-ariegeois.org\/?author=2\"}]}<\/script>\n<!-- \/ Yoast SEO plugin. -->","yoast_head_json":{"title":"Dates d\u2019ouverture des chasses \u00ab au gros gibier \u00bb de plus en plus pr\u00e9coces - Comit\u00e9 Ecologique Ari\u00e8geois","robots":{"index":"index","follow":"follow","max-snippet":"max-snippet:-1","max-image-preview":"max-image-preview:large","max-video-preview":"max-video-preview:-1"},"canonical":"https:\/\/comite-ecologique-ariegeois.org\/?p=8616","og_locale":"fr_FR","og_type":"article","og_title":"Dates d\u2019ouverture des chasses \u00ab au gros gibier \u00bb de plus en plus pr\u00e9coces - Comit\u00e9 Ecologique Ari\u00e8geois","og_description":"Dates de chasse aux Chevreuil, Cerf, Sanglier en Ari\u00e8ge au 03\/03\/2025 ChevreuilLa chasse \u00e0 l\u2019aff\u00fbt ou \u00e0 l\u2019approche individuelle et sans chien, du chevreuil pourra s\u2019exercer\u00e0 partir du 1er juin 2024 en zone de plaine et en zone de montagne, dans le cadre d\u2019une autorisationpr\u00e9fectorale individuelle, jusqu\u2019\u00e0 l\u2019ouverture g\u00e9n\u00e9rale et puis du 8 septembre 2024&hellip;&nbsp;Lire la suite &raquo;Dates d\u2019ouverture des chasses \u00ab au gros gibier \u00bb de plus en plus pr\u00e9coces","og_url":"https:\/\/comite-ecologique-ariegeois.org\/?p=8616","og_site_name":"Comit\u00e9 Ecologique Ari\u00e8geois","article_publisher":"https:\/\/www.facebook.com\/comite.ariegeois\/","article_published_time":"2025-03-04T20:32:27+00:00","article_modified_time":"2025-03-23T18:45:48+00:00","og_image":[{"width":1000,"height":935,"url":"https:\/\/comite-ecologique-ariegeois.org\/wp-content\/uploads\/2025\/02\/Photo-Dessin-CEA_NX-1.jpg","type":"image\/jpeg"}],"author":"cea09-st4","twitter_card":"summary_large_image","twitter_misc":{"\u00c9crit par":"cea09-st4","Dur\u00e9e de lecture estim\u00e9e":"2 minutes"},"schema":{"@context":"https:\/\/schema.org","@graph":[{"@type":"Article","@id":"https:\/\/comite-ecologique-ariegeois.org\/?p=8616#article","isPartOf":{"@id":"https:\/\/comite-ecologique-ariegeois.org\/?p=8616"},"author":{"name":"cea09-st4","@id":"https:\/\/comite-ecologique-ariegeois.org\/#\/schema\/person\/92832aceca7f67aaae98ddf77791dda0"},"headline":"Dates d\u2019ouverture des chasses \u00ab au gros gibier \u00bb de plus en plus pr\u00e9coces","datePublished":"2025-03-04T20:32:27+00:00","dateModified":"2025-03-23T18:45:48+00:00","mainEntityOfPage":{"@id":"https:\/\/comite-ecologique-ariegeois.org\/?p=8616"},"wordCount":307,"commentCount":0,"publisher":{"@id":"https:\/\/comite-ecologique-ariegeois.org\/#organization"},"image":{"@id":"https:\/\/comite-ecologique-ariegeois.org\/?p=8616#primaryimage"},"thumbnailUrl":"https:\/\/comite-ecologique-ariegeois.org\/wp-content\/uploads\/2025\/02\/Photo-Dessin-CEA_NX-1.jpg","inLanguage":"fr-FR","potentialAction":[{"@type":"CommentAction","name":"Comment","target":["https:\/\/comite-ecologique-ariegeois.org\/?p=8616#respond"]}]},{"@type":"WebPage","@id":"https:\/\/comite-ecologique-ariegeois.org\/?p=8616","url":"https:\/\/comite-ecologique-ariegeois.org\/?p=8616","name":"Dates d\u2019ouverture des chasses \u00ab au gros gibier \u00bb de plus en plus pr\u00e9coces - Comit\u00e9 Ecologique Ari\u00e8geois","isPartOf":{"@id":"https:\/\/comite-ecologique-ariegeois.org\/#website"},"primaryImageOfPage":{"@id":"https:\/\/comite-ecologique-ariegeois.org\/?p=8616#primaryimage"},"image":{"@id":"https:\/\/comite-ecologique-ariegeois.org\/?p=8616#primaryimage"},"thumbnailUrl":"https:\/\/comite-ecologique-ariegeois.org\/wp-content\/uploads\/2025\/02\/Photo-Dessin-CEA_NX-1.jpg","datePublished":"2025-03-04T20:32:27+00:00","dateModified":"2025-03-23T18:45:48+00:00","breadcrumb":{"@id":"https:\/\/comite-ecologique-ariegeois.org\/?p=8616#breadcrumb"},"inLanguage":"fr-FR","potentialAction":[{"@type":"ReadAction","target":["https:\/\/comite-ecologique-ariegeois.org\/?p=8616"]}]},{"@type":"ImageObject","inLanguage":"fr-FR","@id":"https:\/\/comite-ecologique-ariegeois.org\/?p=8616#primaryimage","url":"https:\/\/comite-ecologique-ariegeois.org\/wp-content\/uploads\/2025\/02\/Photo-Dessin-CEA_NX-1.jpg","contentUrl":"https:\/\/comite-ecologique-ariegeois.org\/wp-content\/uploads\/2025\/02\/Photo-Dessin-CEA_NX-1.jpg","width":1000,"height":935},{"@type":"BreadcrumbList","@id":"https:\/\/comite-ecologique-ariegeois.org\/?p=8616#breadcrumb","itemListElement":[{"@type":"ListItem","position":1,"name":"Accueil","item":"https:\/\/comite-ecologique-ariegeois.org\/"},{"@type":"ListItem","position":2,"name":"Dates d\u2019ouverture des chasses \u00ab au gros gibier \u00bb de plus en plus pr\u00e9coces"}]},{"@type":"WebSite","@id":"https:\/\/comite-ecologique-ariegeois.org\/#website","url":"https:\/\/comite-ecologique-ariegeois.org\/","name":"Comit\u00e9 Ecologique Ari\u00e8geois","description":"Assotiation de protection de la nature","publisher":{"@id":"https:\/\/comite-ecologique-ariegeois.org\/#organization"},"potentialAction":[{"@type":"SearchAction","target":{"@type":"EntryPoint","urlTemplate":"https:\/\/comite-ecologique-ariegeois.org\/?s={search_term_string}"},"query-input":{"@type":"PropertyValueSpecification","valueRequired":true,"valueName":"search_term_string"}}],"inLanguage":"fr-FR"},{"@type":"Organization","@id":"https:\/\/comite-ecologique-ariegeois.org\/#organization","name":"Comit\u00e9 Ecologique Ari\u00e8geois","url":"https:\/\/comite-ecologique-ariegeois.org\/","logo":{"@type":"ImageObject","inLanguage":"fr-FR","@id":"https:\/\/comite-ecologique-ariegeois.org\/#\/schema\/logo\/image\/","url":"https:\/\/comite-ecologique-ariegeois.org\/wp-content\/uploads\/2025\/01\/logo_nouveau_cea_jpeg_250pix_02_03_24-a8816.jpg","contentUrl":"https:\/\/comite-ecologique-ariegeois.org\/wp-content\/uploads\/2025\/01\/logo_nouveau_cea_jpeg_250pix_02_03_24-a8816.jpg","width":250,"height":250,"caption":"Comit\u00e9 Ecologique Ari\u00e8geois"},"image":{"@id":"https:\/\/comite-ecologique-ariegeois.org\/#\/schema\/logo\/image\/"},"sameAs":["https:\/\/www.facebook.com\/comite.ariegeois\/","https:\/\/www.instagram.com\/comite.ecologique.ariegeois\/"]},{"@type":"Person","@id":"https:\/\/comite-ecologique-ariegeois.org\/#\/schema\/person\/92832aceca7f67aaae98ddf77791dda0","name":"cea09-st4","image":{"@type":"ImageObject","inLanguage":"fr-FR","@id":"https:\/\/comite-ecologique-ariegeois.org\/#\/schema\/person\/image\/","url":"https:\/\/secure.gravatar.com\/avatar\/6c1e54f1c3cdbc81114e9356511baf721289245e579c1e86c77f3020b7237718?s=96&d=mm&r=g","contentUrl":"https:\/\/secure.gravatar.com\/avatar\/6c1e54f1c3cdbc81114e9356511baf721289245e579c1e86c77f3020b7237718?s=96&d=mm&r=g","caption":"cea09-st4"},"url":"https:\/\/comite-ecologique-ariegeois.org\/?author=2"}]}},"_links":{"self":[{"href":"https:\/\/comite-ecologique-ariegeois.org\/index.php?rest_route=\/wp\/v2\/posts\/8616","targetHints":{"allow":["GET"]}}],"collection":[{"href":"https:\/\/comite-ecologique-ariegeois.org\/index.php?rest_route=\/wp\/v2\/posts"}],"about":[{"href":"https:\/\/comite-ecologique-ariegeois.org\/index.php?rest_route=\/wp\/v2\/types\/post"}],"author":[{"embeddable":true,"href":"https:\/\/comite-ecologique-ariegeois.org\/index.php?rest_route=\/wp\/v2\/users\/2"}],"replies":[{"embeddable":true,"href":"https:\/\/comite-ecologique-ariegeois.org\/index.php?rest_route=%2Fwp%2Fv2%2Fcomments&post=8616"}],"version-history":[{"count":3,"href":"https:\/\/comite-ecologique-ariegeois.org\/index.php?rest_route=\/wp\/v2\/posts\/8616\/revisions"}],"predecessor-version":[{"id":8914,"href":"https:\/\/comite-ecologique-ariegeois.org\/index.php?rest_route=\/wp\/v2\/posts\/8616\/revisions\/8914"}],"wp:featuredmedia":[{"embeddable":true,"href":"https:\/\/comite-ecologique-ariegeois.org\/index.php?rest_route=\/wp\/v2\/media\/8452"}],"wp:attachment":[{"href":"https:\/\/comite-ecologique-ariegeois.org\/index.php?rest_route=%2Fwp%2Fv2%2Fmedia&parent=8616"}],"wp:term":[{"taxonomy":"category","embeddable":true,"href":"https:\/\/comite-ecologique-ariegeois.org\/index.php?rest_route=%2Fwp%2Fv2%2Fcategories&post=8616"},{"taxonomy":"post_tag","embeddable":true,"href":"https:\/\/comite-ecologique-ariegeois.org\/index.php?rest_route=%2Fwp%2Fv2%2Ftags&post=8616"}],"curies":[{"name":"wp","href":"https:\/\/api.w.org\/{rel}","templated":true}]}}