{"id":8442,"date":"2025-02-10T20:36:56","date_gmt":"2025-02-10T19:36:56","guid":{"rendered":"https:\/\/comite-ecologique-ariegeois.org\/?p=8442"},"modified":"2026-01-19T22:47:01","modified_gmt":"2026-01-19T21:47:01","slug":"appel-a-don-2025","status":"publish","type":"post","link":"https:\/\/comite-ecologique-ariegeois.org\/?p=8442","title":{"rendered":"Appel \u00e0 don"},"content":{"rendered":"\t\t<div data-elementor-type=\"wp-post\" data-elementor-id=\"8442\" class=\"elementor elementor-8442\">\n\t\t\t\t<div class=\"elementor-element elementor-element-f3ec31a e-flex e-con-boxed e-con e-parent\" data-id=\"f3ec31a\" data-element_type=\"container\">\n\t\t\t\t\t<div class=\"e-con-inner\">\n\t\t\t\t<div class=\"elementor-element elementor-element-7cfddb0 elementor-widget elementor-widget-text-editor\" data-id=\"7cfddb0\" data-element_type=\"widget\" data-widget_type=\"text-editor.default\">\n\t\t\t\t<div class=\"elementor-widget-container\">\n\t\t\t\t\t\t\t\t\t<p>Depuis 1979, le Comit\u00e9 \u00c9cologique Ari\u00e9geois a \u0153uvr\u00e9 de toutes les fa\u00e7ons possibles pour une meilleure prise en compte de l\u2019importance de la nature, des paysages, de la biodiversit\u00e9, de la qualit\u00e9 des cours d\u2019eau et des zones humides partout dans notre d\u00e9partement.<\/p><p>En \u00e9tant association agr\u00e9\u00e9e, en participant \u00e0 de nombreuses commissions et r\u00e9unions ayant trait \u00e0 l\u2019environnement, et \u00e0 toutes sortes de dialogues avec l\u2019administration ou les d\u00e9cideurs politiques.<\/p><p>Malheureusement, apr\u00e8s bient\u00f4t cinq d\u00e9cennies d\u2019existence, le constat est que nous ne sommes que tr\u00e8s rarement \u00e9cout\u00e9s, et qu\u2019en cons\u00e9quence, pour arriver \u00e0 notre but de pr\u00e9server le plus possible les espaces et les esp\u00e8ces, nous sommes oblig\u00e9s de passer bien souvent par l\u2019action juridique avec l\u2019aide de professionnels (avocats, juristes) motiv\u00e9s et tr\u00e8s exp\u00e9riment\u00e9s.<\/p><p><strong>Ces actions nous ont d\u00e9j\u00e0 permis par le pass\u00e9 de sauver de l\u2019urbanisation ou d\u2019am\u00e9nagements destructeurs des milliers d\u2019hectares en montagne, mais aussi des centaines d\u2019hectares en plaine, de r\u00e9duire consid\u00e9rablement ou de stopper la chasse d\u2019esp\u00e8ces montagnardes en d\u00e9clin et bien d\u2019autres succ\u00e8s parfois inesp\u00e9r\u00e9s.<\/strong><\/p><p><strong>Par ailleurs, nos requ\u00eates sur la pr\u00e9servation des espaces, quand elles ont abouti \u00e0 des succ\u00e8s, ce qui est tr\u00e8s souvent le cas, ont permis d\u2019\u00e9conomiser des millions d\u2019euros, car les projets combattus n\u2019avaient strictement aucune chance d\u2019atteindre un quelconque \u00e9quilibre \u00e9conomique, c\u2019est donc autant d\u2019argent \u00e9conomis\u00e9 qui, sinon, aurait \u00e9t\u00e9 immanquablement r\u00e9cup\u00e9r\u00e9 aupr\u00e8s du contribuable ari\u00e9geois.<\/strong><\/p><p>Cependant, ces actions que nous menons avec pers\u00e9v\u00e9rance ont un co\u00fbt et <strong>nous ne pourrons continuer \u00e0 les entreprendre que gr\u00e2ce \u00e0 votre soutien financier,<\/strong> c\u2019est pourquoi nous serions tr\u00e8s heureux que vous r\u00e9pondiez positivement \u00e0 notre APPEL \u00e0 DON. N\u2019oubliez pas que 66% de votre don est d\u00e9ductible des imp\u00f4ts sur le revenu.<\/p>\t\t\t\t\t\t\t\t<\/div>\n\t\t\t\t<\/div>\n\t\t\t\t<div class=\"elementor-element elementor-element-4077776 elementor-widget elementor-widget-button\" data-id=\"4077776\" data-element_type=\"widget\" data-widget_type=\"button.default\">\n\t\t\t\t<div class=\"elementor-widget-container\">\n\t\t\t\t\t\t\t\t\t<div class=\"elementor-button-wrapper\">\n\t\t\t\t\t<a class=\"elementor-button elementor-button-link elementor-size-sm elementor-animation-grow\" href=\"https:\/\/comite-ecologique-ariegeois.org\/?page_id=87\">\n\t\t\t\t\t\t<span class=\"elementor-button-content-wrapper\">\n\t\t\t\t\t\t\t\t\t<span class=\"elementor-button-text\">Pour aller plus loin : visitez notre page \"s'engager \u00e0 nos c\u00f4t\u00e9s\"<\/span>\n\t\t\t\t\t<\/span>\n\t\t\t\t\t<\/a>\n\t\t\t\t<\/div>\n\t\t\t\t\t\t\t\t<\/div>\n\t\t\t\t<\/div>\n\t\t\t\t\t<\/div>\n\t\t\t\t<\/div>\n\t\t\t\t<\/div>\n\t\t","protected":false},"excerpt":{"rendered":"<p>Depuis 1979, le Comit\u00e9 \u00c9cologique Ari\u00e9geois a \u0153uvr\u00e9 de toutes les fa\u00e7ons possibles pour une meilleure prise en compte de l\u2019importance de la nature, des paysages, de la biodiversit\u00e9, de la qualit\u00e9 des cours d\u2019eau et des zones humides partout dans notre d\u00e9partement. En \u00e9tant association agr\u00e9\u00e9e, en participant \u00e0 de nombreuses commissions et r\u00e9unions&hellip;&nbsp;<a href=\"https:\/\/comite-ecologique-ariegeois.org\/?p=8442\" rel=\"bookmark\">Lire la suite &raquo;<span class=\"screen-reader-text\">Appel \u00e0 don<\/span><\/a><\/p>\n","protected":false},"author":12,"featured_media":7949,"comment_status":"open","ping_status":"open","sticky":false,"template":"","format":"standard","meta":{"neve_meta_sidebar":"","neve_meta_container":"","neve_meta_enable_content_width":"","neve_meta_content_width":0,"neve_meta_title_alignment":"","neve_meta_author_avatar":"","neve_post_elements_order":"","neve_meta_disable_header":"","neve_meta_disable_footer":"","neve_meta_disable_title":"","footnotes":""},"categories":[1],"tags":[],"class_list":["post-8442","post","type-post","status-publish","format-standard","has-post-thumbnail","hentry","category-non-classe"],"yoast_head":"<!-- This site is optimized with the Yoast SEO plugin v26.4 - https:\/\/yoast.com\/wordpress\/plugins\/seo\/ -->\n<title>Appel \u00e0 don - Comit\u00e9 Ecologique Ari\u00e8geois<\/title>\n<meta name=\"robots\" content=\"index, follow, max-snippet:-1, max-image-preview:large, max-video-preview:-1\" \/>\n<link rel=\"canonical\" href=\"https:\/\/comite-ecologique-ariegeois.org\/?p=8442\" \/>\n<meta property=\"og:locale\" content=\"fr_FR\" \/>\n<meta property=\"og:type\" content=\"article\" \/>\n<meta property=\"og:title\" content=\"Appel \u00e0 don - Comit\u00e9 Ecologique Ari\u00e8geois\" \/>\n<meta property=\"og:description\" content=\"Depuis 1979, le Comit\u00e9 \u00c9cologique Ari\u00e9geois a \u0153uvr\u00e9 de toutes les fa\u00e7ons possibles pour une meilleure prise en compte de l\u2019importance de la nature, des paysages, de la biodiversit\u00e9, de la qualit\u00e9 des cours d\u2019eau et des zones humides partout dans notre d\u00e9partement. En \u00e9tant association agr\u00e9\u00e9e, en participant \u00e0 de nombreuses commissions et r\u00e9unions&hellip;&nbsp;Lire la suite &raquo;Appel \u00e0 don\" \/>\n<meta property=\"og:url\" content=\"https:\/\/comite-ecologique-ariegeois.org\/?p=8442\" \/>\n<meta property=\"og:site_name\" content=\"Comit\u00e9 Ecologique Ari\u00e8geois\" \/>\n<meta property=\"article:publisher\" content=\"https:\/\/www.facebook.com\/comite.ariegeois\/\" \/>\n<meta property=\"article:published_time\" content=\"2025-02-10T19:36:56+00:00\" \/>\n<meta property=\"article:modified_time\" content=\"2026-01-19T21:47:01+00:00\" \/>\n<meta property=\"og:image\" content=\"https:\/\/comite-ecologique-ariegeois.org\/wp-content\/uploads\/2025\/01\/logo_nouveau_cea_jpeg_250pix_02_03_24-a8816.jpg\" \/>\n\t<meta property=\"og:image:width\" content=\"250\" \/>\n\t<meta property=\"og:image:height\" content=\"250\" \/>\n\t<meta property=\"og:image:type\" content=\"image\/jpeg\" \/>\n<meta name=\"author\" content=\"Thierry de Noblens\" \/>\n<meta name=\"twitter:card\" content=\"summary_large_image\" \/>\n<meta name=\"twitter:label1\" content=\"\u00c9crit par\" \/>\n\t<meta name=\"twitter:data1\" content=\"Thierry de Noblens\" \/>\n\t<meta name=\"twitter:label2\" content=\"Dur\u00e9e de lecture estim\u00e9e\" \/>\n\t<meta name=\"twitter:data2\" content=\"2 minutes\" \/>\n<script type=\"application\/ld+json\" class=\"yoast-schema-graph\">{\"@context\":\"https:\/\/schema.org\",\"@graph\":[{\"@type\":\"Article\",\"@id\":\"https:\/\/comite-ecologique-ariegeois.org\/?p=8442#article\",\"isPartOf\":{\"@id\":\"https:\/\/comite-ecologique-ariegeois.org\/?p=8442\"},\"author\":{\"name\":\"Thierry de Noblens\",\"@id\":\"https:\/\/comite-ecologique-ariegeois.org\/#\/schema\/person\/b7e5d45315905890ba115beac28c648b\"},\"headline\":\"Appel \u00e0 don\",\"datePublished\":\"2025-02-10T19:36:56+00:00\",\"dateModified\":\"2026-01-19T21:47:01+00:00\",\"mainEntityOfPage\":{\"@id\":\"https:\/\/comite-ecologique-ariegeois.org\/?p=8442\"},\"wordCount\":353,\"commentCount\":0,\"publisher\":{\"@id\":\"https:\/\/comite-ecologique-ariegeois.org\/#organization\"},\"image\":{\"@id\":\"https:\/\/comite-ecologique-ariegeois.org\/?p=8442#primaryimage\"},\"thumbnailUrl\":\"https:\/\/comite-ecologique-ariegeois.org\/wp-content\/uploads\/2025\/01\/logo_nouveau_cea_jpeg_250pix_02_03_24-a8816.jpg\",\"inLanguage\":\"fr-FR\",\"potentialAction\":[{\"@type\":\"CommentAction\",\"name\":\"Comment\",\"target\":[\"https:\/\/comite-ecologique-ariegeois.org\/?p=8442#respond\"]}]},{\"@type\":\"WebPage\",\"@id\":\"https:\/\/comite-ecologique-ariegeois.org\/?p=8442\",\"url\":\"https:\/\/comite-ecologique-ariegeois.org\/?p=8442\",\"name\":\"Appel \u00e0 don - Comit\u00e9 Ecologique Ari\u00e8geois\",\"isPartOf\":{\"@id\":\"https:\/\/comite-ecologique-ariegeois.org\/#website\"},\"primaryImageOfPage\":{\"@id\":\"https:\/\/comite-ecologique-ariegeois.org\/?p=8442#primaryimage\"},\"image\":{\"@id\":\"https:\/\/comite-ecologique-ariegeois.org\/?p=8442#primaryimage\"},\"thumbnailUrl\":\"https:\/\/comite-ecologique-ariegeois.org\/wp-content\/uploads\/2025\/01\/logo_nouveau_cea_jpeg_250pix_02_03_24-a8816.jpg\",\"datePublished\":\"2025-02-10T19:36:56+00:00\",\"dateModified\":\"2026-01-19T21:47:01+00:00\",\"breadcrumb\":{\"@id\":\"https:\/\/comite-ecologique-ariegeois.org\/?p=8442#breadcrumb\"},\"inLanguage\":\"fr-FR\",\"potentialAction\":[{\"@type\":\"ReadAction\",\"target\":[\"https:\/\/comite-ecologique-ariegeois.org\/?p=8442\"]}]},{\"@type\":\"ImageObject\",\"inLanguage\":\"fr-FR\",\"@id\":\"https:\/\/comite-ecologique-ariegeois.org\/?p=8442#primaryimage\",\"url\":\"https:\/\/comite-ecologique-ariegeois.org\/wp-content\/uploads\/2025\/01\/logo_nouveau_cea_jpeg_250pix_02_03_24-a8816.jpg\",\"contentUrl\":\"https:\/\/comite-ecologique-ariegeois.org\/wp-content\/uploads\/2025\/01\/logo_nouveau_cea_jpeg_250pix_02_03_24-a8816.jpg\",\"width\":250,\"height\":250},{\"@type\":\"BreadcrumbList\",\"@id\":\"https:\/\/comite-ecologique-ariegeois.org\/?p=8442#breadcrumb\",\"itemListElement\":[{\"@type\":\"ListItem\",\"position\":1,\"name\":\"Accueil\",\"item\":\"https:\/\/comite-ecologique-ariegeois.org\/\"},{\"@type\":\"ListItem\",\"position\":2,\"name\":\"Appel \u00e0 don\"}]},{\"@type\":\"WebSite\",\"@id\":\"https:\/\/comite-ecologique-ariegeois.org\/#website\",\"url\":\"https:\/\/comite-ecologique-ariegeois.org\/\",\"name\":\"Comit\u00e9 Ecologique Ari\u00e8geois\",\"description\":\"Assotiation de protection de la nature\",\"publisher\":{\"@id\":\"https:\/\/comite-ecologique-ariegeois.org\/#organization\"},\"potentialAction\":[{\"@type\":\"SearchAction\",\"target\":{\"@type\":\"EntryPoint\",\"urlTemplate\":\"https:\/\/comite-ecologique-ariegeois.org\/?s={search_term_string}\"},\"query-input\":{\"@type\":\"PropertyValueSpecification\",\"valueRequired\":true,\"valueName\":\"search_term_string\"}}],\"inLanguage\":\"fr-FR\"},{\"@type\":\"Organization\",\"@id\":\"https:\/\/comite-ecologique-ariegeois.org\/#organization\",\"name\":\"Comit\u00e9 Ecologique Ari\u00e8geois\",\"url\":\"https:\/\/comite-ecologique-ariegeois.org\/\",\"logo\":{\"@type\":\"ImageObject\",\"inLanguage\":\"fr-FR\",\"@id\":\"https:\/\/comite-ecologique-ariegeois.org\/#\/schema\/logo\/image\/\",\"url\":\"https:\/\/comite-ecologique-ariegeois.org\/wp-content\/uploads\/2025\/01\/logo_nouveau_cea_jpeg_250pix_02_03_24-a8816.jpg\",\"contentUrl\":\"https:\/\/comite-ecologique-ariegeois.org\/wp-content\/uploads\/2025\/01\/logo_nouveau_cea_jpeg_250pix_02_03_24-a8816.jpg\",\"width\":250,\"height\":250,\"caption\":\"Comit\u00e9 Ecologique Ari\u00e8geois\"},\"image\":{\"@id\":\"https:\/\/comite-ecologique-ariegeois.org\/#\/schema\/logo\/image\/\"},\"sameAs\":[\"https:\/\/www.facebook.com\/comite.ariegeois\/\",\"https:\/\/www.instagram.com\/comite.ecologique.ariegeois\/\"]},{\"@type\":\"Person\",\"@id\":\"https:\/\/comite-ecologique-ariegeois.org\/#\/schema\/person\/b7e5d45315905890ba115beac28c648b\",\"name\":\"Thierry de Noblens\",\"image\":{\"@type\":\"ImageObject\",\"inLanguage\":\"fr-FR\",\"@id\":\"https:\/\/comite-ecologique-ariegeois.org\/#\/schema\/person\/image\/\",\"url\":\"https:\/\/secure.gravatar.com\/avatar\/213318839cda8eb1e33428b1075d632c04b7b9341d25f8b92dbf02508916b309?s=96&d=mm&r=g\",\"contentUrl\":\"https:\/\/secure.gravatar.com\/avatar\/213318839cda8eb1e33428b1075d632c04b7b9341d25f8b92dbf02508916b309?s=96&d=mm&r=g\",\"caption\":\"Thierry de Noblens\"},\"url\":\"https:\/\/comite-ecologique-ariegeois.org\/?author=12\"}]}<\/script>\n<!-- \/ Yoast SEO plugin. -->","yoast_head_json":{"title":"Appel \u00e0 don - Comit\u00e9 Ecologique Ari\u00e8geois","robots":{"index":"index","follow":"follow","max-snippet":"max-snippet:-1","max-image-preview":"max-image-preview:large","max-video-preview":"max-video-preview:-1"},"canonical":"https:\/\/comite-ecologique-ariegeois.org\/?p=8442","og_locale":"fr_FR","og_type":"article","og_title":"Appel \u00e0 don - Comit\u00e9 Ecologique Ari\u00e8geois","og_description":"Depuis 1979, le Comit\u00e9 \u00c9cologique Ari\u00e9geois a \u0153uvr\u00e9 de toutes les fa\u00e7ons possibles pour une meilleure prise en compte de l\u2019importance de la nature, des paysages, de la biodiversit\u00e9, de la qualit\u00e9 des cours d\u2019eau et des zones humides partout dans notre d\u00e9partement. En \u00e9tant association agr\u00e9\u00e9e, en participant \u00e0 de nombreuses commissions et r\u00e9unions&hellip;&nbsp;Lire la suite &raquo;Appel \u00e0 don","og_url":"https:\/\/comite-ecologique-ariegeois.org\/?p=8442","og_site_name":"Comit\u00e9 Ecologique Ari\u00e8geois","article_publisher":"https:\/\/www.facebook.com\/comite.ariegeois\/","article_published_time":"2025-02-10T19:36:56+00:00","article_modified_time":"2026-01-19T21:47:01+00:00","og_image":[{"width":250,"height":250,"url":"https:\/\/comite-ecologique-ariegeois.org\/wp-content\/uploads\/2025\/01\/logo_nouveau_cea_jpeg_250pix_02_03_24-a8816.jpg","type":"image\/jpeg"}],"author":"Thierry de Noblens","twitter_card":"summary_large_image","twitter_misc":{"\u00c9crit par":"Thierry de Noblens","Dur\u00e9e de lecture estim\u00e9e":"2 minutes"},"schema":{"@context":"https:\/\/schema.org","@graph":[{"@type":"Article","@id":"https:\/\/comite-ecologique-ariegeois.org\/?p=8442#article","isPartOf":{"@id":"https:\/\/comite-ecologique-ariegeois.org\/?p=8442"},"author":{"name":"Thierry de Noblens","@id":"https:\/\/comite-ecologique-ariegeois.org\/#\/schema\/person\/b7e5d45315905890ba115beac28c648b"},"headline":"Appel \u00e0 don","datePublished":"2025-02-10T19:36:56+00:00","dateModified":"2026-01-19T21:47:01+00:00","mainEntityOfPage":{"@id":"https:\/\/comite-ecologique-ariegeois.org\/?p=8442"},"wordCount":353,"commentCount":0,"publisher":{"@id":"https:\/\/comite-ecologique-ariegeois.org\/#organization"},"image":{"@id":"https:\/\/comite-ecologique-ariegeois.org\/?p=8442#primaryimage"},"thumbnailUrl":"https:\/\/comite-ecologique-ariegeois.org\/wp-content\/uploads\/2025\/01\/logo_nouveau_cea_jpeg_250pix_02_03_24-a8816.jpg","inLanguage":"fr-FR","potentialAction":[{"@type":"CommentAction","name":"Comment","target":["https:\/\/comite-ecologique-ariegeois.org\/?p=8442#respond"]}]},{"@type":"WebPage","@id":"https:\/\/comite-ecologique-ariegeois.org\/?p=8442","url":"https:\/\/comite-ecologique-ariegeois.org\/?p=8442","name":"Appel \u00e0 don - Comit\u00e9 Ecologique Ari\u00e8geois","isPartOf":{"@id":"https:\/\/comite-ecologique-ariegeois.org\/#website"},"primaryImageOfPage":{"@id":"https:\/\/comite-ecologique-ariegeois.org\/?p=8442#primaryimage"},"image":{"@id":"https:\/\/comite-ecologique-ariegeois.org\/?p=8442#primaryimage"},"thumbnailUrl":"https:\/\/comite-ecologique-ariegeois.org\/wp-content\/uploads\/2025\/01\/logo_nouveau_cea_jpeg_250pix_02_03_24-a8816.jpg","datePublished":"2025-02-10T19:36:56+00:00","dateModified":"2026-01-19T21:47:01+00:00","breadcrumb":{"@id":"https:\/\/comite-ecologique-ariegeois.org\/?p=8442#breadcrumb"},"inLanguage":"fr-FR","potentialAction":[{"@type":"ReadAction","target":["https:\/\/comite-ecologique-ariegeois.org\/?p=8442"]}]},{"@type":"ImageObject","inLanguage":"fr-FR","@id":"https:\/\/comite-ecologique-ariegeois.org\/?p=8442#primaryimage","url":"https:\/\/comite-ecologique-ariegeois.org\/wp-content\/uploads\/2025\/01\/logo_nouveau_cea_jpeg_250pix_02_03_24-a8816.jpg","contentUrl":"https:\/\/comite-ecologique-ariegeois.org\/wp-content\/uploads\/2025\/01\/logo_nouveau_cea_jpeg_250pix_02_03_24-a8816.jpg","width":250,"height":250},{"@type":"BreadcrumbList","@id":"https:\/\/comite-ecologique-ariegeois.org\/?p=8442#breadcrumb","itemListElement":[{"@type":"ListItem","position":1,"name":"Accueil","item":"https:\/\/comite-ecologique-ariegeois.org\/"},{"@type":"ListItem","position":2,"name":"Appel \u00e0 don"}]},{"@type":"WebSite","@id":"https:\/\/comite-ecologique-ariegeois.org\/#website","url":"https:\/\/comite-ecologique-ariegeois.org\/","name":"Comit\u00e9 Ecologique Ari\u00e8geois","description":"Assotiation de protection de la nature","publisher":{"@id":"https:\/\/comite-ecologique-ariegeois.org\/#organization"},"potentialAction":[{"@type":"SearchAction","target":{"@type":"EntryPoint","urlTemplate":"https:\/\/comite-ecologique-ariegeois.org\/?s={search_term_string}"},"query-input":{"@type":"PropertyValueSpecification","valueRequired":true,"valueName":"search_term_string"}}],"inLanguage":"fr-FR"},{"@type":"Organization","@id":"https:\/\/comite-ecologique-ariegeois.org\/#organization","name":"Comit\u00e9 Ecologique Ari\u00e8geois","url":"https:\/\/comite-ecologique-ariegeois.org\/","logo":{"@type":"ImageObject","inLanguage":"fr-FR","@id":"https:\/\/comite-ecologique-ariegeois.org\/#\/schema\/logo\/image\/","url":"https:\/\/comite-ecologique-ariegeois.org\/wp-content\/uploads\/2025\/01\/logo_nouveau_cea_jpeg_250pix_02_03_24-a8816.jpg","contentUrl":"https:\/\/comite-ecologique-ariegeois.org\/wp-content\/uploads\/2025\/01\/logo_nouveau_cea_jpeg_250pix_02_03_24-a8816.jpg","width":250,"height":250,"caption":"Comit\u00e9 Ecologique Ari\u00e8geois"},"image":{"@id":"https:\/\/comite-ecologique-ariegeois.org\/#\/schema\/logo\/image\/"},"sameAs":["https:\/\/www.facebook.com\/comite.ariegeois\/","https:\/\/www.instagram.com\/comite.ecologique.ariegeois\/"]},{"@type":"Person","@id":"https:\/\/comite-ecologique-ariegeois.org\/#\/schema\/person\/b7e5d45315905890ba115beac28c648b","name":"Thierry de Noblens","image":{"@type":"ImageObject","inLanguage":"fr-FR","@id":"https:\/\/comite-ecologique-ariegeois.org\/#\/schema\/person\/image\/","url":"https:\/\/secure.gravatar.com\/avatar\/213318839cda8eb1e33428b1075d632c04b7b9341d25f8b92dbf02508916b309?s=96&d=mm&r=g","contentUrl":"https:\/\/secure.gravatar.com\/avatar\/213318839cda8eb1e33428b1075d632c04b7b9341d25f8b92dbf02508916b309?s=96&d=mm&r=g","caption":"Thierry de Noblens"},"url":"https:\/\/comite-ecologique-ariegeois.org\/?author=12"}]}},"_links":{"self":[{"href":"https:\/\/comite-ecologique-ariegeois.org\/index.php?rest_route=\/wp\/v2\/posts\/8442","targetHints":{"allow":["GET"]}}],"collection":[{"href":"https:\/\/comite-ecologique-ariegeois.org\/index.php?rest_route=\/wp\/v2\/posts"}],"about":[{"href":"https:\/\/comite-ecologique-ariegeois.org\/index.php?rest_route=\/wp\/v2\/types\/post"}],"author":[{"embeddable":true,"href":"https:\/\/comite-ecologique-ariegeois.org\/index.php?rest_route=\/wp\/v2\/users\/12"}],"replies":[{"embeddable":true,"href":"https:\/\/comite-ecologique-ariegeois.org\/index.php?rest_route=%2Fwp%2Fv2%2Fcomments&post=8442"}],"version-history":[{"count":20,"href":"https:\/\/comite-ecologique-ariegeois.org\/index.php?rest_route=\/wp\/v2\/posts\/8442\/revisions"}],"predecessor-version":[{"id":10983,"href":"https:\/\/comite-ecologique-ariegeois.org\/index.php?rest_route=\/wp\/v2\/posts\/8442\/revisions\/10983"}],"wp:featuredmedia":[{"embeddable":true,"href":"https:\/\/comite-ecologique-ariegeois.org\/index.php?rest_route=\/wp\/v2\/media\/7949"}],"wp:attachment":[{"href":"https:\/\/comite-ecologique-ariegeois.org\/index.php?rest_route=%2Fwp%2Fv2%2Fmedia&parent=8442"}],"wp:term":[{"taxonomy":"category","embeddable":true,"href":"https:\/\/comite-ecologique-ariegeois.org\/index.php?rest_route=%2Fwp%2Fv2%2Fcategories&post=8442"},{"taxonomy":"post_tag","embeddable":true,"href":"https:\/\/comite-ecologique-ariegeois.org\/index.php?rest_route=%2Fwp%2Fv2%2Ftags&post=8442"}],"curies":[{"name":"wp","href":"https:\/\/api.w.org\/{rel}","templated":true}]}}