{"id":7236,"date":"2024-12-26T20:19:44","date_gmt":"2024-12-26T19:19:44","guid":{"rendered":"https:\/\/comite-ecologique-ariegeois.org\/?p=7236"},"modified":"2025-01-31T11:20:14","modified_gmt":"2025-01-31T10:20:14","slug":"reconnaitre-les-cours-deau-pour-les-proteger","status":"publish","type":"post","link":"https:\/\/comite-ecologique-ariegeois.org\/?p=7236","title":{"rendered":"Quand l&rsquo;\u00e9tat et la FNSEA redessinent la carte des cours d\u2019eau"},"content":{"rendered":"\t\t<div data-elementor-type=\"wp-post\" data-elementor-id=\"7236\" class=\"elementor elementor-7236\">\n\t\t\t\t<div class=\"elementor-element elementor-element-babb00e e-flex e-con-boxed e-con e-parent\" data-id=\"babb00e\" data-element_type=\"container\">\n\t\t\t\t\t<div class=\"e-con-inner\">\n\t\t\t\t<div class=\"elementor-element elementor-element-b36f712 elementor-widget elementor-widget-text-editor\" data-id=\"b36f712\" data-element_type=\"widget\" data-widget_type=\"text-editor.default\">\n\t\t\t\t<div class=\"elementor-widget-container\">\n\t\t\t\t\t\t\t\t\t<p><em>Ce sujet concerne tous les d\u00e9partements mais la mobilisation Ari\u00e9geoise a \u00e9t\u00e9 particuli\u00e8rement importante et relay\u00e9e dans les m\u00e9dias. C&rsquo;est d&rsquo;ailleurs \u00e0 travers des extraits d&rsquo;articles de presse que nous allons r\u00e9sumer ce sujet.<\/em><\/p>\t\t\t\t\t\t\t\t<\/div>\n\t\t\t\t<\/div>\n\t\t\t\t<div class=\"elementor-element elementor-element-04ef26c elementor-widget elementor-widget-heading\" data-id=\"04ef26c\" data-element_type=\"widget\" data-widget_type=\"heading.default\">\n\t\t\t\t<div class=\"elementor-widget-container\">\n\t\t\t\t\t<h4 class=\"elementor-heading-title elementor-size-default\"><a href=\"https:\/\/reporterre.net\/Quand-le-gouvernement-et-la-FNSEA-redessinent-la-carte-des-cours-d-eau\">Extraits de Reporterre 27\/02\/2017 : Quand le gouvernement et la FNSEA redessinent la carte des cours d\u2019eau\n<\/a><\/h4>\t\t\t\t<\/div>\n\t\t\t\t<\/div>\n\t\t\t\t<div class=\"elementor-element elementor-element-69f2405 elementor-widget elementor-widget-text-editor\" data-id=\"69f2405\" data-element_type=\"widget\" data-widget_type=\"text-editor.default\">\n\t\t\t\t<div class=\"elementor-widget-container\">\n\t\t\t\t\t\t\t\t\t<p>La loi sur l\u2019eau de 2006 vise \u00e0 retrouver un \u00ab<small class=\"fine d-inline\">\u00a0<\/small>bon \u00e9tat<small class=\"fine d-inline\">\u00a0<\/small>\u00bb \u00e9cologique des masses d\u2019eau douce. Mais discr\u00e8tement, pour complaire \u00e0 la <span class=\"caps\">FNSEA<\/span>, le gouvernement a entrepris de soustraire une partie des cours d\u2019eau \u00e0 l\u2019application de la loi.<\/p><p>Manuel Valls, [alors] Premier ministre, d\u00e9cide de se soumettre au lobby agricole, et commande en novembre 2014 un rapport sur \u00ab\u00a0la mise en \u0153uvre des contr\u00f4les\u00a0\u00bb de terrain \u00e0 la d\u00e9put\u00e9e socialiste de l\u2019Ari\u00e8ge Fr\u00e9d\u00e9rique Massat. Le texte, publi\u00e9 fin mai\u00a02015, ne peut que combler la FNSEA, car il prend parti, jusqu\u2019\u00e0 la caricature. On y lit par exemple cette phrase d\u2019anthologie, qui ridiculise toute inspection de terrain\u00a0: \u00ab\u00a0La mission recommande qu\u2019aucun constat de non-conformit\u00e9 ne soit dress\u00e9 pour des points de contr\u00f4le dont les r\u00e8gles n\u2019auraient pas \u00e9t\u00e9 port\u00e9es \u00e0 la connaissance des agriculteurs en temps utile\u00a0\u00bb.\u00a0<\/p><p>En somme, nul n\u2019est cens\u00e9 ignorer la loi, sauf les paysans. Au-del\u00e0, le rapport ouvre une porte \u00e0 des enjeux plus lourds encore, en r\u00e9clamant la r\u00e9alisation de cartes des cours d\u2019eau, d\u00e9partement par d\u00e9partement. Pour la FNSEA, c\u2019est d\u00e9cisif, car si un ru ou un ruisseau ne sont plus consid\u00e9r\u00e9s comme des cours d\u2019eau, ils ne rel\u00e8vent \u00e9videmment plus de la loi qui les prot\u00e8ge.<\/p>\t\t\t\t\t\t\t\t<\/div>\n\t\t\t\t<\/div>\n\t\t\t\t<div class=\"elementor-element elementor-element-09d181c elementor-widget elementor-widget-heading\" data-id=\"09d181c\" data-element_type=\"widget\" data-widget_type=\"heading.default\">\n\t\t\t\t<div class=\"elementor-widget-container\">\n\t\t\t\t\t<h4 class=\"elementor-heading-title elementor-size-default\"><a href=\"https:\/\/reporterre.net\/Course-contre-la-montre-pour-sauver-les-cours-d-eau\">Extrait de Reporterre (19\/02\/2018 : Course contre la montre pour sauver les cours d'eau (reportage r\u00e9alis\u00e9 en Ari\u00e8ge)<\/a><\/h4>\t\t\t\t<\/div>\n\t\t\t\t<\/div>\n\t\t\t\t<div class=\"elementor-element elementor-element-0a1d4b3 elementor-widget elementor-widget-text-editor\" data-id=\"0a1d4b3\" data-element_type=\"widget\" data-widget_type=\"text-editor.default\">\n\t\t\t\t<div class=\"elementor-widget-container\">\n\t\t\t\t\t\t\t\t\t<p>Au d\u00e9part, lors du lancement de l\u2019op\u00e9ration d\u2019identification en 2016, seuls les cours d\u2019eau les plus \u00e9vidents \u00e9taient en bleu sur la carte : l\u2019Ari\u00e8ge, la L\u00e8ze, l\u2019Arize et leurs principaux affluents. Le reste \u2014 une myriade de rus, ruisselets, ruisseaux souvent situ\u00e9e en amont des fleuves \u2014 se retrouve teint\u00e9 d\u2019un rouge inqui\u00e9tant.<\/p>\t\t\t\t\t\t\t\t<\/div>\n\t\t\t\t<\/div>\n\t\t\t\t<div class=\"elementor-element elementor-element-af04592 elementor-widget elementor-widget-heading\" data-id=\"af04592\" data-element_type=\"widget\" data-widget_type=\"heading.default\">\n\t\t\t\t<div class=\"elementor-widget-container\">\n\t\t\t\t\t<h4 class=\"elementor-heading-title elementor-size-default\"><a href=\"https:\/\/reporterre.net\/Des-milliers-de-cours-d-eau-sont-rayes-de-la-carte-de-France-et-s-ouvrent-aux\">Extrait de Reporterre (20\/02\/2018) : Des milliers de cours d\u2019eau sont ray\u00e9s de la carte de France, et s\u2019ouvrent aux pesticides<\/a><\/h4>\t\t\t\t<\/div>\n\t\t\t\t<\/div>\n\t\t\t\t<div class=\"elementor-element elementor-element-f785c17 elementor-widget elementor-widget-text-editor\" data-id=\"f785c17\" data-element_type=\"widget\" data-widget_type=\"text-editor.default\">\n\t\t\t\t<div class=\"elementor-widget-container\">\n\t\t\t\t\t\t\t\t\t<p>\u00ab\u00a0Sous la pression de la profession agricole, ruisseaux, rus et ruisselets perdent tour \u00e0 tour leur d\u00e9nomination de cours d\u2019eau pour devenir foss\u00e9, canal ou ravine. Or, sans ce statut protecteur, ces innombrables petits bras aquatiques se retrouvent hors des normes limitant les \u00e9pandages phytosanitaires, les travaux de calibrage, les constructions et autres barrages hydrauliques.<\/p>\t\t\t\t\t\t\t\t<\/div>\n\t\t\t\t<\/div>\n\t\t\t\t<div class=\"elementor-element elementor-element-090da21 elementor-widget elementor-widget-heading\" data-id=\"090da21\" data-element_type=\"widget\" data-widget_type=\"heading.default\">\n\t\t\t\t<div class=\"elementor-widget-container\">\n\t\t\t\t\t<h4 class=\"elementor-heading-title elementor-size-default\"><a href=\"https:\/\/reporterre.net\/Le-gouvernement-laisse-les-cours-d-eau-a-la-merci-des-pesticides?utm_source=newsletter&#038;utm_medium=email&#038;utm_campaign=nl_quotidienne\">Extrait de Reporterre (30\/01\/2020 : Le gouvernement laisse les cours d\u2019eau \u00e0 la merci des pesticides<\/a><\/h4>\t\t\t\t<\/div>\n\t\t\t\t<\/div>\n\t\t\t\t<div class=\"elementor-element elementor-element-c6052af elementor-widget elementor-widget-text-editor\" data-id=\"c6052af\" data-element_type=\"widget\" data-widget_type=\"text-editor.default\">\n\t\t\t\t<div class=\"elementor-widget-container\">\n\t\t\t\t\t\t\t\t\t<p>\u00ab Le plus simple aurait \u00e9t\u00e9 que le gouvernement demande aux pr\u00e9fets de rectifier leurs arr\u00eat\u00e9s \u00bb C\u2019est d\u2019ailleurs ce qu\u2019a reconnu le Conseil d\u2019\u00c9tat dans une d\u00e9cision du 26 juin 2019. En s\u2019appuyant sur \u00ab le principe de non-r\u00e9gression, selon lequel la protection de l\u2019environnement ne peut faire l\u2019objet que d\u2019une am\u00e9lioration constante \u00bb, les juges ont ainsi estim\u00e9 que \u00ab les dispositions [des arr\u00eat\u00e9s] ne peuvent \u00eatre regard\u00e9es comme conduisant, par elles-m\u00eames, \u00e0 une protection moindre de l\u2019environnement \u00bb. D\u2019apr\u00e8s eux, l\u2019affaire est donc entendue : les points d\u2019eau \u00e0 prot\u00e9ger sont ceux de la cartographie \u00ab police de l\u2019eau \u00bb ET des cartes IGN.<\/p><p>Gr\u00e2ce \u00e0 ce coup de pouce du Conseil d\u2019\u00c9tat, les associations environnementales ont \u00e0 ce jour fait reconna\u00eetre l\u2019ill\u00e9galit\u00e9 de 12 arr\u00eat\u00e9s, dont celui de l\u2019Aude. \u00ab Les tribunaux administratifs n\u2019annulent pas compl\u00e8tement les textes, mais ils les compl\u00e8tent pour qu\u2019il n\u2019y ait pas de r\u00e9gression \u00bb, se r\u00e9jouit Herv\u00e9 Hourcade. Reste que nombre d\u2019arr\u00eat\u00e9s pr\u00e9fectoraux insuffisants demeurent toujours en vigueur. \u00ab Le plus simple aurait \u00e9t\u00e9 que le gouvernement demande aux pr\u00e9fets de rectifier leurs arr\u00eat\u00e9s, soit en prenant une instruction minist\u00e9rielle, soit en modifiant son arr\u00eat\u00e9 de mai 2017 \u00bb, souligne Benjamin Hogommat. Ce qu\u2019il n\u2019a manifestement pas fait. En attendant, des milliers d\u2019\u00e9coulements se retrouvent sans protection face aux pulv\u00e9risateurs.<\/p><p>\u00a0<\/p>\t\t\t\t\t\t\t\t<\/div>\n\t\t\t\t<\/div>\n\t\t<div class=\"elementor-element elementor-element-bc5d9b4 e-con-full e-flex e-con e-child\" data-id=\"bc5d9b4\" data-element_type=\"container\" data-settings=\"{&quot;background_background&quot;:&quot;classic&quot;}\">\n\t\t\t\t<div class=\"elementor-element elementor-element-1d7fc9c elementor-widget elementor-widget-heading\" data-id=\"1d7fc9c\" data-element_type=\"widget\" data-widget_type=\"heading.default\">\n\t\t\t\t<div class=\"elementor-widget-container\">\n\t\t\t\t\t<h3 class=\"elementor-heading-title elementor-size-default\">En Ari\u00e8ge :<\/h3>\t\t\t\t<\/div>\n\t\t\t\t<\/div>\n\t\t\t\t<div class=\"elementor-element elementor-element-47c4bb6 elementor-widget elementor-widget-heading\" data-id=\"47c4bb6\" data-element_type=\"widget\" data-widget_type=\"heading.default\">\n\t\t\t\t<div class=\"elementor-widget-container\">\n\t\t\t\t\t<h5 class=\"elementor-heading-title elementor-size-default\">L\u2019association Le Chabot r\u00e9alise un \u00e9norme travail b\u00e9n\u00e9vole contre la disparition du chevelu hydrographique et des cours d\u2019eau intermittents (Le CEA a tr\u00e8s modestement particip\u00e9, assez cependant pour entrevoir la difficult\u00e9 de la t\u00e2che).&nbsp;<\/h5>\t\t\t\t<\/div>\n\t\t\t\t<\/div>\n\t\t\t\t<div class=\"elementor-element elementor-element-27880da elementor-widget elementor-widget-text-editor\" data-id=\"27880da\" data-element_type=\"widget\" data-widget_type=\"text-editor.default\">\n\t\t\t\t<div class=\"elementor-widget-container\">\n\t\t\t\t\t\t\t\t\t<p><span class=\"fontstyle0\"><strong>Le juge administratif sollicit\u00e9 par FNE-MP et Le Chabot, a contr\u00e9 la pr\u00e9fecture qui pr\u00e9tendait \u00e9carter nombre de points d\u2019eau \u00e0 prendre en compte pour l\u2019utilisation des produits chimiques<\/strong> <strong>de traitement<\/strong> : <\/span><\/p><p><span class=\"fontstyle0\"><em>\u00ab\u00a0Il r\u00e9sulte de tout ce qui pr\u00e9c\u00e8de que l\u2019arr\u00eat\u00e9 de la pr\u00e9f\u00e8te de l\u2019Ari\u00e8ge du 7 juillet 2017 doit \u00eatre annul\u00e9 uniquement en tant que cet arr\u00eat\u00e9 n\u2019inclut pas dans la d\u00e9finition des points d\u2019eau du d\u00e9partement les points d\u2019eau permanents ou intermittents figurant en points, traits continus ou discontinus sur les cartes de l\u2019IGN au 1\/25 000<\/em><\/span><em><span class=\"fontstyle0\">e\u00a0\u00bb.<\/span><\/em><\/p>\t\t\t\t\t\t\t\t<\/div>\n\t\t\t\t<\/div>\n\t\t\t\t<div class=\"elementor-element elementor-element-2d430d2 elementor-widget elementor-widget-text-editor\" data-id=\"2d430d2\" data-element_type=\"widget\" data-widget_type=\"text-editor.default\">\n\t\t\t\t<div class=\"elementor-widget-container\">\n\t\t\t\t\t\t\t\t\t<h4>A lire aussi :<\/h4><h4><a href=\"https:\/\/comite-ecologique-ariegeois.org\/wp-content\/uploads\/2024\/12\/Article_Libe_Ariege_cartographie_coursDeau.pdf\">\u00ab\u00a0En Ari\u00e8ge avec les aventuriers des ruisseaux perdus\u00a0\u00bb<\/a> (Lib\u00e9ration du 05\/10\/24)<\/h4>\t\t\t\t\t\t\t\t<\/div>\n\t\t\t\t<\/div>\n\t\t\t\t<\/div>\n\t\t<div class=\"elementor-element elementor-element-4c64c4f e-grid e-con-full e-con e-child\" data-id=\"4c64c4f\" data-element_type=\"container\">\n\t\t\t\t<div class=\"elementor-element elementor-element-2dca357 elementor-widget elementor-widget-text-editor\" data-id=\"2dca357\" data-element_type=\"widget\" data-widget_type=\"text-editor.default\">\n\t\t\t\t<div class=\"elementor-widget-container\">\n\t\t\t\t\t\t\t\t\t<p><em>Merci \u00e0<br \/><\/em><\/p>\t\t\t\t\t\t\t\t<\/div>\n\t\t\t\t<\/div>\n\t\t\t\t<div class=\"elementor-element elementor-element-95934e6 elementor-widget elementor-widget-image\" data-id=\"95934e6\" data-element_type=\"widget\" data-widget_type=\"image.default\">\n\t\t\t\t<div class=\"elementor-widget-container\">\n\t\t\t\t\t\t\t\t\t\t\t\t\t\t\t<img decoding=\"async\" width=\"360\" height=\"138\" src=\"https:\/\/comite-ecologique-ariegeois.org\/wp-content\/uploads\/2024\/09\/logo1.png\" class=\"attachment-neve-blog size-neve-blog wp-image-627\" alt=\"\" srcset=\"https:\/\/comite-ecologique-ariegeois.org\/wp-content\/uploads\/2024\/09\/logo1.png 360w, https:\/\/comite-ecologique-ariegeois.org\/wp-content\/uploads\/2024\/09\/logo1-300x115.png 300w\" sizes=\"(max-width: 360px) 100vw, 360px\" \/>\t\t\t\t\t\t\t\t\t\t\t\t\t\t\t<\/div>\n\t\t\t\t<\/div>\n\t\t\t\t<div class=\"elementor-element elementor-element-63fac58 elementor-widget elementor-widget-text-editor\" data-id=\"63fac58\" data-element_type=\"widget\" data-widget_type=\"text-editor.default\">\n\t\t\t\t<div class=\"elementor-widget-container\">\n\t\t\t\t\t\t\t\t\t<p>pour le travail men\u00e9<\/p>\t\t\t\t\t\t\t\t<\/div>\n\t\t\t\t<\/div>\n\t\t\t\t<\/div>\n\t\t\t\t\t<\/div>\n\t\t\t\t<\/div>\n\t\t\t\t<\/div>\n\t\t","protected":false},"excerpt":{"rendered":"<p>Ce sujet concerne tous les d\u00e9partements mais la mobilisation Ari\u00e9geoise a \u00e9t\u00e9 particuli\u00e8rement importante et relay\u00e9e dans les m\u00e9dias. C&rsquo;est d&rsquo;ailleurs \u00e0 travers des extraits d&rsquo;articles de presse que nous allons r\u00e9sumer ce sujet. Extraits de Reporterre 27\/02\/2017 : Quand le gouvernement et la FNSEA redessinent la carte des cours d\u2019eau La loi sur l\u2019eau&hellip;&nbsp;<a href=\"https:\/\/comite-ecologique-ariegeois.org\/?p=7236\" rel=\"bookmark\">Lire la suite &raquo;<span class=\"screen-reader-text\">Quand l&rsquo;\u00e9tat et la FNSEA redessinent la carte des cours d\u2019eau<\/span><\/a><\/p>\n","protected":false},"author":4,"featured_media":6733,"comment_status":"open","ping_status":"open","sticky":false,"template":"","format":"standard","meta":{"neve_meta_sidebar":"","neve_meta_container":"","neve_meta_enable_content_width":"","neve_meta_content_width":0,"neve_meta_title_alignment":"","neve_meta_author_avatar":"","neve_post_elements_order":"","neve_meta_disable_header":"","neve_meta_disable_footer":"","neve_meta_disable_title":"","footnotes":""},"categories":[1],"tags":[],"class_list":["post-7236","post","type-post","status-publish","format-standard","has-post-thumbnail","hentry","category-non-classe"],"yoast_head":"<!-- This site is optimized with the Yoast SEO plugin v26.4 - https:\/\/yoast.com\/wordpress\/plugins\/seo\/ -->\n<title>Quand l&#039;\u00e9tat et la FNSEA redessinent la carte des cours d\u2019eau - Comit\u00e9 Ecologique Ari\u00e8geois<\/title>\n<meta name=\"robots\" content=\"index, follow, max-snippet:-1, max-image-preview:large, max-video-preview:-1\" \/>\n<link rel=\"canonical\" href=\"https:\/\/comite-ecologique-ariegeois.org\/?p=7236\" \/>\n<meta property=\"og:locale\" content=\"fr_FR\" \/>\n<meta property=\"og:type\" content=\"article\" \/>\n<meta property=\"og:title\" content=\"Quand l&#039;\u00e9tat et la FNSEA redessinent la carte des cours d\u2019eau - Comit\u00e9 Ecologique Ari\u00e8geois\" \/>\n<meta property=\"og:description\" content=\"Ce sujet concerne tous les d\u00e9partements mais la mobilisation Ari\u00e9geoise a \u00e9t\u00e9 particuli\u00e8rement importante et relay\u00e9e dans les m\u00e9dias. C&rsquo;est d&rsquo;ailleurs \u00e0 travers des extraits d&rsquo;articles de presse que nous allons r\u00e9sumer ce sujet. Extraits de Reporterre 27\/02\/2017 : Quand le gouvernement et la FNSEA redessinent la carte des cours d\u2019eau La loi sur l\u2019eau&hellip;&nbsp;Lire la suite &raquo;Quand l&rsquo;\u00e9tat et la FNSEA redessinent la carte des cours d\u2019eau\" \/>\n<meta property=\"og:url\" content=\"https:\/\/comite-ecologique-ariegeois.org\/?p=7236\" \/>\n<meta property=\"og:site_name\" content=\"Comit\u00e9 Ecologique Ari\u00e8geois\" \/>\n<meta property=\"article:publisher\" content=\"https:\/\/www.facebook.com\/comite.ariegeois\/\" \/>\n<meta property=\"article:published_time\" content=\"2024-12-26T19:19:44+00:00\" \/>\n<meta property=\"article:modified_time\" content=\"2025-01-31T10:20:14+00:00\" \/>\n<meta property=\"og:image\" content=\"https:\/\/comite-ecologique-ariegeois.org\/wp-content\/uploads\/2024\/10\/Photo-CEA-Torrent-scaled.jpg\" \/>\n\t<meta property=\"og:image:width\" content=\"2560\" \/>\n\t<meta property=\"og:image:height\" content=\"1701\" \/>\n\t<meta property=\"og:image:type\" content=\"image\/jpeg\" \/>\n<meta name=\"author\" content=\"Gwennyn tanguy\" \/>\n<meta name=\"twitter:card\" content=\"summary_large_image\" \/>\n<meta name=\"twitter:label1\" content=\"\u00c9crit par\" \/>\n\t<meta name=\"twitter:data1\" content=\"Gwennyn tanguy\" \/>\n\t<meta name=\"twitter:label2\" content=\"Dur\u00e9e de lecture estim\u00e9e\" \/>\n\t<meta name=\"twitter:data2\" content=\"4 minutes\" \/>\n<script type=\"application\/ld+json\" class=\"yoast-schema-graph\">{\"@context\":\"https:\/\/schema.org\",\"@graph\":[{\"@type\":\"Article\",\"@id\":\"https:\/\/comite-ecologique-ariegeois.org\/?p=7236#article\",\"isPartOf\":{\"@id\":\"https:\/\/comite-ecologique-ariegeois.org\/?p=7236\"},\"author\":{\"name\":\"Gwennyn tanguy\",\"@id\":\"https:\/\/comite-ecologique-ariegeois.org\/#\/schema\/person\/af57f23ef7e4465c5002f4e902268ca4\"},\"headline\":\"Quand l&rsquo;\u00e9tat et la FNSEA redessinent la carte des cours d\u2019eau\",\"datePublished\":\"2024-12-26T19:19:44+00:00\",\"dateModified\":\"2025-01-31T10:20:14+00:00\",\"mainEntityOfPage\":{\"@id\":\"https:\/\/comite-ecologique-ariegeois.org\/?p=7236\"},\"wordCount\":894,\"commentCount\":0,\"publisher\":{\"@id\":\"https:\/\/comite-ecologique-ariegeois.org\/#organization\"},\"image\":{\"@id\":\"https:\/\/comite-ecologique-ariegeois.org\/?p=7236#primaryimage\"},\"thumbnailUrl\":\"https:\/\/comite-ecologique-ariegeois.org\/wp-content\/uploads\/2024\/10\/Photo-CEA-Torrent-scaled.jpg\",\"inLanguage\":\"fr-FR\",\"potentialAction\":[{\"@type\":\"CommentAction\",\"name\":\"Comment\",\"target\":[\"https:\/\/comite-ecologique-ariegeois.org\/?p=7236#respond\"]}]},{\"@type\":\"WebPage\",\"@id\":\"https:\/\/comite-ecologique-ariegeois.org\/?p=7236\",\"url\":\"https:\/\/comite-ecologique-ariegeois.org\/?p=7236\",\"name\":\"Quand l'\u00e9tat et la FNSEA redessinent la carte des cours d\u2019eau - Comit\u00e9 Ecologique Ari\u00e8geois\",\"isPartOf\":{\"@id\":\"https:\/\/comite-ecologique-ariegeois.org\/#website\"},\"primaryImageOfPage\":{\"@id\":\"https:\/\/comite-ecologique-ariegeois.org\/?p=7236#primaryimage\"},\"image\":{\"@id\":\"https:\/\/comite-ecologique-ariegeois.org\/?p=7236#primaryimage\"},\"thumbnailUrl\":\"https:\/\/comite-ecologique-ariegeois.org\/wp-content\/uploads\/2024\/10\/Photo-CEA-Torrent-scaled.jpg\",\"datePublished\":\"2024-12-26T19:19:44+00:00\",\"dateModified\":\"2025-01-31T10:20:14+00:00\",\"breadcrumb\":{\"@id\":\"https:\/\/comite-ecologique-ariegeois.org\/?p=7236#breadcrumb\"},\"inLanguage\":\"fr-FR\",\"potentialAction\":[{\"@type\":\"ReadAction\",\"target\":[\"https:\/\/comite-ecologique-ariegeois.org\/?p=7236\"]}]},{\"@type\":\"ImageObject\",\"inLanguage\":\"fr-FR\",\"@id\":\"https:\/\/comite-ecologique-ariegeois.org\/?p=7236#primaryimage\",\"url\":\"https:\/\/comite-ecologique-ariegeois.org\/wp-content\/uploads\/2024\/10\/Photo-CEA-Torrent-scaled.jpg\",\"contentUrl\":\"https:\/\/comite-ecologique-ariegeois.org\/wp-content\/uploads\/2024\/10\/Photo-CEA-Torrent-scaled.jpg\",\"width\":2560,\"height\":1701},{\"@type\":\"BreadcrumbList\",\"@id\":\"https:\/\/comite-ecologique-ariegeois.org\/?p=7236#breadcrumb\",\"itemListElement\":[{\"@type\":\"ListItem\",\"position\":1,\"name\":\"Accueil\",\"item\":\"https:\/\/comite-ecologique-ariegeois.org\/\"},{\"@type\":\"ListItem\",\"position\":2,\"name\":\"Quand l&rsquo;\u00e9tat et la FNSEA redessinent la carte des cours d\u2019eau\"}]},{\"@type\":\"WebSite\",\"@id\":\"https:\/\/comite-ecologique-ariegeois.org\/#website\",\"url\":\"https:\/\/comite-ecologique-ariegeois.org\/\",\"name\":\"Comit\u00e9 Ecologique Ari\u00e8geois\",\"description\":\"Assotiation de protection de la nature\",\"publisher\":{\"@id\":\"https:\/\/comite-ecologique-ariegeois.org\/#organization\"},\"potentialAction\":[{\"@type\":\"SearchAction\",\"target\":{\"@type\":\"EntryPoint\",\"urlTemplate\":\"https:\/\/comite-ecologique-ariegeois.org\/?s={search_term_string}\"},\"query-input\":{\"@type\":\"PropertyValueSpecification\",\"valueRequired\":true,\"valueName\":\"search_term_string\"}}],\"inLanguage\":\"fr-FR\"},{\"@type\":\"Organization\",\"@id\":\"https:\/\/comite-ecologique-ariegeois.org\/#organization\",\"name\":\"Comit\u00e9 Ecologique Ari\u00e8geois\",\"url\":\"https:\/\/comite-ecologique-ariegeois.org\/\",\"logo\":{\"@type\":\"ImageObject\",\"inLanguage\":\"fr-FR\",\"@id\":\"https:\/\/comite-ecologique-ariegeois.org\/#\/schema\/logo\/image\/\",\"url\":\"https:\/\/comite-ecologique-ariegeois.org\/wp-content\/uploads\/2025\/01\/logo_nouveau_cea_jpeg_250pix_02_03_24-a8816.jpg\",\"contentUrl\":\"https:\/\/comite-ecologique-ariegeois.org\/wp-content\/uploads\/2025\/01\/logo_nouveau_cea_jpeg_250pix_02_03_24-a8816.jpg\",\"width\":250,\"height\":250,\"caption\":\"Comit\u00e9 Ecologique Ari\u00e8geois\"},\"image\":{\"@id\":\"https:\/\/comite-ecologique-ariegeois.org\/#\/schema\/logo\/image\/\"},\"sameAs\":[\"https:\/\/www.facebook.com\/comite.ariegeois\/\",\"https:\/\/www.instagram.com\/comite.ecologique.ariegeois\/\"]},{\"@type\":\"Person\",\"@id\":\"https:\/\/comite-ecologique-ariegeois.org\/#\/schema\/person\/af57f23ef7e4465c5002f4e902268ca4\",\"name\":\"Gwennyn tanguy\",\"image\":{\"@type\":\"ImageObject\",\"inLanguage\":\"fr-FR\",\"@id\":\"https:\/\/comite-ecologique-ariegeois.org\/#\/schema\/person\/image\/\",\"url\":\"https:\/\/secure.gravatar.com\/avatar\/933f8a1db4230e0634e2b601581f07ca12b85e203dc7acc083f43b355a49a2b9?s=96&d=mm&r=g\",\"contentUrl\":\"https:\/\/secure.gravatar.com\/avatar\/933f8a1db4230e0634e2b601581f07ca12b85e203dc7acc083f43b355a49a2b9?s=96&d=mm&r=g\",\"caption\":\"Gwennyn tanguy\"},\"url\":\"https:\/\/comite-ecologique-ariegeois.org\/?author=4\"}]}<\/script>\n<!-- \/ Yoast SEO plugin. -->","yoast_head_json":{"title":"Quand l'\u00e9tat et la FNSEA redessinent la carte des cours d\u2019eau - Comit\u00e9 Ecologique Ari\u00e8geois","robots":{"index":"index","follow":"follow","max-snippet":"max-snippet:-1","max-image-preview":"max-image-preview:large","max-video-preview":"max-video-preview:-1"},"canonical":"https:\/\/comite-ecologique-ariegeois.org\/?p=7236","og_locale":"fr_FR","og_type":"article","og_title":"Quand l'\u00e9tat et la FNSEA redessinent la carte des cours d\u2019eau - Comit\u00e9 Ecologique Ari\u00e8geois","og_description":"Ce sujet concerne tous les d\u00e9partements mais la mobilisation Ari\u00e9geoise a \u00e9t\u00e9 particuli\u00e8rement importante et relay\u00e9e dans les m\u00e9dias. C&rsquo;est d&rsquo;ailleurs \u00e0 travers des extraits d&rsquo;articles de presse que nous allons r\u00e9sumer ce sujet. Extraits de Reporterre 27\/02\/2017 : Quand le gouvernement et la FNSEA redessinent la carte des cours d\u2019eau La loi sur l\u2019eau&hellip;&nbsp;Lire la suite &raquo;Quand l&rsquo;\u00e9tat et la FNSEA redessinent la carte des cours d\u2019eau","og_url":"https:\/\/comite-ecologique-ariegeois.org\/?p=7236","og_site_name":"Comit\u00e9 Ecologique Ari\u00e8geois","article_publisher":"https:\/\/www.facebook.com\/comite.ariegeois\/","article_published_time":"2024-12-26T19:19:44+00:00","article_modified_time":"2025-01-31T10:20:14+00:00","og_image":[{"width":2560,"height":1701,"url":"https:\/\/comite-ecologique-ariegeois.org\/wp-content\/uploads\/2024\/10\/Photo-CEA-Torrent-scaled.jpg","type":"image\/jpeg"}],"author":"Gwennyn tanguy","twitter_card":"summary_large_image","twitter_misc":{"\u00c9crit par":"Gwennyn tanguy","Dur\u00e9e de lecture estim\u00e9e":"4 minutes"},"schema":{"@context":"https:\/\/schema.org","@graph":[{"@type":"Article","@id":"https:\/\/comite-ecologique-ariegeois.org\/?p=7236#article","isPartOf":{"@id":"https:\/\/comite-ecologique-ariegeois.org\/?p=7236"},"author":{"name":"Gwennyn tanguy","@id":"https:\/\/comite-ecologique-ariegeois.org\/#\/schema\/person\/af57f23ef7e4465c5002f4e902268ca4"},"headline":"Quand l&rsquo;\u00e9tat et la FNSEA redessinent la carte des cours d\u2019eau","datePublished":"2024-12-26T19:19:44+00:00","dateModified":"2025-01-31T10:20:14+00:00","mainEntityOfPage":{"@id":"https:\/\/comite-ecologique-ariegeois.org\/?p=7236"},"wordCount":894,"commentCount":0,"publisher":{"@id":"https:\/\/comite-ecologique-ariegeois.org\/#organization"},"image":{"@id":"https:\/\/comite-ecologique-ariegeois.org\/?p=7236#primaryimage"},"thumbnailUrl":"https:\/\/comite-ecologique-ariegeois.org\/wp-content\/uploads\/2024\/10\/Photo-CEA-Torrent-scaled.jpg","inLanguage":"fr-FR","potentialAction":[{"@type":"CommentAction","name":"Comment","target":["https:\/\/comite-ecologique-ariegeois.org\/?p=7236#respond"]}]},{"@type":"WebPage","@id":"https:\/\/comite-ecologique-ariegeois.org\/?p=7236","url":"https:\/\/comite-ecologique-ariegeois.org\/?p=7236","name":"Quand l'\u00e9tat et la FNSEA redessinent la carte des cours d\u2019eau - Comit\u00e9 Ecologique Ari\u00e8geois","isPartOf":{"@id":"https:\/\/comite-ecologique-ariegeois.org\/#website"},"primaryImageOfPage":{"@id":"https:\/\/comite-ecologique-ariegeois.org\/?p=7236#primaryimage"},"image":{"@id":"https:\/\/comite-ecologique-ariegeois.org\/?p=7236#primaryimage"},"thumbnailUrl":"https:\/\/comite-ecologique-ariegeois.org\/wp-content\/uploads\/2024\/10\/Photo-CEA-Torrent-scaled.jpg","datePublished":"2024-12-26T19:19:44+00:00","dateModified":"2025-01-31T10:20:14+00:00","breadcrumb":{"@id":"https:\/\/comite-ecologique-ariegeois.org\/?p=7236#breadcrumb"},"inLanguage":"fr-FR","potentialAction":[{"@type":"ReadAction","target":["https:\/\/comite-ecologique-ariegeois.org\/?p=7236"]}]},{"@type":"ImageObject","inLanguage":"fr-FR","@id":"https:\/\/comite-ecologique-ariegeois.org\/?p=7236#primaryimage","url":"https:\/\/comite-ecologique-ariegeois.org\/wp-content\/uploads\/2024\/10\/Photo-CEA-Torrent-scaled.jpg","contentUrl":"https:\/\/comite-ecologique-ariegeois.org\/wp-content\/uploads\/2024\/10\/Photo-CEA-Torrent-scaled.jpg","width":2560,"height":1701},{"@type":"BreadcrumbList","@id":"https:\/\/comite-ecologique-ariegeois.org\/?p=7236#breadcrumb","itemListElement":[{"@type":"ListItem","position":1,"name":"Accueil","item":"https:\/\/comite-ecologique-ariegeois.org\/"},{"@type":"ListItem","position":2,"name":"Quand l&rsquo;\u00e9tat et la FNSEA redessinent la carte des cours d\u2019eau"}]},{"@type":"WebSite","@id":"https:\/\/comite-ecologique-ariegeois.org\/#website","url":"https:\/\/comite-ecologique-ariegeois.org\/","name":"Comit\u00e9 Ecologique Ari\u00e8geois","description":"Assotiation de protection de la nature","publisher":{"@id":"https:\/\/comite-ecologique-ariegeois.org\/#organization"},"potentialAction":[{"@type":"SearchAction","target":{"@type":"EntryPoint","urlTemplate":"https:\/\/comite-ecologique-ariegeois.org\/?s={search_term_string}"},"query-input":{"@type":"PropertyValueSpecification","valueRequired":true,"valueName":"search_term_string"}}],"inLanguage":"fr-FR"},{"@type":"Organization","@id":"https:\/\/comite-ecologique-ariegeois.org\/#organization","name":"Comit\u00e9 Ecologique Ari\u00e8geois","url":"https:\/\/comite-ecologique-ariegeois.org\/","logo":{"@type":"ImageObject","inLanguage":"fr-FR","@id":"https:\/\/comite-ecologique-ariegeois.org\/#\/schema\/logo\/image\/","url":"https:\/\/comite-ecologique-ariegeois.org\/wp-content\/uploads\/2025\/01\/logo_nouveau_cea_jpeg_250pix_02_03_24-a8816.jpg","contentUrl":"https:\/\/comite-ecologique-ariegeois.org\/wp-content\/uploads\/2025\/01\/logo_nouveau_cea_jpeg_250pix_02_03_24-a8816.jpg","width":250,"height":250,"caption":"Comit\u00e9 Ecologique Ari\u00e8geois"},"image":{"@id":"https:\/\/comite-ecologique-ariegeois.org\/#\/schema\/logo\/image\/"},"sameAs":["https:\/\/www.facebook.com\/comite.ariegeois\/","https:\/\/www.instagram.com\/comite.ecologique.ariegeois\/"]},{"@type":"Person","@id":"https:\/\/comite-ecologique-ariegeois.org\/#\/schema\/person\/af57f23ef7e4465c5002f4e902268ca4","name":"Gwennyn tanguy","image":{"@type":"ImageObject","inLanguage":"fr-FR","@id":"https:\/\/comite-ecologique-ariegeois.org\/#\/schema\/person\/image\/","url":"https:\/\/secure.gravatar.com\/avatar\/933f8a1db4230e0634e2b601581f07ca12b85e203dc7acc083f43b355a49a2b9?s=96&d=mm&r=g","contentUrl":"https:\/\/secure.gravatar.com\/avatar\/933f8a1db4230e0634e2b601581f07ca12b85e203dc7acc083f43b355a49a2b9?s=96&d=mm&r=g","caption":"Gwennyn tanguy"},"url":"https:\/\/comite-ecologique-ariegeois.org\/?author=4"}]}},"_links":{"self":[{"href":"https:\/\/comite-ecologique-ariegeois.org\/index.php?rest_route=\/wp\/v2\/posts\/7236","targetHints":{"allow":["GET"]}}],"collection":[{"href":"https:\/\/comite-ecologique-ariegeois.org\/index.php?rest_route=\/wp\/v2\/posts"}],"about":[{"href":"https:\/\/comite-ecologique-ariegeois.org\/index.php?rest_route=\/wp\/v2\/types\/post"}],"author":[{"embeddable":true,"href":"https:\/\/comite-ecologique-ariegeois.org\/index.php?rest_route=\/wp\/v2\/users\/4"}],"replies":[{"embeddable":true,"href":"https:\/\/comite-ecologique-ariegeois.org\/index.php?rest_route=%2Fwp%2Fv2%2Fcomments&post=7236"}],"version-history":[{"count":21,"href":"https:\/\/comite-ecologique-ariegeois.org\/index.php?rest_route=\/wp\/v2\/posts\/7236\/revisions"}],"predecessor-version":[{"id":8170,"href":"https:\/\/comite-ecologique-ariegeois.org\/index.php?rest_route=\/wp\/v2\/posts\/7236\/revisions\/8170"}],"wp:featuredmedia":[{"embeddable":true,"href":"https:\/\/comite-ecologique-ariegeois.org\/index.php?rest_route=\/wp\/v2\/media\/6733"}],"wp:attachment":[{"href":"https:\/\/comite-ecologique-ariegeois.org\/index.php?rest_route=%2Fwp%2Fv2%2Fmedia&parent=7236"}],"wp:term":[{"taxonomy":"category","embeddable":true,"href":"https:\/\/comite-ecologique-ariegeois.org\/index.php?rest_route=%2Fwp%2Fv2%2Fcategories&post=7236"},{"taxonomy":"post_tag","embeddable":true,"href":"https:\/\/comite-ecologique-ariegeois.org\/index.php?rest_route=%2Fwp%2Fv2%2Ftags&post=7236"}],"curies":[{"name":"wp","href":"https:\/\/api.w.org\/{rel}","templated":true}]}}