{"id":4118,"date":"2024-11-17T19:18:35","date_gmt":"2024-11-17T18:18:35","guid":{"rendered":"https:\/\/comite-ecologique-ariegeois.org\/?p=4118"},"modified":"2025-01-19T18:02:29","modified_gmt":"2025-01-19T17:02:29","slug":"gravieres-de-la-basse-vallee-de-lariege","status":"publish","type":"post","link":"https:\/\/comite-ecologique-ariegeois.org\/?p=4118","title":{"rendered":"Gravi\u00e8res de la basse vall\u00e9e de l\u2019Ari\u00e8ge"},"content":{"rendered":"\t\t<div data-elementor-type=\"wp-post\" data-elementor-id=\"4118\" class=\"elementor elementor-4118\">\n\t\t\t\t<div class=\"elementor-element elementor-element-1d689722 e-flex e-con-boxed e-con e-parent\" data-id=\"1d689722\" data-element_type=\"container\">\n\t\t\t\t\t<div class=\"e-con-inner\">\n\t\t\t\t<div class=\"elementor-element elementor-element-8949dce elementor-widget elementor-widget-heading\" data-id=\"8949dce\" data-element_type=\"widget\" data-widget_type=\"heading.default\">\n\t\t\t\t<div class=\"elementor-widget-container\">\n\t\t\t\t\t<h2 class=\"elementor-heading-title elementor-size-default\">Des rapports de l\u2019\u00e9tat qui montrent des manquements des carriers<\/h2>\t\t\t\t<\/div>\n\t\t\t\t<\/div>\n\t\t\t\t<div class=\"elementor-element elementor-element-24c9f2c8 elementor-widget elementor-widget-text-editor\" data-id=\"24c9f2c8\" data-element_type=\"widget\" data-widget_type=\"text-editor.default\">\n\t\t\t\t<div class=\"elementor-widget-container\">\n\t\t\t\t\t\t\t\t\t<p><strong data-wp-editing=\"1\">L&rsquo;urgence de stopper l\u2019extension des gravi\u00e8res en Ari\u00e8ge : constats et\u00a0<\/strong><strong style=\"color: var( --e-global-color-text ); text-align: var(--text-align); background-color: var(--nv-site-bg); font-size: var(--bodyfontsize); letter-spacing: var(--bodyletterspacing); text-transform: var(--bodytexttransform);\">luttes<\/strong><\/p>\n<p lang=\"fr-FR\" style=\"margin-bottom: 0cm; line-height: 150%;\"><span style=\"font-size: 12pt; text-align: var(--text-align); background-color: var(--nv-site-bg); letter-spacing: var(--bodyletterspacing); text-transform: var(--bodytexttransform);\">\u00ab\u00a0Les alluvions de la plaine de l\u2019Ari\u00e8ge et de l\u2019Hers Vif constituent des gisements pr\u00e9f\u00e9rentiels de sables et de graviers largement exploit\u00e9s [\u2026] La pr\u00e9sence de ces gravi\u00e8res dans un secteur o\u00f9 la surface pi\u00e9zom\u00e9trique de la nappe alluviale est proche de la surface topographique g\u00e9n\u00e8re le d\u00e9veloppement de plans d\u2019eau dont la surface correspond \u00e0 celle de la nappe.\u00a0\u00bb\u00a0<\/span><span style=\"font-size: 16px; color: var( --e-global-color-text ); text-align: var(--text-align); background-color: var(--nv-site-bg); letter-spacing: var(--bodyletterspacing); text-transform: var(--bodytexttransform);\">Bureau de Recherches G\u00e9ologiques et Mini\u00e8res,<\/span><span style=\"font-size: 16px; color: var( --e-global-color-text ); text-align: var(--text-align); background-color: var(--nv-site-bg); letter-spacing: var(--bodyletterspacing); text-transform: var(--bodytexttransform);\">\u00a0(<\/span><span style=\"background-color: var(--nv-site-bg); font-size: 12pt; letter-spacing: var(--bodyletterspacing); text-align: var(--text-align); text-transform: var(--bodytexttransform); color: var( --e-global-color-text );\">BRGM) 2013<\/span><\/p>\n<p lang=\"fr-FR\" style=\"margin-bottom: 0cm; line-height: 150%;\"><span style=\"color: #414141;\"><span style=\"font-family: Roboto, sans-serif;\"><span style=\"font-size: 12pt;\">Autrement dit, la nappe alluviale se trouve pr\u00e8s de la surface et remplit aussit\u00f4t les trous laiss\u00e9s par les pelleteuses.<\/span><\/span><\/span><br \/><span style=\"color: #414141;\"><span style=\"font-family: Roboto, sans-serif;\"><span style=\"font-size: 12pt;\">Suite aux constats alarmants sur l\u2019\u00e9tat de la nappe phr\u00e9atique, les associations de protection de la nature se mobilisent depuis plus de 15 ans. Depuis 2020, les actions s\u2019amplifient et se diversifient. Des actions d\u2019envergure comme\u00a0<\/span><\/span><\/span><span style=\"color: #414141;\"><span style=\"font-family: Roboto, sans-serif;\"><span style=\"font-size: 12pt;\"><b>Au Fil de l\u2019Eau\u00a0(2023), <\/b><\/span><\/span><\/span><b>la Gravi\u00e8r<\/b><b>e s\u2019Amuse<\/b><span style=\"color: #414141;\"><span style=\"font-family: Roboto, sans-serif;\"><span style=\"font-size: 12pt;\"><b>\u00a0(2023),\u00a0<\/b><\/span><\/span><\/span><b>la Gravi\u00e8re est une Ordure<\/b><span style=\"color: #414141;\"><span style=\"font-family: Roboto, sans-serif;\"><span style=\"font-size: 12pt;\"><b>\u00a0(2024)<\/b><\/span><\/span><\/span><span style=\"color: #414141;\">\u00a0<\/span><span style=\"color: #414141;\"><span style=\"font-family: Roboto, sans-serif;\"><span style=\"font-size: 12pt;\">mettent le focus sur un des probl\u00e8mes environnementaux les plus pr\u00e9occupants de la r\u00e9gion.<\/span><\/span><\/span><\/p>\n<p lang=\"fr-FR\" style=\"margin-bottom: 0cm; line-height: 150%;\"><span style=\"color: #414141;\"><span style=\"font-family: Roboto, sans-serif;\"><span style=\"font-size: 12pt;\">\u00a0<\/span><\/span><\/span><strong style=\"color: var( --e-global-color-text ); text-align: var(--text-align); font-size: var(--bodyfontsize); letter-spacing: var(--bodyletterspacing); text-transform: var(--bodytexttransform); background-color: var(--nv-site-bg);\">\u00a0<\/strong><\/p>\n<p><strong>\u00a0D<\/strong><strong style=\"color: var( --e-global-color-text ); text-align: var(--text-align); background-color: var(--nv-site-bg); font-size: var(--bodyfontsize); letter-spacing: var(--bodyletterspacing); text-transform: var(--bodytexttransform);\">es rapports de l\u2019\u00e9tat qui montrent des manquements des carriers<\/strong><\/p>\n<p><!-- \/wp:paragraph --><!-- wp:paragraph --><\/p>\n<p>Il a fallu passer par la Commission d&rsquo;Acc\u00e8s aux Documents Administratifs, <b>CADA,<\/b> pour\u00a0obtenir les derniers rapports de contr\u00f4les sur les gravi\u00e8res des services de la pr\u00e9fecture. Nous avons \u00e9galement recherch\u00e9 tous les contr\u00f4les effectu\u00e9s en 2022, 2023 et 2024*. Le r\u00e9sultat<span style=\"text-align: var(--text-align); background-color: var(--nv-site-bg); font-size: var(--bodyfontsize); letter-spacing: var(--bodyletterspacing); text-transform: var(--bodytexttransform);\">\u00a0<\/span><span style=\"color: var( --e-global-color-text ); text-align: var(--text-align); background-color: var(--nv-site-bg); font-size: var(--bodyfontsize); letter-spacing: var(--bodyletterspacing); text-transform: var(--bodytexttransform);\">: Il y a mati\u00e8re \u00e0 r\u00e9agir<\/span><span style=\"text-align: var(--text-align); background-color: var(--nv-site-bg); font-size: var(--bodyfontsize); letter-spacing: var(--bodyletterspacing); text-transform: var(--bodytexttransform);\">\u00a0<\/span><span style=\"background-color: var(--nv-site-bg); color: var( --e-global-color-text ); font-size: var(--bodyfontsize); letter-spacing: var(--bodyletterspacing); text-align: var(--text-align); text-transform: var(--bodytexttransform);\">!<\/span><\/p>\n<p>Suite \u00e0 ces contr\u00f4les, la pr\u00e9fecture a mis en demeure les entreprises <b>Malet<\/b> et <b>Denjean <\/b>de se mettre en conformit\u00e9, les proc\u00e9dures administratives et de contr\u00f4le \u00e0 l\u2019arriv\u00e9e des camions de d\u00e9chets du BTP n\u2019\u00e9tant pas appliqu\u00e9es. Des contr\u00f4les de visu font \u00e9tat de la pr\u00e9sence de d\u00e9chets non conformes, d\u00e9j\u00e0 observ\u00e9s par les associations (d\u00e9chets bitumeux, pneus, plastiques, polystyr\u00e8ne\u2026). Il y a donc un risque de pollution des sols et de l\u2019eau.<\/p>\n<p><!-- \/wp:paragraph --><!-- wp:paragraph --><\/p>\n<p><strong>Des risques av\u00e9r\u00e9s de pollution de l\u2019eau et des sols\u00a0!<\/strong><\/p>\n<p><!-- \/wp:paragraph --><!-- wp:paragraph --><\/p>\n<p>Depuis pr\u00e8s de 10 ans, les exploitants stockent et enfouissent des d\u00e9chets du BTP. Pour ne parler que de <b>l\u2019aluminium<\/b>, les derni\u00e8res analyses, dans les gravi\u00e8res <b>Denjean<\/b>, montrent la pr\u00e9sence d\u2019aluminium dans les lacs no. 1, 2 et 3 avec d\u00e9passement de la limite admissible pour le dernier. Chez <b>Malet <\/b>c&rsquo;est plus simple<span style=\"text-align: var(--text-align); background-color: var(--nv-site-bg); font-size: var(--bodyfontsize); letter-spacing: var(--bodyletterspacing); text-transform: var(--bodytexttransform);\">\u00a0<\/span><span style=\"color: var( --e-global-color-text ); text-align: var(--text-align); background-color: var(--nv-site-bg); font-size: var(--bodyfontsize); letter-spacing: var(--bodyletterspacing); text-transform: var(--bodytexttransform);\">: On ne se pr\u00e9occupe carr\u00e9ment pas du dosage de ce m\u00e9tal ! La soci\u00e9t\u00e9 <b>CMGO (Carri\u00e8res et Mat\u00e9riaux du Grand Ouest) <\/b>est en conformit\u00e9.<\/span><\/p>\n<p>Des analyses de\u00a0<b> APRA le Chabot (Association de Protection des Rivi\u00e8res Ari\u00e9geoises) &#8211;\u00a0 <\/b>et du<strong>\u00a0 CEA (Comit\u00e9 \u00c9cologique Ari\u00e9geois)<\/strong>, r\u00e9alis\u00e9es en 2016, 2017, 2018 et 2019* <span style=\"color: var( --e-global-color-text ); text-align: var(--text-align); background-color: var(--nv-site-bg); font-size: var(--bodyfontsize); letter-spacing: var(--bodyletterspacing); text-transform: var(--bodytexttransform);\">par un laboratoire agr\u00e9\u00e9<\/span><span style=\"color: var( --e-global-color-text ); text-align: var(--text-align); background-color: var(--nv-site-bg); font-size: var(--bodyfontsize); letter-spacing: var(--bodyletterspacing); text-transform: var(--bodytexttransform);\">, montrent la pr\u00e9sence d\u2019aluminium (dans un cas avec un taux trois fois sup\u00e9rieur \u00e0 la norme de potabilit\u00e9, \u00e0<strong> l&rsquo;aval<\/strong> des gravi\u00e8res). Or, l\u2019aluminium ne fait pas partie du &lsquo;bruit de fond&rsquo; local. Ce taux tr\u00e8s \u00e9lev\u00e9 n\u2019a n\u00e9anmoins rien d\u2019\u00e9tonnant\u00a0: De nombreuses publications scientifiques et institutionnelles d\u00e9montrent que le processus de lixiviation du b\u00e9ton dans l&rsquo;eau, qui est acc\u00e9l\u00e9r\u00e9 en pr\u00e9sence de nitrates, conduit \u00e0 la formation d&rsquo;aluminium (nota<\/span><span style=\"color: var( --e-global-color-text ); text-align: var(--text-align); background-color: var(--nv-site-bg); font-size: var(--bodyfontsize); letter-spacing: var(--bodyletterspacing); text-transform: var(--bodytexttransform);\">\u00a0<\/span><span style=\"background-color: var(--nv-site-bg); color: var( --e-global-color-text ); font-size: var(--bodyfontsize); letter-spacing: var(--bodyletterspacing); text-align: var(--text-align); text-transform: var(--bodytexttransform);\">: en 2024, le taux moyen de nitrates dans la nappe phr\u00e9atique de l&rsquo;Ari\u00e8ge est sup\u00e9rieur \u00e0 la norme de potabilit\u00e9 de 50<\/span><span style=\"color: var( --e-global-color-text ); text-align: var(--text-align); background-color: var(--nv-site-bg); font-size: var(--bodyfontsize); letter-spacing: var(--bodyletterspacing); text-transform: var(--bodytexttransform);\">\u00a0<\/span><span style=\"background-color: var(--nv-site-bg); color: var( --e-global-color-text ); font-size: var(--bodyfontsize); letter-spacing: var(--bodyletterspacing); text-align: var(--text-align); text-transform: var(--bodytexttransform);\">mg\/l).<\/span><\/p>\n<p><!-- \/wp:paragraph --><!-- wp:paragraph --><\/p>\n<p><strong>Une politique productiviste d&rsquo;un autre temps construite sur le gravier de notre vall\u00e9e<\/strong><\/p>\n<p><!-- \/wp:paragraph --><!-- wp:paragraph --><\/p>\n<p>Les graves alluvionnaires de l\u2019Ari\u00e8ge sont surexploit\u00e9es et enrichissent les multinationales du BTP ainsi que quelques exploitants agricoles qui vendent leurs terres au d\u00e9triment d\u2019une vall\u00e9e enti\u00e8re qui voit les puits s\u2019ass\u00e9cher, les ruisseaux dispara\u00eetre, les sols assoiff\u00e9s et le paysage se modifier durablement. La prise de conscience concernant la pollution provoqu\u00e9e par cette activit\u00e9 n&rsquo;est pas encore tr\u00e8s d\u00e9velopp\u00e9e parmi les riverains. <br \/>Dans les zones de stockage des graves, nous constatons une accumulation. Extrait-on plus que ce dont on a besoin\u00a0? A quoi servent ces granulats de tr\u00e8s grande qualit\u00e9 et dont le volume d\u00e9passe largement les besoins ari\u00e9geois<span style=\"color: var( --e-global-color-text ); text-align: var(--text-align); background-color: var(--nv-site-bg); font-size: var(--bodyfontsize); letter-spacing: var(--bodyletterspacing); text-transform: var(--bodytexttransform);\">\u00a0<\/span><span style=\"color: var( --e-global-color-text ); text-align: var(--text-align); background-color: var(--nv-site-bg); font-size: var(--bodyfontsize); letter-spacing: var(--bodyletterspacing); text-transform: var(--bodytexttransform);\">? <\/span>Eh bien, les entreprises du BTP sur fond de l\u2019\u00e9tat r\u00e9parent les routes et les autoroutes pour faire passer des camions de plus en plus lourds*, continuent \u00e0 b\u00e9tonner les abords des villes et \u00e0 construire des autoroutes en doublement de voies de circulation d\u00e9j\u00e0 bien am\u00e9nag\u00e9es, de lignes grande vitesse ch\u00e8res et superflues et autres grands travaux inutiles qui draineront les fonds qui manqueront cruellement pour maintenir et restaurer un r\u00e9seau ferroviaire \u00e0 la hauteur des besoins. Citons : Port-la-Nouvelle dans l&rsquo;Aude,\u00a0 la LGV entre Bordeaux et Toulouse , projets pharaoniques et gloutons en gravier, l&rsquo;A69, etc.<br \/>Ce n&rsquo;est pas la recherche du bien commun qui les fait na\u00eetre mais celle du profit pour quelques multinationales, le tout cautionn\u00e9 voir impos\u00e9 par l&rsquo;\u00c9tat et d\u00e9cor\u00e9 de l&rsquo;\u00e9tiquette &lsquo;<strong><i><a href=\"http:\/\/www.risr.fr\/data\/raison%20imp%E9rative%20d%27int%E9r%EAt%20public%20majeur.pdf\">d&rsquo;int\u00e9r\u00eat public majeur<\/a>&lsquo;<\/i><\/strong>.\u00a0 <span style=\"background-color: var(--nv-site-bg); color: var( --e-global-color-text ); font-size: var(--bodyfontsize); letter-spacing: var(--bodyletterspacing); text-align: var(--text-align); text-transform: var(--bodytexttransform);\">Un nouveau coup port\u00e9 \u00e0 l&rsquo;int\u00e9r\u00eat g\u00e9n\u00e9ral est d&rsquo;ailleurs le projet de <a href=\"https:\/\/www.vie-publique.fr\/loi\/293913-entreprises-projet-de-loi-de-simplification-de-la-vie-economique\" target=\"_blank\" rel=\"noopener\"><b><em>loi sur la simplification de la vie \u00e9conomique.<\/em><\/b><\/a><br \/><\/span><\/p>\n<p>Cette politique insens\u00e9e est contest\u00e9e par une grande partie de la soci\u00e9t\u00e9, notamment des jeunes qui aujourd\u2019hui mettent en jeu leur int\u00e9grit\u00e9 physique pour sauver des \u00e9cosyst\u00e8mes dont nous toutes et tous avons besoin.<\/p>\n<p><strong style=\"color: var( --e-global-color-text ); text-align: var(--text-align); font-size: var(--bodyfontsize); letter-spacing: var(--bodyletterspacing); text-transform: var(--bodytexttransform); background-color: var(--nv-site-bg);\">La biodiversit\u00e9 s\u2019effondre, le climat change\u2026\u00a0!\u00a0<\/strong><strong style=\"color: var( --e-global-color-text ); text-align: var(--text-align); background-color: var(--nv-site-bg); font-size: var(--bodyfontsize); letter-spacing: var(--bodyletterspacing); text-transform: var(--bodytexttransform);\">Le droit environnemental recule\u00a0!<\/strong><\/p>\n<p><!-- \/wp:paragraph --><!-- wp:paragraph --><\/p>\n<p>Le <b>Chabot<\/b>, le <b>CEA<\/b> et la <b>&#8211; FNE-OP<\/b> (<strong>F\u00e9d\u00e9ration Nationale de l&rsquo;Environnement Occitanie<\/strong><b> Pyr\u00e9n\u00e9es) <\/b>ont d\u00e9pos\u00e9 un recours en annulation contre le <b>Sch\u00e9ma R\u00e9gional des Carri\u00e8res d&rsquo;Occitanie (SRCO)<\/b> le 3 septembre 2024. Les d\u00e9chets d\u00e9pos\u00e9s dans les gravi\u00e8res pour les combler qui se retrouvent donc dans la nappe alluviale ne sont pas inertes et polluent durablement l&rsquo;eau par de l\u2019aluminium, des m\u00e9taux lourds, des d\u00e9riv\u00e9s du p\u00e9trole\u2026<\/p>\n<p>L\u2019extension des gravi\u00e8res provoque la baisse du niveau de la nappe et des modifications dans son \u00e9coulement. Le SRCO, dans sa version actuelle, ne permet pas de r\u00e9pondre \u00e0 l\u2019urgence climatique et environnementale pour assurer un avenir souhaitable et durable. Il n\u2019est pas en ad\u00e9quation avec la loi sur la transition \u00e9cologique, loi qui s\u2019impose \u00e0 nous sous peine de condamner les g\u00e9n\u00e9rations futures \u00e0 vivre dans un monde ou l\u2019irr\u00e9parabilit\u00e9 a \u00e9t\u00e9 atteinte.<br \/>L\u2019enjeu est d\u00e9partemental\u00a0<em style=\"color: var( --e-global-color-text ); text-align: var(--text-align); background-color: var(--nv-site-bg); font-size: var(--bodyfontsize); letter-spacing: var(--bodyletterspacing); text-transform: var(--bodytexttransform);\">\u2013<\/em><span style=\"color: var( --e-global-color-text ); text-align: var(--text-align); background-color: var(--nv-site-bg); font-size: var(--bodyfontsize); letter-spacing: var(--bodyletterspacing); text-transform: var(--bodytexttransform);\">\u00a0en effet la nappe phr\u00e9atique de l\u2019Ari\u00e8ge est dramatiquement en danger\u00a0<\/span><em style=\"color: var( --e-global-color-text ); text-align: var(--text-align); background-color: var(--nv-site-bg); font-size: var(--bodyfontsize); letter-spacing: var(--bodyletterspacing); text-transform: var(--bodytexttransform);\">\u2013<\/em><span style=\"color: var( --e-global-color-text ); text-align: var(--text-align); font-size: var(--bodyfontsize); letter-spacing: var(--bodyletterspacing); text-transform: var(--bodytexttransform); background-color: var(--nv-site-bg);\"> mais il est aussi national. La reprise du nucl\u00e9aire et autres grands projets autoroutiers\u00a0 laissent penser que l\u2019extractivisme va conna\u00eetre une recrudescence malgr\u00e9 la <\/span><b style=\"color: var( --e-global-color-text ); text-align: var(--text-align); font-size: var(--bodyfontsize); letter-spacing: var(--bodyletterspacing); text-transform: var(--bodytexttransform); background-color: var(--nv-site-bg);\">loi Z\u00e9ro Artificialisation Nette<\/b><span style=\"color: var( --e-global-color-text ); text-align: var(--text-align); font-size: var(--bodyfontsize); letter-spacing: var(--bodyletterspacing); text-transform: var(--bodytexttransform); background-color: var(--nv-site-bg);\"> (ZAN).\u00a0<\/span><\/p>\n<p><!-- \/wp:paragraph --><!-- wp:paragraph --><\/p>\n<p>Malheureusement, nous ne gagnons pas toujours nos proc\u00e8s. Les d\u00e9marches juridiques sont complexes, les tribunaux engorg\u00e9s, les atteintes \u00e0 l\u2019environnement d\u00e9complex\u00e9es\u2026 Ainsi, les associations viennent de perdre\u00a0<span style=\"color: var( --e-global-color-text ); text-align: var(--text-align); background-color: var(--nv-site-bg); font-size: var(--bodyfontsize); letter-spacing: var(--bodyletterspacing); text-transform: var(--bodytexttransform);\">apr\u00e8s une proc\u00e9dure de 15 ans\u00a0<\/span><span style=\"color: var( --e-global-color-text ); text-align: var(--text-align); background-color: var(--nv-site-bg); font-size: var(--bodyfontsize); letter-spacing: var(--bodyletterspacing); text-transform: var(--bodytexttransform);\">au Conseil d\u2019\u00c9tat leur proc\u00e8s contre l\u2019arr\u00eat\u00e9 d\u2019extension de 150<\/span><span style=\"text-align: var(--text-align); background-color: var(--nv-site-bg); font-size: var(--bodyfontsize); letter-spacing: var(--bodyletterspacing); text-transform: var(--bodytexttransform);\">\u00a0<\/span><span style=\"color: var( --e-global-color-text ); text-align: var(--text-align); font-size: var(--bodyfontsize); letter-spacing: var(--bodyletterspacing); text-transform: var(--bodytexttransform); background-color: var(--nv-site-bg);\">ha d&rsquo;une carri\u00e8re de Denjean de 2009, \u00e0 Saverdun.\u00a0<\/span><span style=\"color: var( --e-global-color-text ); text-align: var(--text-align); font-size: var(--bodyfontsize); letter-spacing: var(--bodyletterspacing); text-transform: var(--bodytexttransform); background-color: var(--nv-site-bg);\">Malgr\u00e9 le soutien du rapporteur public de belles terres ag<\/span><span style=\"color: var( --e-global-color-text ); text-align: var(--text-align); font-size: var(--bodyfontsize); letter-spacing: var(--bodyletterspacing); text-transform: var(--bodytexttransform); background-color: var(--nv-site-bg);\">ricoles ch\u00e8rement vendues se d\u00e9j\u00e0 transform\u00e9es en trous b\u00e9ants.<\/span><span style=\"color: var( --e-global-color-text ); text-align: var(--text-align); font-size: var(--bodyfontsize); letter-spacing: var(--bodyletterspacing); text-transform: var(--bodytexttransform); background-color: var(--nv-site-bg);\">\u00a0<\/span><\/p>\n<p><!-- \/wp:paragraph --><!-- wp:paragraph --><\/p>\n<p><strong>Mais nous ne baissons pas les bras. Les luttes se diversifient et convergent pour proposer une \u00ab\u00a0gestion\u00a0\u00bb du monde plus respectueuse de la nature et de l\u2019humain.<\/strong><\/p>\n<p><!-- \/wp:paragraph --><!-- wp:paragraph --><\/p>\n<p>Faute d\u2019\u00e9tude d\u2019impacts et de contr\u00f4les approfondis, il apparait n\u00e9cessaire de cr\u00e9er un r\u00e9seau de suivi quantitatif et qualitatif plus dense pour \u00e9valuer l\u2019impact des gravi\u00e8res actuelles et ainsi pr\u00e9voir la catastrophe \u00e0 venir\u2026 Remettre \u00e0 plat les besoins et les utilisations des granulats ainsi que l\u2019am\u00e9nagement du territoire.<\/p>\n<p><!-- \/wp:paragraph --><!-- wp:paragraph --><\/p>\n<p><b>Pour cela, nous demandons un moratoire sur tout nouveau projet d\u2019extraction en Ari\u00e8ge. L\u2019arr\u00eat imm\u00e9diat de l\u2019enfouissement des d\u00e9chets. L\u2019adaptation de l\u2019industrie au d\u00e9fi environnemental de notre plan\u00e8te doit \u00eatre planifi\u00e9e et accompagn\u00e9e.<\/b><\/p>\n<p><em>Le collectif Stop Gravi\u00e8res*<\/em><\/p>\n<p><em style=\"color: var( --e-global-color-text ); text-align: var(--text-align); background-color: var(--nv-site-bg); font-size: var(--bodyfontsize); letter-spacing: var(--bodyletterspacing); text-transform: var(--bodytexttransform);\">\u00a0 \u00a0 \u00a0 \u00a0 \u00a0 \u00a0 \u00a0 \u00a0 \u00a0 \u00a0 \u00a0 \u00a0 \u00a0 \u00a0 \u00a0 \u00a0 \u00a0 \u00a0 \u00a0 \u00a0 \u00a0 \u00a0 \u00a0 \u00a0 \u00a0 \u00a0 \u00a0 \u00a0 \u00a0 *<\/em><\/p>\n<p><em style=\"color: var( --e-global-color-text ); text-align: var(--text-align); background-color: var(--nv-site-bg); font-size: var(--bodyfontsize); letter-spacing: var(--bodyletterspacing); text-transform: var(--bodytexttransform);\"><img decoding=\"async\" src=\"https:\/\/comite-ecologique-ariegeois.org\/wp-content\/uploads\/2024\/11\/logo-small.jpg\" \/><\/em><\/p>\n<p>*<em> Site G\u00e9orisque-IDSI<\/em><\/p>\n<p>* <em>Analyses Chabot : aval de l\u2019exploitation, les taux d\u2019AL mg\/l dissous explosent, en particulier sur le puits de La Bathale o\u00f9 le taux est de 0, 565 en 2018, soit presque trois fois sup\u00e9rieur \u00e0 la norme de potabilit\u00e9 pour la consommation humaine fix\u00e9e \u00e0 200 \u03bcg\/l, soit 0,2 mg\/l (seuil fix\u00e9 par l\u2019OMS). Analyses carriers et Etat\u00a0: 2010 \u00e0 2018 inclus, les analyses d&rsquo;eau de la nappe faites sur ce secteur de Basse Ari\u00e8ge \u00e0 l&rsquo;aval des sites d&rsquo;enfouissement, ont fait ressortir pour 5 ann\u00e9es (2010, 2014, 2016, 2017 et 2018) de l\u2019eau impropre \u00e0 la consommation. Aluminium, Hydrocarbures, fer, cuivre, pollution bact\u00e9riologique<\/em><\/p>\n<p>* <em>Accumuler du b\u00e9ton, tracer des routes \u2013 Nelo Magalhaes<\/em><\/p>\n<p><em>* Le collectif Stop Gravi\u00e8res r\u00e9unit l&rsquo;Apra le Chabot, Aprova, le CEA, La conf\u00e9d\u00e9ration paysanne 09, Eau Secours 31, la Ligue des Droits de l&rsquo;Humain 09 et <\/em><em style=\"color: var( --e-global-color-text ); text-align: var(--text-align); background-color: var(--nv-site-bg); font-size: var(--bodyfontsize); letter-spacing: var(--bodyletterspacing); text-transform: var(--bodytexttransform);\">XR Ari\u00e8ge, les amis\u00b7es des soul\u00e8vements de la terre de l&rsquo;Arac<br \/><\/em><\/p>\n<p><!-- \/wp:paragraph --><\/p>\t\t\t\t\t\t\t\t<\/div>\n\t\t\t\t<\/div>\n\t\t\t\t\t<\/div>\n\t\t\t\t<\/div>\n\t\t<div class=\"elementor-element elementor-element-62c7cbe e-flex e-con-boxed e-con e-parent\" data-id=\"62c7cbe\" data-element_type=\"container\">\n\t\t\t\t\t<div class=\"e-con-inner\">\n\t\t\t\t<div class=\"elementor-element elementor-element-e82d347 elementor-widget-divider--view-line elementor-widget elementor-widget-divider\" data-id=\"e82d347\" data-element_type=\"widget\" data-widget_type=\"divider.default\">\n\t\t\t\t<div class=\"elementor-widget-container\">\n\t\t\t\t\t\t\t<div class=\"elementor-divider\">\n\t\t\t<span class=\"elementor-divider-separator\">\n\t\t\t\t\t\t<\/span>\n\t\t<\/div>\n\t\t\t\t\t\t<\/div>\n\t\t\t\t<\/div>\n\t\t\t\t\t<\/div>\n\t\t\t\t<\/div>\n\t\t\t\t<\/div>\n\t\t","protected":false},"excerpt":{"rendered":"<p>Des rapports de l\u2019\u00e9tat qui montrent des manquements des carriers L&rsquo;urgence de stopper l\u2019extension des gravi\u00e8res en Ari\u00e8ge : constats et\u00a0luttes \u00ab\u00a0Les alluvions de la plaine de l\u2019Ari\u00e8ge et de l\u2019Hers Vif constituent des gisements pr\u00e9f\u00e9rentiels de sables et de graviers largement exploit\u00e9s [\u2026] La pr\u00e9sence de ces gravi\u00e8res dans un secteur o\u00f9 la surface&hellip;&nbsp;<a href=\"https:\/\/comite-ecologique-ariegeois.org\/?p=4118\" rel=\"bookmark\">Lire la suite &raquo;<span class=\"screen-reader-text\">Gravi\u00e8res de la basse vall\u00e9e de l\u2019Ari\u00e8ge<\/span><\/a><\/p>\n","protected":false},"author":6,"featured_media":778,"comment_status":"open","ping_status":"open","sticky":false,"template":"","format":"standard","meta":{"neve_meta_sidebar":"","neve_meta_container":"","neve_meta_enable_content_width":"","neve_meta_content_width":0,"neve_meta_title_alignment":"","neve_meta_author_avatar":"","neve_post_elements_order":"","neve_meta_disable_header":"","neve_meta_disable_footer":"","neve_meta_disable_title":"","footnotes":""},"categories":[1],"tags":[],"class_list":["post-4118","post","type-post","status-publish","format-standard","has-post-thumbnail","hentry","category-non-classe"],"yoast_head":"<!-- This site is optimized with the Yoast SEO plugin v26.4 - https:\/\/yoast.com\/wordpress\/plugins\/seo\/ -->\n<title>Gravi\u00e8res de la basse vall\u00e9e de l\u2019Ari\u00e8ge - Comit\u00e9 Ecologique Ari\u00e8geois<\/title>\n<meta name=\"robots\" content=\"index, follow, max-snippet:-1, max-image-preview:large, max-video-preview:-1\" \/>\n<link rel=\"canonical\" href=\"https:\/\/comite-ecologique-ariegeois.org\/?p=4118\" \/>\n<meta property=\"og:locale\" content=\"fr_FR\" \/>\n<meta property=\"og:type\" content=\"article\" \/>\n<meta property=\"og:title\" content=\"Gravi\u00e8res de la basse vall\u00e9e de l\u2019Ari\u00e8ge - Comit\u00e9 Ecologique Ari\u00e8geois\" \/>\n<meta property=\"og:description\" content=\"Des rapports de l\u2019\u00e9tat qui montrent des manquements des carriers L&rsquo;urgence de stopper l\u2019extension des gravi\u00e8res en Ari\u00e8ge : constats et\u00a0luttes \u00ab\u00a0Les alluvions de la plaine de l\u2019Ari\u00e8ge et de l\u2019Hers Vif constituent des gisements pr\u00e9f\u00e9rentiels de sables et de graviers largement exploit\u00e9s [\u2026] La pr\u00e9sence de ces gravi\u00e8res dans un secteur o\u00f9 la surface&hellip;&nbsp;Lire la suite &raquo;Gravi\u00e8res de la basse vall\u00e9e de l\u2019Ari\u00e8ge\" \/>\n<meta property=\"og:url\" content=\"https:\/\/comite-ecologique-ariegeois.org\/?p=4118\" \/>\n<meta property=\"og:site_name\" content=\"Comit\u00e9 Ecologique Ari\u00e8geois\" \/>\n<meta property=\"article:publisher\" content=\"https:\/\/www.facebook.com\/comite.ariegeois\/\" \/>\n<meta property=\"article:published_time\" content=\"2024-11-17T18:18:35+00:00\" \/>\n<meta property=\"article:modified_time\" content=\"2025-01-19T17:02:29+00:00\" \/>\n<meta property=\"og:image\" content=\"https:\/\/comite-ecologique-ariegeois.org\/wp-content\/uploads\/2024\/09\/Photo-CEA-allegee-Graviere-Siadoux-a-Saverdun_17-07-12-scaled.jpg\" \/>\n\t<meta property=\"og:image:width\" content=\"2560\" \/>\n\t<meta property=\"og:image:height\" content=\"1700\" \/>\n\t<meta property=\"og:image:type\" content=\"image\/jpeg\" \/>\n<meta name=\"author\" content=\"Agnes Leclerc\" \/>\n<meta name=\"twitter:card\" content=\"summary_large_image\" \/>\n<meta name=\"twitter:label1\" content=\"\u00c9crit par\" \/>\n\t<meta name=\"twitter:data1\" content=\"Agnes Leclerc\" \/>\n\t<meta name=\"twitter:label2\" content=\"Dur\u00e9e de lecture estim\u00e9e\" \/>\n\t<meta name=\"twitter:data2\" content=\"8 minutes\" \/>\n<script type=\"application\/ld+json\" class=\"yoast-schema-graph\">{\"@context\":\"https:\/\/schema.org\",\"@graph\":[{\"@type\":\"Article\",\"@id\":\"https:\/\/comite-ecologique-ariegeois.org\/?p=4118#article\",\"isPartOf\":{\"@id\":\"https:\/\/comite-ecologique-ariegeois.org\/?p=4118\"},\"author\":{\"name\":\"Agnes Leclerc\",\"@id\":\"https:\/\/comite-ecologique-ariegeois.org\/#\/schema\/person\/3787f84167fcc3c8e288ae31a9353e8c\"},\"headline\":\"Gravi\u00e8res de la basse vall\u00e9e de l\u2019Ari\u00e8ge\",\"datePublished\":\"2024-11-17T18:18:35+00:00\",\"dateModified\":\"2025-01-19T17:02:29+00:00\",\"mainEntityOfPage\":{\"@id\":\"https:\/\/comite-ecologique-ariegeois.org\/?p=4118\"},\"wordCount\":1557,\"commentCount\":0,\"publisher\":{\"@id\":\"https:\/\/comite-ecologique-ariegeois.org\/#organization\"},\"image\":{\"@id\":\"https:\/\/comite-ecologique-ariegeois.org\/?p=4118#primaryimage\"},\"thumbnailUrl\":\"https:\/\/comite-ecologique-ariegeois.org\/wp-content\/uploads\/2024\/09\/Photo-CEA-allegee-Graviere-Siadoux-a-Saverdun_17-07-12-scaled-e1770822561312.jpg\",\"inLanguage\":\"fr-FR\",\"potentialAction\":[{\"@type\":\"CommentAction\",\"name\":\"Comment\",\"target\":[\"https:\/\/comite-ecologique-ariegeois.org\/?p=4118#respond\"]}]},{\"@type\":\"WebPage\",\"@id\":\"https:\/\/comite-ecologique-ariegeois.org\/?p=4118\",\"url\":\"https:\/\/comite-ecologique-ariegeois.org\/?p=4118\",\"name\":\"Gravi\u00e8res de la basse vall\u00e9e de l\u2019Ari\u00e8ge - Comit\u00e9 Ecologique Ari\u00e8geois\",\"isPartOf\":{\"@id\":\"https:\/\/comite-ecologique-ariegeois.org\/#website\"},\"primaryImageOfPage\":{\"@id\":\"https:\/\/comite-ecologique-ariegeois.org\/?p=4118#primaryimage\"},\"image\":{\"@id\":\"https:\/\/comite-ecologique-ariegeois.org\/?p=4118#primaryimage\"},\"thumbnailUrl\":\"https:\/\/comite-ecologique-ariegeois.org\/wp-content\/uploads\/2024\/09\/Photo-CEA-allegee-Graviere-Siadoux-a-Saverdun_17-07-12-scaled-e1770822561312.jpg\",\"datePublished\":\"2024-11-17T18:18:35+00:00\",\"dateModified\":\"2025-01-19T17:02:29+00:00\",\"breadcrumb\":{\"@id\":\"https:\/\/comite-ecologique-ariegeois.org\/?p=4118#breadcrumb\"},\"inLanguage\":\"fr-FR\",\"potentialAction\":[{\"@type\":\"ReadAction\",\"target\":[\"https:\/\/comite-ecologique-ariegeois.org\/?p=4118\"]}]},{\"@type\":\"ImageObject\",\"inLanguage\":\"fr-FR\",\"@id\":\"https:\/\/comite-ecologique-ariegeois.org\/?p=4118#primaryimage\",\"url\":\"https:\/\/comite-ecologique-ariegeois.org\/wp-content\/uploads\/2024\/09\/Photo-CEA-allegee-Graviere-Siadoux-a-Saverdun_17-07-12-scaled-e1770822561312.jpg\",\"contentUrl\":\"https:\/\/comite-ecologique-ariegeois.org\/wp-content\/uploads\/2024\/09\/Photo-CEA-allegee-Graviere-Siadoux-a-Saverdun_17-07-12-scaled-e1770822561312.jpg\",\"width\":2510,\"height\":1626},{\"@type\":\"BreadcrumbList\",\"@id\":\"https:\/\/comite-ecologique-ariegeois.org\/?p=4118#breadcrumb\",\"itemListElement\":[{\"@type\":\"ListItem\",\"position\":1,\"name\":\"Accueil\",\"item\":\"https:\/\/comite-ecologique-ariegeois.org\/\"},{\"@type\":\"ListItem\",\"position\":2,\"name\":\"Gravi\u00e8res de la basse vall\u00e9e de l\u2019Ari\u00e8ge\"}]},{\"@type\":\"WebSite\",\"@id\":\"https:\/\/comite-ecologique-ariegeois.org\/#website\",\"url\":\"https:\/\/comite-ecologique-ariegeois.org\/\",\"name\":\"Comit\u00e9 Ecologique Ari\u00e8geois\",\"description\":\"Assotiation de protection de la nature\",\"publisher\":{\"@id\":\"https:\/\/comite-ecologique-ariegeois.org\/#organization\"},\"potentialAction\":[{\"@type\":\"SearchAction\",\"target\":{\"@type\":\"EntryPoint\",\"urlTemplate\":\"https:\/\/comite-ecologique-ariegeois.org\/?s={search_term_string}\"},\"query-input\":{\"@type\":\"PropertyValueSpecification\",\"valueRequired\":true,\"valueName\":\"search_term_string\"}}],\"inLanguage\":\"fr-FR\"},{\"@type\":\"Organization\",\"@id\":\"https:\/\/comite-ecologique-ariegeois.org\/#organization\",\"name\":\"Comit\u00e9 Ecologique Ari\u00e8geois\",\"url\":\"https:\/\/comite-ecologique-ariegeois.org\/\",\"logo\":{\"@type\":\"ImageObject\",\"inLanguage\":\"fr-FR\",\"@id\":\"https:\/\/comite-ecologique-ariegeois.org\/#\/schema\/logo\/image\/\",\"url\":\"https:\/\/comite-ecologique-ariegeois.org\/wp-content\/uploads\/2025\/01\/logo_nouveau_cea_jpeg_250pix_02_03_24-a8816.jpg\",\"contentUrl\":\"https:\/\/comite-ecologique-ariegeois.org\/wp-content\/uploads\/2025\/01\/logo_nouveau_cea_jpeg_250pix_02_03_24-a8816.jpg\",\"width\":250,\"height\":250,\"caption\":\"Comit\u00e9 Ecologique Ari\u00e8geois\"},\"image\":{\"@id\":\"https:\/\/comite-ecologique-ariegeois.org\/#\/schema\/logo\/image\/\"},\"sameAs\":[\"https:\/\/www.facebook.com\/comite.ariegeois\/\",\"https:\/\/www.instagram.com\/comite.ecologique.ariegeois\/\"]},{\"@type\":\"Person\",\"@id\":\"https:\/\/comite-ecologique-ariegeois.org\/#\/schema\/person\/3787f84167fcc3c8e288ae31a9353e8c\",\"name\":\"Agnes Leclerc\",\"image\":{\"@type\":\"ImageObject\",\"inLanguage\":\"fr-FR\",\"@id\":\"https:\/\/comite-ecologique-ariegeois.org\/#\/schema\/person\/image\/\",\"url\":\"https:\/\/secure.gravatar.com\/avatar\/4417c816dc85d0fe4651564fdc6a53cbbda00d806b069c51882bc0201046d31a?s=96&d=mm&r=g\",\"contentUrl\":\"https:\/\/secure.gravatar.com\/avatar\/4417c816dc85d0fe4651564fdc6a53cbbda00d806b069c51882bc0201046d31a?s=96&d=mm&r=g\",\"caption\":\"Agnes Leclerc\"},\"url\":\"https:\/\/comite-ecologique-ariegeois.org\/?author=6\"}]}<\/script>\n<!-- \/ Yoast SEO plugin. -->","yoast_head_json":{"title":"Gravi\u00e8res de la basse vall\u00e9e de l\u2019Ari\u00e8ge - Comit\u00e9 Ecologique Ari\u00e8geois","robots":{"index":"index","follow":"follow","max-snippet":"max-snippet:-1","max-image-preview":"max-image-preview:large","max-video-preview":"max-video-preview:-1"},"canonical":"https:\/\/comite-ecologique-ariegeois.org\/?p=4118","og_locale":"fr_FR","og_type":"article","og_title":"Gravi\u00e8res de la basse vall\u00e9e de l\u2019Ari\u00e8ge - Comit\u00e9 Ecologique Ari\u00e8geois","og_description":"Des rapports de l\u2019\u00e9tat qui montrent des manquements des carriers L&rsquo;urgence de stopper l\u2019extension des gravi\u00e8res en Ari\u00e8ge : constats et\u00a0luttes \u00ab\u00a0Les alluvions de la plaine de l\u2019Ari\u00e8ge et de l\u2019Hers Vif constituent des gisements pr\u00e9f\u00e9rentiels de sables et de graviers largement exploit\u00e9s [\u2026] La pr\u00e9sence de ces gravi\u00e8res dans un secteur o\u00f9 la surface&hellip;&nbsp;Lire la suite &raquo;Gravi\u00e8res de la basse vall\u00e9e de l\u2019Ari\u00e8ge","og_url":"https:\/\/comite-ecologique-ariegeois.org\/?p=4118","og_site_name":"Comit\u00e9 Ecologique Ari\u00e8geois","article_publisher":"https:\/\/www.facebook.com\/comite.ariegeois\/","article_published_time":"2024-11-17T18:18:35+00:00","article_modified_time":"2025-01-19T17:02:29+00:00","og_image":[{"width":2560,"height":1700,"url":"https:\/\/comite-ecologique-ariegeois.org\/wp-content\/uploads\/2024\/09\/Photo-CEA-allegee-Graviere-Siadoux-a-Saverdun_17-07-12-scaled.jpg","type":"image\/jpeg"}],"author":"Agnes Leclerc","twitter_card":"summary_large_image","twitter_misc":{"\u00c9crit par":"Agnes Leclerc","Dur\u00e9e de lecture estim\u00e9e":"8 minutes"},"schema":{"@context":"https:\/\/schema.org","@graph":[{"@type":"Article","@id":"https:\/\/comite-ecologique-ariegeois.org\/?p=4118#article","isPartOf":{"@id":"https:\/\/comite-ecologique-ariegeois.org\/?p=4118"},"author":{"name":"Agnes Leclerc","@id":"https:\/\/comite-ecologique-ariegeois.org\/#\/schema\/person\/3787f84167fcc3c8e288ae31a9353e8c"},"headline":"Gravi\u00e8res de la basse vall\u00e9e de l\u2019Ari\u00e8ge","datePublished":"2024-11-17T18:18:35+00:00","dateModified":"2025-01-19T17:02:29+00:00","mainEntityOfPage":{"@id":"https:\/\/comite-ecologique-ariegeois.org\/?p=4118"},"wordCount":1557,"commentCount":0,"publisher":{"@id":"https:\/\/comite-ecologique-ariegeois.org\/#organization"},"image":{"@id":"https:\/\/comite-ecologique-ariegeois.org\/?p=4118#primaryimage"},"thumbnailUrl":"https:\/\/comite-ecologique-ariegeois.org\/wp-content\/uploads\/2024\/09\/Photo-CEA-allegee-Graviere-Siadoux-a-Saverdun_17-07-12-scaled-e1770822561312.jpg","inLanguage":"fr-FR","potentialAction":[{"@type":"CommentAction","name":"Comment","target":["https:\/\/comite-ecologique-ariegeois.org\/?p=4118#respond"]}]},{"@type":"WebPage","@id":"https:\/\/comite-ecologique-ariegeois.org\/?p=4118","url":"https:\/\/comite-ecologique-ariegeois.org\/?p=4118","name":"Gravi\u00e8res de la basse vall\u00e9e de l\u2019Ari\u00e8ge - Comit\u00e9 Ecologique Ari\u00e8geois","isPartOf":{"@id":"https:\/\/comite-ecologique-ariegeois.org\/#website"},"primaryImageOfPage":{"@id":"https:\/\/comite-ecologique-ariegeois.org\/?p=4118#primaryimage"},"image":{"@id":"https:\/\/comite-ecologique-ariegeois.org\/?p=4118#primaryimage"},"thumbnailUrl":"https:\/\/comite-ecologique-ariegeois.org\/wp-content\/uploads\/2024\/09\/Photo-CEA-allegee-Graviere-Siadoux-a-Saverdun_17-07-12-scaled-e1770822561312.jpg","datePublished":"2024-11-17T18:18:35+00:00","dateModified":"2025-01-19T17:02:29+00:00","breadcrumb":{"@id":"https:\/\/comite-ecologique-ariegeois.org\/?p=4118#breadcrumb"},"inLanguage":"fr-FR","potentialAction":[{"@type":"ReadAction","target":["https:\/\/comite-ecologique-ariegeois.org\/?p=4118"]}]},{"@type":"ImageObject","inLanguage":"fr-FR","@id":"https:\/\/comite-ecologique-ariegeois.org\/?p=4118#primaryimage","url":"https:\/\/comite-ecologique-ariegeois.org\/wp-content\/uploads\/2024\/09\/Photo-CEA-allegee-Graviere-Siadoux-a-Saverdun_17-07-12-scaled-e1770822561312.jpg","contentUrl":"https:\/\/comite-ecologique-ariegeois.org\/wp-content\/uploads\/2024\/09\/Photo-CEA-allegee-Graviere-Siadoux-a-Saverdun_17-07-12-scaled-e1770822561312.jpg","width":2510,"height":1626},{"@type":"BreadcrumbList","@id":"https:\/\/comite-ecologique-ariegeois.org\/?p=4118#breadcrumb","itemListElement":[{"@type":"ListItem","position":1,"name":"Accueil","item":"https:\/\/comite-ecologique-ariegeois.org\/"},{"@type":"ListItem","position":2,"name":"Gravi\u00e8res de la basse vall\u00e9e de l\u2019Ari\u00e8ge"}]},{"@type":"WebSite","@id":"https:\/\/comite-ecologique-ariegeois.org\/#website","url":"https:\/\/comite-ecologique-ariegeois.org\/","name":"Comit\u00e9 Ecologique Ari\u00e8geois","description":"Assotiation de protection de la nature","publisher":{"@id":"https:\/\/comite-ecologique-ariegeois.org\/#organization"},"potentialAction":[{"@type":"SearchAction","target":{"@type":"EntryPoint","urlTemplate":"https:\/\/comite-ecologique-ariegeois.org\/?s={search_term_string}"},"query-input":{"@type":"PropertyValueSpecification","valueRequired":true,"valueName":"search_term_string"}}],"inLanguage":"fr-FR"},{"@type":"Organization","@id":"https:\/\/comite-ecologique-ariegeois.org\/#organization","name":"Comit\u00e9 Ecologique Ari\u00e8geois","url":"https:\/\/comite-ecologique-ariegeois.org\/","logo":{"@type":"ImageObject","inLanguage":"fr-FR","@id":"https:\/\/comite-ecologique-ariegeois.org\/#\/schema\/logo\/image\/","url":"https:\/\/comite-ecologique-ariegeois.org\/wp-content\/uploads\/2025\/01\/logo_nouveau_cea_jpeg_250pix_02_03_24-a8816.jpg","contentUrl":"https:\/\/comite-ecologique-ariegeois.org\/wp-content\/uploads\/2025\/01\/logo_nouveau_cea_jpeg_250pix_02_03_24-a8816.jpg","width":250,"height":250,"caption":"Comit\u00e9 Ecologique Ari\u00e8geois"},"image":{"@id":"https:\/\/comite-ecologique-ariegeois.org\/#\/schema\/logo\/image\/"},"sameAs":["https:\/\/www.facebook.com\/comite.ariegeois\/","https:\/\/www.instagram.com\/comite.ecologique.ariegeois\/"]},{"@type":"Person","@id":"https:\/\/comite-ecologique-ariegeois.org\/#\/schema\/person\/3787f84167fcc3c8e288ae31a9353e8c","name":"Agnes Leclerc","image":{"@type":"ImageObject","inLanguage":"fr-FR","@id":"https:\/\/comite-ecologique-ariegeois.org\/#\/schema\/person\/image\/","url":"https:\/\/secure.gravatar.com\/avatar\/4417c816dc85d0fe4651564fdc6a53cbbda00d806b069c51882bc0201046d31a?s=96&d=mm&r=g","contentUrl":"https:\/\/secure.gravatar.com\/avatar\/4417c816dc85d0fe4651564fdc6a53cbbda00d806b069c51882bc0201046d31a?s=96&d=mm&r=g","caption":"Agnes Leclerc"},"url":"https:\/\/comite-ecologique-ariegeois.org\/?author=6"}]}},"_links":{"self":[{"href":"https:\/\/comite-ecologique-ariegeois.org\/index.php?rest_route=\/wp\/v2\/posts\/4118","targetHints":{"allow":["GET"]}}],"collection":[{"href":"https:\/\/comite-ecologique-ariegeois.org\/index.php?rest_route=\/wp\/v2\/posts"}],"about":[{"href":"https:\/\/comite-ecologique-ariegeois.org\/index.php?rest_route=\/wp\/v2\/types\/post"}],"author":[{"embeddable":true,"href":"https:\/\/comite-ecologique-ariegeois.org\/index.php?rest_route=\/wp\/v2\/users\/6"}],"replies":[{"embeddable":true,"href":"https:\/\/comite-ecologique-ariegeois.org\/index.php?rest_route=%2Fwp%2Fv2%2Fcomments&post=4118"}],"version-history":[{"count":95,"href":"https:\/\/comite-ecologique-ariegeois.org\/index.php?rest_route=\/wp\/v2\/posts\/4118\/revisions"}],"predecessor-version":[{"id":8082,"href":"https:\/\/comite-ecologique-ariegeois.org\/index.php?rest_route=\/wp\/v2\/posts\/4118\/revisions\/8082"}],"wp:featuredmedia":[{"embeddable":true,"href":"https:\/\/comite-ecologique-ariegeois.org\/index.php?rest_route=\/wp\/v2\/media\/778"}],"wp:attachment":[{"href":"https:\/\/comite-ecologique-ariegeois.org\/index.php?rest_route=%2Fwp%2Fv2%2Fmedia&parent=4118"}],"wp:term":[{"taxonomy":"category","embeddable":true,"href":"https:\/\/comite-ecologique-ariegeois.org\/index.php?rest_route=%2Fwp%2Fv2%2Fcategories&post=4118"},{"taxonomy":"post_tag","embeddable":true,"href":"https:\/\/comite-ecologique-ariegeois.org\/index.php?rest_route=%2Fwp%2Fv2%2Ftags&post=4118"}],"curies":[{"name":"wp","href":"https:\/\/api.w.org\/{rel}","templated":true}]}}