{"id":4086,"date":"2024-11-16T11:40:13","date_gmt":"2024-11-16T10:40:13","guid":{"rendered":"https:\/\/comite-ecologique-ariegeois.org\/?p=4086"},"modified":"2025-01-07T20:37:33","modified_gmt":"2025-01-07T19:37:33","slug":"la-foret-en-ariege-2","status":"publish","type":"post","link":"https:\/\/comite-ecologique-ariegeois.org\/?p=4086","title":{"rendered":"La for\u00eat en Ari\u00e8ge"},"content":{"rendered":"\t\t<div data-elementor-type=\"wp-post\" data-elementor-id=\"4086\" class=\"elementor elementor-4086\">\n\t\t\t\t<div class=\"elementor-element elementor-element-6c55488a e-flex e-con-boxed e-con e-parent\" data-id=\"6c55488a\" data-element_type=\"container\">\n\t\t\t\t\t<div class=\"e-con-inner\">\n\t\t\t\t<div class=\"elementor-element elementor-element-317e9965 elementor-widget elementor-widget-text-editor\" data-id=\"317e9965\" data-element_type=\"widget\" data-widget_type=\"text-editor.default\">\n\t\t\t\t<div class=\"elementor-widget-container\">\n\t\t\t\t\t\t\t\t\t<p><\/p>\n<p>L\u2019Ari\u00e8ge est un d\u00e9partement tr\u00e8s forestier, avec une couverture bois\u00e9e de plus de 50 %.<\/p>\n<p><\/p>\n<p>La plaine est constitu\u00e9 majoritairement de for\u00eats priv\u00e9es, alors qu\u2019en montagne, la for\u00eat est \u00e0 plus de 75 % publique (communale, domaniale ou indivise).<\/p>\n<p><\/p>\n<p>Les massifs sont tr\u00e8s diversifi\u00e9s, de la ch\u00eanaie de plaine \u00e0 la h\u00eatraie sapini\u00e8re, qui domine l&rsquo;\u00e9tage montagnard pyr\u00e9n\u00e9en.<\/p>\n<p><\/p>\n<p>Les enjeux \u00e9cologiques y sont \u00e9normes, tant en mati\u00e8re d&rsquo;habitats naturels que d&rsquo;esp\u00e8ces. Les <strong><a href=\"https:\/\/www.vieillesforets.com\/\">vieilles for\u00eats<\/a><\/strong>, v\u00e9ritables c\u0153urs de biodiversit\u00e9, accomplissent leur cycle biologique naturel. Leur pr\u00e9servation est une priorit\u00e9.<\/p>\n<p><\/p>\n<p>Le Comit\u00e9 \u00c9cologique Ari\u00e9geois maintient une veille \u00e9cologique sur la for\u00eat ari\u00e9geoise.<\/p>\n<p><\/p>\n<p><strong>Coupes rases et abusives<\/strong><\/p>\n<p><\/p>\n<p>L&rsquo;association invite adh\u00e9rents et sympathisants \u00e0 lui signaler toute coupe paraissant abusive.<\/p>\n<p><\/p>\n<p>Il existe en Ari\u00e8ge un <strong><a href=\"http:\/\/www.vieillesforets.com\/wp-content\/uploads\/2024\/11\/ARRETE-COUPES-RASES.pdf\">arr\u00eat\u00e9 pr\u00e9fectoral<\/a><\/strong> fixant un seuil de deux hectares au coupes rases, au del\u00e0 duquel la coupe n\u00e9cessite une autorisation pr\u00e9fectorale (rarement accord\u00e9e sauf en cas de coupe sanitaire). On consid\u00e8re une coupe rase de futaie lorsque plus d&rsquo;un arbre sur deux est pr\u00e9lev\u00e9.<\/p>\n<p><\/p>\n<p>N&rsquo;h\u00e9sitez pas \u00e0 nous donner le maximum d&rsquo;informations : localisation exacte, point GPS ou num\u00e9ros de parcelles cadastrales, surface approximative de la coupe, photos.<\/p>\n<p><\/p>\n<p>Franchissements ill\u00e9gaux de ruisseaux ou tassement de zones humides par des engins forestiers, pistes foresti\u00e8res ill\u00e9gales, vols de bois, sont malheureusement de mise dans notre d\u00e9partement comme sur l&rsquo;ensemble du massif.<\/p>\n<p><\/p>\n<p><strong>P\u00e9n\u00e9trations de massifs forestiers en montagne et en pi\u00e9mont<\/strong><\/p>\n<p><\/p>\n<p>Le moyen le plus efficace de pr\u00e9server la qui\u00e9tude des habitats naturels, et donc leur faune, leur flore et leur fonge, est d\u2019en limiter les acc\u00e8s. La couverture foresti\u00e8re a tr\u00e8s fortement augment\u00e9 depuis 1950 en raison d\u2019une d\u00e9prise agricole massive (exode rural et changement de mod\u00e8le de soci\u00e9t\u00e9), toutefois, quantit\u00e9 ne rime pas avec qualit\u00e9 \u00e9cologique. Ainsi, de tr\u00e8s nombreuses esp\u00e8ces sont aujourd\u2019hui en voie de r\u00e9gression pour de nombreuses raisons, dont la fr\u00e9quentation humaine en est l\u2019un des principaux facteurs (stations de ski, tourisme dont pratiques hivernales hors sentier, routes foresti\u00e8res, etc).<\/p>\n<p><\/p>\n<p>Les techniques de d\u00e9bardage ont \u00e9volu\u00e9 avec le temps. En 1950, il n\u2019existait pas de route foresti\u00e8re ou piste empierr\u00e9e dans les Pyr\u00e9n\u00e9es centrales (d\u00e9partements 65, 31, 09). En 2010, il en existait 3300 kilom\u00e8tres.<\/p>\n<p><\/p>\n<p>Aujourd\u2019hui encore, des massifs en \u00e9volution naturelle sont menac\u00e9s de p\u00e9n\u00e9tration par des routes foresti\u00e8res, tant en pi\u00e9mont qu\u2019en montagne, dans un objectif purement \u00e9conomique de r\u00e9colte de bois. Celles-ci sont subventionn\u00e9es de 40 \u00e0 80\u00a0% selon le contexte. Consid\u00e9rant l\u2019enjeu \u00e9cologique que repr\u00e9sentent les vieilles for\u00eats pyr\u00e9n\u00e9ennes, l\u2019appel \u00e0 projets \u00ab\u00a0desserte\u00a0\u00bb 2023\/2027 en Occitanie rend in\u00e9ligibles les dossiers visant l\u2019exploitation des vieilles for\u00eats. Cette mesure pr\u00e9serve un\u00a0% significatif des for\u00eats en \u00e9volution naturelle dans les Pyr\u00e9n\u00e9es mais le travail reste \u00e9norme et la veille \u00e9cologique plus importante que jamais.<\/p>\n<p><\/p>\n<p>Le CEA est tr\u00e8s attentif et n\u2019h\u00e9site pas \u00e0 s\u2019impliquer dans les projets de desserte en Ari\u00e8ge dans le domaine priv\u00e9, lorsque ceux-ci menacent la pr\u00e9servation de la biodiversit\u00e9.<\/p>\n<p><\/p>\n<p><strong>Partenaires<\/strong><\/p>\n<p><\/p>\n<p>L\u2019association est partenaire de Nature En Occitanie, qui porte <strong>l\u2019<a href=\"https:\/\/www.natureo.org\/missions\/animation-territoriale\/observatoire-des-forets-des-pyrenees-centrales\/\">Observatoire des for\u00eats des Pyr\u00e9n\u00e9es centrales<\/a><\/strong>. Elle est membre de FNE o\u00f9 existe un dynamique r\u00e9seau for\u00eat. Elle adh\u00e8re au projet du fonds de dotation <a href=\"https:\/\/foretspreservees.com\/\"><strong>For\u00eats pr\u00e9serv\u00e9es<\/strong><\/a>, qui \u0153uvre \u00e0 pr\u00e9server des for\u00eats \u00e0 foret enjeu \u00e9cologique en les retirant de l\u2019exploitation foresti\u00e8re, gr\u00e2ce \u00e0 l\u2019acquisition fonci\u00e8re.<\/p>\n<p><\/p>\n<p>Pour plus d\u2019informations sur les vieilles for\u00eats pyr\u00e9n\u00e9ennes\u00a0: site <a href=\"https:\/\/www.google.com\/search?client=firefox-b-d&amp;sca_esv=fdc9a68c17428299&amp;q=vieillesforets.com&amp;spell=1&amp;sa=X&amp;ved=2ahUKEwiyysrNw9uJAxXETKQEHZDnBSsQBSgAegQIDBAB\"><em><strong>vieillesforets<\/strong><\/em>.com<\/a><\/p>\n<p><\/p>\n<p><strong>L&rsquo;association est \u00e9galement membre de <a href=\"https:\/\/www.touchepasamaforet.org\/\">Touche Pas A Ma For\u00eat Pyr\u00e9n\u00e9es<\/a> et de <a href=\"https:\/\/foretsvivantes-pyrenees.fr\/\">For\u00eats vivantes Pyr\u00e9n\u00e9es<\/a> <\/strong>qui lutte contre des m\u00e9ga projets souhaitant s&rsquo;installer aux portes des Pyr\u00e9n\u00e9es pour produire des biocarburants avec la biomasse foresti\u00e8re, au pr\u00e9texte d&rsquo;une transition \u00e9cologique qui n&rsquo;en a que le nom.<\/p>\n<p><\/p>\t\t\t\t\t\t\t\t<\/div>\n\t\t\t\t<\/div>\n\t\t\t\t<div class=\"elementor-element elementor-element-72993d0 elementor-widget elementor-widget-image\" data-id=\"72993d0\" data-element_type=\"widget\" data-widget_type=\"image.default\">\n\t\t\t\t<div class=\"elementor-widget-container\">\n\t\t\t\t\t\t\t\t\t\t\t\t<figure class=\"wp-caption\">\n\t\t\t\t\t\t\t\t\t\t<img fetchpriority=\"high\" decoding=\"async\" width=\"1024\" height=\"576\" src=\"https:\/\/comite-ecologique-ariegeois.org\/wp-content\/uploads\/2024\/11\/Photo-CEA_Coupe-rase-de-plus-de-2-hectares-Fougax-et-Barrineuf_NX_CEA_2017-1024x576.jpg\" class=\"attachment-large size-large wp-image-4105\" alt=\"\" srcset=\"https:\/\/comite-ecologique-ariegeois.org\/wp-content\/uploads\/2024\/11\/Photo-CEA_Coupe-rase-de-plus-de-2-hectares-Fougax-et-Barrineuf_NX_CEA_2017-1024x576.jpg 1024w, https:\/\/comite-ecologique-ariegeois.org\/wp-content\/uploads\/2024\/11\/Photo-CEA_Coupe-rase-de-plus-de-2-hectares-Fougax-et-Barrineuf_NX_CEA_2017-300x169.jpg 300w, https:\/\/comite-ecologique-ariegeois.org\/wp-content\/uploads\/2024\/11\/Photo-CEA_Coupe-rase-de-plus-de-2-hectares-Fougax-et-Barrineuf_NX_CEA_2017-768x432.jpg 768w, https:\/\/comite-ecologique-ariegeois.org\/wp-content\/uploads\/2024\/11\/Photo-CEA_Coupe-rase-de-plus-de-2-hectares-Fougax-et-Barrineuf_NX_CEA_2017.jpg 1500w\" sizes=\"(max-width: 1024px) 100vw, 1024px\" \/>\t\t\t\t\t\t\t\t\t\t\t<figcaption class=\"widget-image-caption wp-caption-text\"><\/figcaption>\n\t\t\t\t\t\t\t\t\t\t<\/figure>\n\t\t\t\t\t\t\t\t\t<\/div>\n\t\t\t\t<\/div>\n\t\t\t\t<div class=\"elementor-element elementor-element-dbecfb4 elementor-widget elementor-widget-text-editor\" data-id=\"dbecfb4\" data-element_type=\"widget\" data-widget_type=\"text-editor.default\">\n\t\t\t\t<div class=\"elementor-widget-container\">\n\t\t\t\t\t\t\t\t\t<p>Coupe rase de plus de 2 hectares, Fougax et Barrineuf 2017<\/p>\t\t\t\t\t\t\t\t<\/div>\n\t\t\t\t<\/div>\n\t\t\t\t\t<\/div>\n\t\t\t\t<\/div>\n\t\t<div class=\"elementor-element elementor-element-493b135 e-grid e-con-boxed e-con e-parent\" data-id=\"493b135\" data-element_type=\"container\">\n\t\t\t\t\t<div class=\"e-con-inner\">\n\t\t\t\t<div class=\"elementor-element elementor-element-1e09261 elementor-widget elementor-widget-image\" data-id=\"1e09261\" data-element_type=\"widget\" data-widget_type=\"image.default\">\n\t\t\t\t<div class=\"elementor-widget-container\">\n\t\t\t\t\t\t\t\t\t\t\t\t\t\t\t\t<a href=\"https:\/\/www.natureo.org\/missions\/animation-territoriale\/observatoire-des-forets-des-pyrenees-centrales\/\">\n\t\t\t\t\t\t\t<img decoding=\"async\" width=\"900\" height=\"900\" src=\"https:\/\/comite-ecologique-ariegeois.org\/wp-content\/uploads\/2024\/11\/proxy-image.jpeg\" class=\"attachment-large size-large wp-image-4090\" alt=\"\" srcset=\"https:\/\/comite-ecologique-ariegeois.org\/wp-content\/uploads\/2024\/11\/proxy-image.jpeg 900w, https:\/\/comite-ecologique-ariegeois.org\/wp-content\/uploads\/2024\/11\/proxy-image-300x300.jpeg 300w, https:\/\/comite-ecologique-ariegeois.org\/wp-content\/uploads\/2024\/11\/proxy-image-150x150.jpeg 150w, https:\/\/comite-ecologique-ariegeois.org\/wp-content\/uploads\/2024\/11\/proxy-image-768x768.jpeg 768w\" sizes=\"(max-width: 900px) 100vw, 900px\" \/>\t\t\t\t\t\t\t\t<\/a>\n\t\t\t\t\t\t\t\t\t\t\t\t\t\t\t<\/div>\n\t\t\t\t<\/div>\n\t\t\t\t<div class=\"elementor-element elementor-element-1c37dd8 elementor-widget elementor-widget-image\" data-id=\"1c37dd8\" data-element_type=\"widget\" data-widget_type=\"image.default\">\n\t\t\t\t<div class=\"elementor-widget-container\">\n\t\t\t\t\t\t\t\t\t\t\t\t\t\t\t\t<a href=\"https:\/\/foretspreservees.com\/\">\n\t\t\t\t\t\t\t<img decoding=\"async\" width=\"785\" height=\"556\" src=\"https:\/\/comite-ecologique-ariegeois.org\/wp-content\/uploads\/2024\/11\/Capture-decran_logo-definitif.jpg\" class=\"attachment-large size-large wp-image-4107\" alt=\"\" srcset=\"https:\/\/comite-ecologique-ariegeois.org\/wp-content\/uploads\/2024\/11\/Capture-decran_logo-definitif.jpg 785w, https:\/\/comite-ecologique-ariegeois.org\/wp-content\/uploads\/2024\/11\/Capture-decran_logo-definitif-300x212.jpg 300w, https:\/\/comite-ecologique-ariegeois.org\/wp-content\/uploads\/2024\/11\/Capture-decran_logo-definitif-768x544.jpg 768w\" sizes=\"(max-width: 785px) 100vw, 785px\" \/>\t\t\t\t\t\t\t\t<\/a>\n\t\t\t\t\t\t\t\t\t\t\t\t\t\t\t<\/div>\n\t\t\t\t<\/div>\n\t\t\t\t<div class=\"elementor-element elementor-element-b76c2ff elementor-widget elementor-widget-image\" data-id=\"b76c2ff\" data-element_type=\"widget\" data-widget_type=\"image.default\">\n\t\t\t\t<div class=\"elementor-widget-container\">\n\t\t\t\t\t\t\t\t\t\t\t\t\t\t\t\t<a href=\"https:\/\/www.google.com\/url?sa=t&#038;source=web&#038;rct=j&#038;opi=89978449&#038;url=https:\/\/foretsvivantes-pyrenees.fr\/&#038;ved=2ahUKEwjFqv2i1aKKAxUNTaQEHSyKA_YQFnoECBYQAQ&#038;usg=AOvVaw02THUX8zlSHieemWgiQUgS\">\n\t\t\t\t\t\t\t<img loading=\"lazy\" decoding=\"async\" width=\"407\" height=\"403\" src=\"https:\/\/comite-ecologique-ariegeois.org\/wp-content\/uploads\/2024\/11\/Capture-decran-2024-12-10-182758.png\" class=\"attachment-large size-large wp-image-5517\" alt=\"\" srcset=\"https:\/\/comite-ecologique-ariegeois.org\/wp-content\/uploads\/2024\/11\/Capture-decran-2024-12-10-182758.png 407w, https:\/\/comite-ecologique-ariegeois.org\/wp-content\/uploads\/2024\/11\/Capture-decran-2024-12-10-182758-300x297.png 300w, https:\/\/comite-ecologique-ariegeois.org\/wp-content\/uploads\/2024\/11\/Capture-decran-2024-12-10-182758-150x150.png 150w\" sizes=\"(max-width: 407px) 100vw, 407px\" \/>\t\t\t\t\t\t\t\t<\/a>\n\t\t\t\t\t\t\t\t\t\t\t\t\t\t\t<\/div>\n\t\t\t\t<\/div>\n\t\t\t\t<div class=\"elementor-element elementor-element-b45e51a elementor-widget elementor-widget-image\" data-id=\"b45e51a\" data-element_type=\"widget\" data-widget_type=\"image.default\">\n\t\t\t\t<div class=\"elementor-widget-container\">\n\t\t\t\t\t\t\t\t\t\t\t\t\t\t\t\t<a href=\"https:\/\/comite-ecologique-ariegeois.org\/wp-content\/uploads\/2024\/11\/Forets-vivantes-Pyrenees_LOGO.pdf\">\n\t\t\t\t\t\t\t<img decoding=\"async\" src=\"https:\/\/comite-ecologique-ariegeois.org\/wp-content\/uploads\/2024\/11\/Forets-vivantes-Pyrenees_LOGO.pdf\" title=\"\" alt=\"\" loading=\"lazy\" \/>\t\t\t\t\t\t\t\t<\/a>\n\t\t\t\t\t\t\t\t\t\t\t\t\t\t\t<\/div>\n\t\t\t\t<\/div>\n\t\t\t\t<div class=\"elementor-element elementor-element-e1d9265 elementor-widget__width-initial elementor-widget elementor-widget-text-editor\" data-id=\"e1d9265\" data-element_type=\"widget\" data-widget_type=\"text-editor.default\">\n\t\t\t\t<div class=\"elementor-widget-container\">\n\t\t\t\t\t\t\t\t\t<h3><a href=\"https:\/\/www.vieillesforets.com\/\">VieillesForets.com<\/a><\/h3>\t\t\t\t\t\t\t\t<\/div>\n\t\t\t\t<\/div>\n\t\t\t\t<div class=\"elementor-element elementor-element-a6e6709 elementor-widget elementor-widget-image\" data-id=\"a6e6709\" data-element_type=\"widget\" data-widget_type=\"image.default\">\n\t\t\t\t<div class=\"elementor-widget-container\">\n\t\t\t\t\t\t\t\t\t\t\t\t\t\t\t\t<a href=\"https:\/\/comite-ecologique-ariegeois.org\/wp-content\/uploads\/2024\/11\/Forets-vivantes-Pyrenees_LOGO.pdf\">\n\t\t\t\t\t\t\t<img decoding=\"async\" src=\"https:\/\/comite-ecologique-ariegeois.org\/wp-content\/uploads\/2024\/11\/Forets-vivantes-Pyrenees_LOGO.pdf\" title=\"\" alt=\"\" loading=\"lazy\" \/>\t\t\t\t\t\t\t\t<\/a>\n\t\t\t\t\t\t\t\t\t\t\t\t\t\t\t<\/div>\n\t\t\t\t<\/div>\n\t\t\t\t\t<\/div>\n\t\t\t\t<\/div>\n\t\t<div class=\"elementor-element elementor-element-a6ac109 e-grid e-con-full e-con e-parent\" data-id=\"a6ac109\" data-element_type=\"container\">\n\t\t\t\t<\/div>\n\t\t<div class=\"elementor-element elementor-element-db34597 e-flex e-con-boxed e-con e-parent\" data-id=\"db34597\" data-element_type=\"container\">\n\t\t\t\t\t<div class=\"e-con-inner\">\n\t\t\t\t\t<\/div>\n\t\t\t\t<\/div>\n\t\t\t\t<\/div>\n\t\t","protected":false},"excerpt":{"rendered":"<p>L\u2019Ari\u00e8ge est un d\u00e9partement tr\u00e8s forestier, avec une couverture bois\u00e9e de plus de 50 %. La plaine est constitu\u00e9 majoritairement de for\u00eats priv\u00e9es, alors qu\u2019en montagne, la for\u00eat est \u00e0 plus de 75 % publique (communale, domaniale ou indivise). Les massifs sont tr\u00e8s diversifi\u00e9s, de la ch\u00eanaie de plaine \u00e0 la h\u00eatraie sapini\u00e8re, qui domine&hellip;&nbsp;<a href=\"https:\/\/comite-ecologique-ariegeois.org\/?p=4086\" rel=\"bookmark\">Lire la suite &raquo;<span class=\"screen-reader-text\">La for\u00eat en Ari\u00e8ge<\/span><\/a><\/p>\n","protected":false},"author":11,"featured_media":1035,"comment_status":"open","ping_status":"open","sticky":false,"template":"","format":"standard","meta":{"neve_meta_sidebar":"","neve_meta_container":"","neve_meta_enable_content_width":"","neve_meta_content_width":0,"neve_meta_title_alignment":"","neve_meta_author_avatar":"","neve_post_elements_order":"","neve_meta_disable_header":"","neve_meta_disable_footer":"","neve_meta_disable_title":"","footnotes":""},"categories":[1],"tags":[],"class_list":["post-4086","post","type-post","status-publish","format-standard","has-post-thumbnail","hentry","category-non-classe"],"yoast_head":"<!-- This site is optimized with the Yoast SEO plugin v26.4 - https:\/\/yoast.com\/wordpress\/plugins\/seo\/ -->\n<title>La for\u00eat en Ari\u00e8ge - Comit\u00e9 Ecologique Ari\u00e8geois<\/title>\n<meta name=\"robots\" content=\"index, follow, max-snippet:-1, max-image-preview:large, max-video-preview:-1\" \/>\n<link rel=\"canonical\" href=\"https:\/\/comite-ecologique-ariegeois.org\/?p=4086\" \/>\n<meta property=\"og:locale\" content=\"fr_FR\" \/>\n<meta property=\"og:type\" content=\"article\" \/>\n<meta property=\"og:title\" content=\"La for\u00eat en Ari\u00e8ge - Comit\u00e9 Ecologique Ari\u00e8geois\" \/>\n<meta property=\"og:description\" content=\"L\u2019Ari\u00e8ge est un d\u00e9partement tr\u00e8s forestier, avec une couverture bois\u00e9e de plus de 50 %. La plaine est constitu\u00e9 majoritairement de for\u00eats priv\u00e9es, alors qu\u2019en montagne, la for\u00eat est \u00e0 plus de 75 % publique (communale, domaniale ou indivise). Les massifs sont tr\u00e8s diversifi\u00e9s, de la ch\u00eanaie de plaine \u00e0 la h\u00eatraie sapini\u00e8re, qui domine&hellip;&nbsp;Lire la suite &raquo;La for\u00eat en Ari\u00e8ge\" \/>\n<meta property=\"og:url\" content=\"https:\/\/comite-ecologique-ariegeois.org\/?p=4086\" \/>\n<meta property=\"og:site_name\" content=\"Comit\u00e9 Ecologique Ari\u00e8geois\" \/>\n<meta property=\"article:publisher\" content=\"https:\/\/www.facebook.com\/comite.ariegeois\/\" \/>\n<meta property=\"article:published_time\" content=\"2024-11-16T10:40:13+00:00\" \/>\n<meta property=\"article:modified_time\" content=\"2025-01-07T19:37:33+00:00\" \/>\n<meta property=\"og:image\" content=\"https:\/\/comite-ecologique-ariegeois.org\/wp-content\/uploads\/2024\/09\/Vieille-foret_NX_DSC00244-1.jpg\" \/>\n\t<meta property=\"og:image:width\" content=\"1500\" \/>\n\t<meta property=\"og:image:height\" content=\"984\" \/>\n\t<meta property=\"og:image:type\" content=\"image\/jpeg\" \/>\n<meta name=\"author\" content=\"Philippe Falbet\" \/>\n<meta name=\"twitter:card\" content=\"summary_large_image\" \/>\n<meta name=\"twitter:label1\" content=\"\u00c9crit par\" \/>\n\t<meta name=\"twitter:data1\" content=\"Philippe Falbet\" \/>\n\t<meta name=\"twitter:label2\" content=\"Dur\u00e9e de lecture estim\u00e9e\" \/>\n\t<meta name=\"twitter:data2\" content=\"4 minutes\" \/>\n<script type=\"application\/ld+json\" class=\"yoast-schema-graph\">{\"@context\":\"https:\/\/schema.org\",\"@graph\":[{\"@type\":\"Article\",\"@id\":\"https:\/\/comite-ecologique-ariegeois.org\/?p=4086#article\",\"isPartOf\":{\"@id\":\"https:\/\/comite-ecologique-ariegeois.org\/?p=4086\"},\"author\":{\"name\":\"Philippe Falbet\",\"@id\":\"https:\/\/comite-ecologique-ariegeois.org\/#\/schema\/person\/7d7d918b4fb999119bed33eb5693b457\"},\"headline\":\"La for\u00eat en Ari\u00e8ge\",\"datePublished\":\"2024-11-16T10:40:13+00:00\",\"dateModified\":\"2025-01-07T19:37:33+00:00\",\"mainEntityOfPage\":{\"@id\":\"https:\/\/comite-ecologique-ariegeois.org\/?p=4086\"},\"wordCount\":725,\"commentCount\":0,\"publisher\":{\"@id\":\"https:\/\/comite-ecologique-ariegeois.org\/#organization\"},\"image\":{\"@id\":\"https:\/\/comite-ecologique-ariegeois.org\/?p=4086#primaryimage\"},\"thumbnailUrl\":\"https:\/\/comite-ecologique-ariegeois.org\/wp-content\/uploads\/2024\/09\/Vieille-foret_NX_DSC00244-1.jpg\",\"inLanguage\":\"fr-FR\",\"potentialAction\":[{\"@type\":\"CommentAction\",\"name\":\"Comment\",\"target\":[\"https:\/\/comite-ecologique-ariegeois.org\/?p=4086#respond\"]}]},{\"@type\":\"WebPage\",\"@id\":\"https:\/\/comite-ecologique-ariegeois.org\/?p=4086\",\"url\":\"https:\/\/comite-ecologique-ariegeois.org\/?p=4086\",\"name\":\"La for\u00eat en Ari\u00e8ge - Comit\u00e9 Ecologique Ari\u00e8geois\",\"isPartOf\":{\"@id\":\"https:\/\/comite-ecologique-ariegeois.org\/#website\"},\"primaryImageOfPage\":{\"@id\":\"https:\/\/comite-ecologique-ariegeois.org\/?p=4086#primaryimage\"},\"image\":{\"@id\":\"https:\/\/comite-ecologique-ariegeois.org\/?p=4086#primaryimage\"},\"thumbnailUrl\":\"https:\/\/comite-ecologique-ariegeois.org\/wp-content\/uploads\/2024\/09\/Vieille-foret_NX_DSC00244-1.jpg\",\"datePublished\":\"2024-11-16T10:40:13+00:00\",\"dateModified\":\"2025-01-07T19:37:33+00:00\",\"breadcrumb\":{\"@id\":\"https:\/\/comite-ecologique-ariegeois.org\/?p=4086#breadcrumb\"},\"inLanguage\":\"fr-FR\",\"potentialAction\":[{\"@type\":\"ReadAction\",\"target\":[\"https:\/\/comite-ecologique-ariegeois.org\/?p=4086\"]}]},{\"@type\":\"ImageObject\",\"inLanguage\":\"fr-FR\",\"@id\":\"https:\/\/comite-ecologique-ariegeois.org\/?p=4086#primaryimage\",\"url\":\"https:\/\/comite-ecologique-ariegeois.org\/wp-content\/uploads\/2024\/09\/Vieille-foret_NX_DSC00244-1.jpg\",\"contentUrl\":\"https:\/\/comite-ecologique-ariegeois.org\/wp-content\/uploads\/2024\/09\/Vieille-foret_NX_DSC00244-1.jpg\",\"width\":1500,\"height\":984},{\"@type\":\"BreadcrumbList\",\"@id\":\"https:\/\/comite-ecologique-ariegeois.org\/?p=4086#breadcrumb\",\"itemListElement\":[{\"@type\":\"ListItem\",\"position\":1,\"name\":\"Accueil\",\"item\":\"https:\/\/comite-ecologique-ariegeois.org\/\"},{\"@type\":\"ListItem\",\"position\":2,\"name\":\"La for\u00eat en Ari\u00e8ge\"}]},{\"@type\":\"WebSite\",\"@id\":\"https:\/\/comite-ecologique-ariegeois.org\/#website\",\"url\":\"https:\/\/comite-ecologique-ariegeois.org\/\",\"name\":\"Comit\u00e9 Ecologique Ari\u00e8geois\",\"description\":\"Assotiation de protection de la nature\",\"publisher\":{\"@id\":\"https:\/\/comite-ecologique-ariegeois.org\/#organization\"},\"potentialAction\":[{\"@type\":\"SearchAction\",\"target\":{\"@type\":\"EntryPoint\",\"urlTemplate\":\"https:\/\/comite-ecologique-ariegeois.org\/?s={search_term_string}\"},\"query-input\":{\"@type\":\"PropertyValueSpecification\",\"valueRequired\":true,\"valueName\":\"search_term_string\"}}],\"inLanguage\":\"fr-FR\"},{\"@type\":\"Organization\",\"@id\":\"https:\/\/comite-ecologique-ariegeois.org\/#organization\",\"name\":\"Comit\u00e9 Ecologique Ari\u00e8geois\",\"url\":\"https:\/\/comite-ecologique-ariegeois.org\/\",\"logo\":{\"@type\":\"ImageObject\",\"inLanguage\":\"fr-FR\",\"@id\":\"https:\/\/comite-ecologique-ariegeois.org\/#\/schema\/logo\/image\/\",\"url\":\"https:\/\/comite-ecologique-ariegeois.org\/wp-content\/uploads\/2025\/01\/logo_nouveau_cea_jpeg_250pix_02_03_24-a8816.jpg\",\"contentUrl\":\"https:\/\/comite-ecologique-ariegeois.org\/wp-content\/uploads\/2025\/01\/logo_nouveau_cea_jpeg_250pix_02_03_24-a8816.jpg\",\"width\":250,\"height\":250,\"caption\":\"Comit\u00e9 Ecologique Ari\u00e8geois\"},\"image\":{\"@id\":\"https:\/\/comite-ecologique-ariegeois.org\/#\/schema\/logo\/image\/\"},\"sameAs\":[\"https:\/\/www.facebook.com\/comite.ariegeois\/\",\"https:\/\/www.instagram.com\/comite.ecologique.ariegeois\/\"]},{\"@type\":\"Person\",\"@id\":\"https:\/\/comite-ecologique-ariegeois.org\/#\/schema\/person\/7d7d918b4fb999119bed33eb5693b457\",\"name\":\"Philippe Falbet\",\"image\":{\"@type\":\"ImageObject\",\"inLanguage\":\"fr-FR\",\"@id\":\"https:\/\/comite-ecologique-ariegeois.org\/#\/schema\/person\/image\/\",\"url\":\"https:\/\/secure.gravatar.com\/avatar\/4b2eef068f56b2d1afbb140ef747bdf2372685a9e096d7b8c55f91306b7369d3?s=96&d=mm&r=g\",\"contentUrl\":\"https:\/\/secure.gravatar.com\/avatar\/4b2eef068f56b2d1afbb140ef747bdf2372685a9e096d7b8c55f91306b7369d3?s=96&d=mm&r=g\",\"caption\":\"Philippe Falbet\"},\"url\":\"https:\/\/comite-ecologique-ariegeois.org\/?author=11\"}]}<\/script>\n<!-- \/ Yoast SEO plugin. -->","yoast_head_json":{"title":"La for\u00eat en Ari\u00e8ge - Comit\u00e9 Ecologique Ari\u00e8geois","robots":{"index":"index","follow":"follow","max-snippet":"max-snippet:-1","max-image-preview":"max-image-preview:large","max-video-preview":"max-video-preview:-1"},"canonical":"https:\/\/comite-ecologique-ariegeois.org\/?p=4086","og_locale":"fr_FR","og_type":"article","og_title":"La for\u00eat en Ari\u00e8ge - Comit\u00e9 Ecologique Ari\u00e8geois","og_description":"L\u2019Ari\u00e8ge est un d\u00e9partement tr\u00e8s forestier, avec une couverture bois\u00e9e de plus de 50 %. La plaine est constitu\u00e9 majoritairement de for\u00eats priv\u00e9es, alors qu\u2019en montagne, la for\u00eat est \u00e0 plus de 75 % publique (communale, domaniale ou indivise). Les massifs sont tr\u00e8s diversifi\u00e9s, de la ch\u00eanaie de plaine \u00e0 la h\u00eatraie sapini\u00e8re, qui domine&hellip;&nbsp;Lire la suite &raquo;La for\u00eat en Ari\u00e8ge","og_url":"https:\/\/comite-ecologique-ariegeois.org\/?p=4086","og_site_name":"Comit\u00e9 Ecologique Ari\u00e8geois","article_publisher":"https:\/\/www.facebook.com\/comite.ariegeois\/","article_published_time":"2024-11-16T10:40:13+00:00","article_modified_time":"2025-01-07T19:37:33+00:00","og_image":[{"width":1500,"height":984,"url":"https:\/\/comite-ecologique-ariegeois.org\/wp-content\/uploads\/2024\/09\/Vieille-foret_NX_DSC00244-1.jpg","type":"image\/jpeg"}],"author":"Philippe Falbet","twitter_card":"summary_large_image","twitter_misc":{"\u00c9crit par":"Philippe Falbet","Dur\u00e9e de lecture estim\u00e9e":"4 minutes"},"schema":{"@context":"https:\/\/schema.org","@graph":[{"@type":"Article","@id":"https:\/\/comite-ecologique-ariegeois.org\/?p=4086#article","isPartOf":{"@id":"https:\/\/comite-ecologique-ariegeois.org\/?p=4086"},"author":{"name":"Philippe Falbet","@id":"https:\/\/comite-ecologique-ariegeois.org\/#\/schema\/person\/7d7d918b4fb999119bed33eb5693b457"},"headline":"La for\u00eat en Ari\u00e8ge","datePublished":"2024-11-16T10:40:13+00:00","dateModified":"2025-01-07T19:37:33+00:00","mainEntityOfPage":{"@id":"https:\/\/comite-ecologique-ariegeois.org\/?p=4086"},"wordCount":725,"commentCount":0,"publisher":{"@id":"https:\/\/comite-ecologique-ariegeois.org\/#organization"},"image":{"@id":"https:\/\/comite-ecologique-ariegeois.org\/?p=4086#primaryimage"},"thumbnailUrl":"https:\/\/comite-ecologique-ariegeois.org\/wp-content\/uploads\/2024\/09\/Vieille-foret_NX_DSC00244-1.jpg","inLanguage":"fr-FR","potentialAction":[{"@type":"CommentAction","name":"Comment","target":["https:\/\/comite-ecologique-ariegeois.org\/?p=4086#respond"]}]},{"@type":"WebPage","@id":"https:\/\/comite-ecologique-ariegeois.org\/?p=4086","url":"https:\/\/comite-ecologique-ariegeois.org\/?p=4086","name":"La for\u00eat en Ari\u00e8ge - Comit\u00e9 Ecologique Ari\u00e8geois","isPartOf":{"@id":"https:\/\/comite-ecologique-ariegeois.org\/#website"},"primaryImageOfPage":{"@id":"https:\/\/comite-ecologique-ariegeois.org\/?p=4086#primaryimage"},"image":{"@id":"https:\/\/comite-ecologique-ariegeois.org\/?p=4086#primaryimage"},"thumbnailUrl":"https:\/\/comite-ecologique-ariegeois.org\/wp-content\/uploads\/2024\/09\/Vieille-foret_NX_DSC00244-1.jpg","datePublished":"2024-11-16T10:40:13+00:00","dateModified":"2025-01-07T19:37:33+00:00","breadcrumb":{"@id":"https:\/\/comite-ecologique-ariegeois.org\/?p=4086#breadcrumb"},"inLanguage":"fr-FR","potentialAction":[{"@type":"ReadAction","target":["https:\/\/comite-ecologique-ariegeois.org\/?p=4086"]}]},{"@type":"ImageObject","inLanguage":"fr-FR","@id":"https:\/\/comite-ecologique-ariegeois.org\/?p=4086#primaryimage","url":"https:\/\/comite-ecologique-ariegeois.org\/wp-content\/uploads\/2024\/09\/Vieille-foret_NX_DSC00244-1.jpg","contentUrl":"https:\/\/comite-ecologique-ariegeois.org\/wp-content\/uploads\/2024\/09\/Vieille-foret_NX_DSC00244-1.jpg","width":1500,"height":984},{"@type":"BreadcrumbList","@id":"https:\/\/comite-ecologique-ariegeois.org\/?p=4086#breadcrumb","itemListElement":[{"@type":"ListItem","position":1,"name":"Accueil","item":"https:\/\/comite-ecologique-ariegeois.org\/"},{"@type":"ListItem","position":2,"name":"La for\u00eat en Ari\u00e8ge"}]},{"@type":"WebSite","@id":"https:\/\/comite-ecologique-ariegeois.org\/#website","url":"https:\/\/comite-ecologique-ariegeois.org\/","name":"Comit\u00e9 Ecologique Ari\u00e8geois","description":"Assotiation de protection de la nature","publisher":{"@id":"https:\/\/comite-ecologique-ariegeois.org\/#organization"},"potentialAction":[{"@type":"SearchAction","target":{"@type":"EntryPoint","urlTemplate":"https:\/\/comite-ecologique-ariegeois.org\/?s={search_term_string}"},"query-input":{"@type":"PropertyValueSpecification","valueRequired":true,"valueName":"search_term_string"}}],"inLanguage":"fr-FR"},{"@type":"Organization","@id":"https:\/\/comite-ecologique-ariegeois.org\/#organization","name":"Comit\u00e9 Ecologique Ari\u00e8geois","url":"https:\/\/comite-ecologique-ariegeois.org\/","logo":{"@type":"ImageObject","inLanguage":"fr-FR","@id":"https:\/\/comite-ecologique-ariegeois.org\/#\/schema\/logo\/image\/","url":"https:\/\/comite-ecologique-ariegeois.org\/wp-content\/uploads\/2025\/01\/logo_nouveau_cea_jpeg_250pix_02_03_24-a8816.jpg","contentUrl":"https:\/\/comite-ecologique-ariegeois.org\/wp-content\/uploads\/2025\/01\/logo_nouveau_cea_jpeg_250pix_02_03_24-a8816.jpg","width":250,"height":250,"caption":"Comit\u00e9 Ecologique Ari\u00e8geois"},"image":{"@id":"https:\/\/comite-ecologique-ariegeois.org\/#\/schema\/logo\/image\/"},"sameAs":["https:\/\/www.facebook.com\/comite.ariegeois\/","https:\/\/www.instagram.com\/comite.ecologique.ariegeois\/"]},{"@type":"Person","@id":"https:\/\/comite-ecologique-ariegeois.org\/#\/schema\/person\/7d7d918b4fb999119bed33eb5693b457","name":"Philippe Falbet","image":{"@type":"ImageObject","inLanguage":"fr-FR","@id":"https:\/\/comite-ecologique-ariegeois.org\/#\/schema\/person\/image\/","url":"https:\/\/secure.gravatar.com\/avatar\/4b2eef068f56b2d1afbb140ef747bdf2372685a9e096d7b8c55f91306b7369d3?s=96&d=mm&r=g","contentUrl":"https:\/\/secure.gravatar.com\/avatar\/4b2eef068f56b2d1afbb140ef747bdf2372685a9e096d7b8c55f91306b7369d3?s=96&d=mm&r=g","caption":"Philippe Falbet"},"url":"https:\/\/comite-ecologique-ariegeois.org\/?author=11"}]}},"_links":{"self":[{"href":"https:\/\/comite-ecologique-ariegeois.org\/index.php?rest_route=\/wp\/v2\/posts\/4086","targetHints":{"allow":["GET"]}}],"collection":[{"href":"https:\/\/comite-ecologique-ariegeois.org\/index.php?rest_route=\/wp\/v2\/posts"}],"about":[{"href":"https:\/\/comite-ecologique-ariegeois.org\/index.php?rest_route=\/wp\/v2\/types\/post"}],"author":[{"embeddable":true,"href":"https:\/\/comite-ecologique-ariegeois.org\/index.php?rest_route=\/wp\/v2\/users\/11"}],"replies":[{"embeddable":true,"href":"https:\/\/comite-ecologique-ariegeois.org\/index.php?rest_route=%2Fwp%2Fv2%2Fcomments&post=4086"}],"version-history":[{"count":43,"href":"https:\/\/comite-ecologique-ariegeois.org\/index.php?rest_route=\/wp\/v2\/posts\/4086\/revisions"}],"predecessor-version":[{"id":7548,"href":"https:\/\/comite-ecologique-ariegeois.org\/index.php?rest_route=\/wp\/v2\/posts\/4086\/revisions\/7548"}],"wp:featuredmedia":[{"embeddable":true,"href":"https:\/\/comite-ecologique-ariegeois.org\/index.php?rest_route=\/wp\/v2\/media\/1035"}],"wp:attachment":[{"href":"https:\/\/comite-ecologique-ariegeois.org\/index.php?rest_route=%2Fwp%2Fv2%2Fmedia&parent=4086"}],"wp:term":[{"taxonomy":"category","embeddable":true,"href":"https:\/\/comite-ecologique-ariegeois.org\/index.php?rest_route=%2Fwp%2Fv2%2Fcategories&post=4086"},{"taxonomy":"post_tag","embeddable":true,"href":"https:\/\/comite-ecologique-ariegeois.org\/index.php?rest_route=%2Fwp%2Fv2%2Ftags&post=4086"}],"curies":[{"name":"wp","href":"https:\/\/api.w.org\/{rel}","templated":true}]}}