{"id":4047,"date":"2024-11-13T19:24:00","date_gmt":"2024-11-13T18:24:00","guid":{"rendered":"https:\/\/comite-ecologique-ariegeois.org\/?p=4047"},"modified":"2025-11-23T19:55:11","modified_gmt":"2025-11-23T18:55:11","slug":"le-desman-des-pyrenees","status":"publish","type":"post","link":"https:\/\/comite-ecologique-ariegeois.org\/?p=4047","title":{"rendered":"Le Desman des Pyr\u00e9n\u00e9es"},"content":{"rendered":"\t\t<div data-elementor-type=\"wp-post\" data-elementor-id=\"4047\" class=\"elementor elementor-4047\">\n\t\t\t\t<div class=\"elementor-element elementor-element-5388628b e-flex e-con-boxed e-con e-parent\" data-id=\"5388628b\" data-element_type=\"container\">\n\t\t\t\t\t<div class=\"e-con-inner\">\n\t\t\t\t<div class=\"elementor-element elementor-element-cba7986 elementor-widget elementor-widget-text-editor\" data-id=\"cba7986\" data-element_type=\"widget\" data-widget_type=\"text-editor.default\">\n\t\t\t\t<div class=\"elementor-widget-container\">\n\t\t\t\t\t\t\t\t\t\n<p>Le Desman des Pyr\u00e9n\u00e9es est une esp\u00e8ce end\u00e9mique aux Pyr\u00e9n\u00e9es, prot\u00e9g\u00e9e et class\u00e9e \u00ab\u00a0En danger\u00a0\u00bb.&nbsp;<\/p>\n\n\n\n<p>Son aire de r\u00e9partition semble avoir r\u00e9gress\u00e9e ces derni\u00e8res ann\u00e9es. Le Desman a souffert de la construction des barrages et de l&rsquo;am\u00e9nagement des rivi\u00e8res. Aussi, le r\u00e9chauffement climatique peut repr\u00e9senter une menace \u00e0 cause de la modification des d\u00e9bits et de la r\u00e9percussion sur ses ressources trophiques.&nbsp;<\/p>\n\n\n\n<p>Pour \u00e9viter sa disparition et avoir davantage de connaissances sur sa biologie, un plan national d&rsquo;action (PNA) a \u00e9t\u00e9 men\u00e9 et suivi d&rsquo;un programme europ\u00e9en Life + Desman.&nbsp;<\/p>\n\t\t\t\t\t\t\t\t<\/div>\n\t\t\t\t<\/div>\n\t\t\t\t\t<\/div>\n\t\t\t\t<\/div>\n\t\t<div class=\"elementor-element elementor-element-2f25424 e-flex e-con-boxed e-con e-parent\" data-id=\"2f25424\" data-element_type=\"container\">\n\t\t\t\t\t<div class=\"e-con-inner\">\n\t\t\t\t<div class=\"elementor-element elementor-element-14cfc24 elementor-widget elementor-widget-button\" data-id=\"14cfc24\" data-element_type=\"widget\" data-widget_type=\"button.default\">\n\t\t\t\t<div class=\"elementor-widget-container\">\n\t\t\t\t\t\t\t\t\t<div class=\"elementor-button-wrapper\">\n\t\t\t\t\t<a class=\"elementor-button elementor-button-link elementor-size-sm elementor-animation-grow\" href=\"https:\/\/www.salamandre.org\/article\/desman-des-pyrenees-animal-bizarre\/\">\n\t\t\t\t\t\t<span class=\"elementor-button-content-wrapper\">\n\t\t\t\t\t\t\t\t\t<span class=\"elementor-button-text\">Article : \"Desman des Pyr\u00e9n\u00e9es, un \u00e9trange mammif\u00e8re\"<\/span>\n\t\t\t\t\t<\/span>\n\t\t\t\t\t<\/a>\n\t\t\t\t<\/div>\n\t\t\t\t\t\t\t\t<\/div>\n\t\t\t\t<\/div>\n\t\t\t\t<div class=\"elementor-element elementor-element-eafaa2c elementor-widget elementor-widget-button\" data-id=\"eafaa2c\" data-element_type=\"widget\" data-widget_type=\"button.default\">\n\t\t\t\t<div class=\"elementor-widget-container\">\n\t\t\t\t\t\t\t\t\t<div class=\"elementor-button-wrapper\">\n\t\t\t\t\t<a class=\"elementor-button elementor-button-link elementor-size-sm elementor-animation-grow\" href=\"https:\/\/france3-regions.francetvinfo.fr\/occitanie\/hautes-pyrenees\/tarbes\/video-les-exceptionnelles-et-rares-images-d-un-desman-appele-aussi-rat-trompette-relache-dans-les-pyrenees-2842838.html\">\n\t\t\t\t\t\t<span class=\"elementor-button-content-wrapper\">\n\t\t\t\t\t\t\t\t\t<span class=\"elementor-button-text\">VIDEO. Les exceptionnelles et rares images d'un Desman, appel\u00e9 aussi rat trompette, rel\u00e2ch\u00e9 dans les Pyr\u00e9n\u00e9es<\/span>\n\t\t\t\t\t<\/span>\n\t\t\t\t\t<\/a>\n\t\t\t\t<\/div>\n\t\t\t\t\t\t\t\t<\/div>\n\t\t\t\t<\/div>\n\t\t\t\t\t<\/div>\n\t\t\t\t<\/div>\n\t\t<div class=\"elementor-element elementor-element-f90286a e-flex e-con-boxed e-con e-parent\" data-id=\"f90286a\" data-element_type=\"container\">\n\t\t\t\t\t<div class=\"e-con-inner\">\n\t\t\t\t<div class=\"elementor-element elementor-element-67c474a elementor-widget elementor-widget-button\" data-id=\"67c474a\" data-element_type=\"widget\" data-widget_type=\"button.default\">\n\t\t\t\t<div class=\"elementor-widget-container\">\n\t\t\t\t\t\t\t\t\t<div class=\"elementor-button-wrapper\">\n\t\t\t\t\t<a class=\"elementor-button elementor-button-link elementor-size-sm elementor-animation-grow\" href=\"https:\/\/comite-ecologique-ariegeois.org\/archiveSPIP2024\/actions\/faune-flore-foret-chasse\/especes-animales\/desman-des-pyrenees\/index.html\">\n\t\t\t\t\t\t<span class=\"elementor-button-content-wrapper\">\n\t\t\t\t\t\t\t\t\t<span class=\"elementor-button-text\">Articles sur le Desman (vers ancien site)<\/span>\n\t\t\t\t\t<\/span>\n\t\t\t\t\t<\/a>\n\t\t\t\t<\/div>\n\t\t\t\t\t\t\t\t<\/div>\n\t\t\t\t<\/div>\n\t\t\t\t\t<\/div>\n\t\t\t\t<\/div>\n\t\t<div class=\"elementor-element elementor-element-6132ed5 e-flex e-con-boxed e-con e-parent\" data-id=\"6132ed5\" data-element_type=\"container\">\n\t\t\t\t\t<div class=\"e-con-inner\">\n\t\t\t\t<div class=\"elementor-element elementor-element-140e57c elementor-widget elementor-widget-button\" data-id=\"140e57c\" data-element_type=\"widget\" data-widget_type=\"button.default\">\n\t\t\t\t<div class=\"elementor-widget-container\">\n\t\t\t\t\t\t\t\t\t<div class=\"elementor-button-wrapper\">\n\t\t\t\t\t<a class=\"elementor-button elementor-button-link elementor-size-sm elementor-animation-grow\" href=\"https:\/\/biodiversite.gouv.fr\/projet-pna\/wp-content\/uploads\/PNA_desman_des_pyrenees.pdf\">\n\t\t\t\t\t\t<span class=\"elementor-button-content-wrapper\">\n\t\t\t\t\t\t\t\t\t<span class=\"elementor-button-text\">Plan national d'Actions 2021-2030 <\/span>\n\t\t\t\t\t<\/span>\n\t\t\t\t\t<\/a>\n\t\t\t\t<\/div>\n\t\t\t\t\t\t\t\t<\/div>\n\t\t\t\t<\/div>\n\t\t\t\t\t<\/div>\n\t\t\t\t<\/div>\n\t\t\t\t<\/div>\n\t\t","protected":false},"excerpt":{"rendered":"<p>Le Desman des Pyr\u00e9n\u00e9es est une esp\u00e8ce end\u00e9mique aux Pyr\u00e9n\u00e9es, prot\u00e9g\u00e9e et class\u00e9e \u00ab\u00a0En danger\u00a0\u00bb.&nbsp; Son aire de r\u00e9partition semble avoir r\u00e9gress\u00e9e ces derni\u00e8res ann\u00e9es. Le Desman a souffert de la construction des barrages et de l&rsquo;am\u00e9nagement des rivi\u00e8res. Aussi, le r\u00e9chauffement climatique peut repr\u00e9senter une menace \u00e0 cause de la modification des d\u00e9bits et&hellip;&nbsp;<a href=\"https:\/\/comite-ecologique-ariegeois.org\/?p=4047\" rel=\"bookmark\">Lire la suite &raquo;<span class=\"screen-reader-text\">Le Desman des Pyr\u00e9n\u00e9es<\/span><\/a><\/p>\n","protected":false},"author":7,"featured_media":10666,"comment_status":"open","ping_status":"open","sticky":false,"template":"","format":"standard","meta":{"neve_meta_sidebar":"","neve_meta_container":"","neve_meta_enable_content_width":"","neve_meta_content_width":0,"neve_meta_title_alignment":"","neve_meta_author_avatar":"","neve_post_elements_order":"","neve_meta_disable_header":"","neve_meta_disable_footer":"","neve_meta_disable_title":"","footnotes":""},"categories":[1],"tags":[],"class_list":["post-4047","post","type-post","status-publish","format-standard","has-post-thumbnail","hentry","category-non-classe"],"yoast_head":"<!-- This site is optimized with the Yoast SEO plugin v26.4 - https:\/\/yoast.com\/wordpress\/plugins\/seo\/ -->\n<title>Le Desman des Pyr\u00e9n\u00e9es - Comit\u00e9 Ecologique Ari\u00e8geois<\/title>\n<meta name=\"robots\" content=\"index, follow, max-snippet:-1, max-image-preview:large, max-video-preview:-1\" \/>\n<link rel=\"canonical\" href=\"https:\/\/comite-ecologique-ariegeois.org\/?p=4047\" \/>\n<meta property=\"og:locale\" content=\"fr_FR\" \/>\n<meta property=\"og:type\" content=\"article\" \/>\n<meta property=\"og:title\" content=\"Le Desman des Pyr\u00e9n\u00e9es - Comit\u00e9 Ecologique Ari\u00e8geois\" \/>\n<meta property=\"og:description\" content=\"Le Desman des Pyr\u00e9n\u00e9es est une esp\u00e8ce end\u00e9mique aux Pyr\u00e9n\u00e9es, prot\u00e9g\u00e9e et class\u00e9e \u00ab\u00a0En danger\u00a0\u00bb.&nbsp; Son aire de r\u00e9partition semble avoir r\u00e9gress\u00e9e ces derni\u00e8res ann\u00e9es. Le Desman a souffert de la construction des barrages et de l&rsquo;am\u00e9nagement des rivi\u00e8res. Aussi, le r\u00e9chauffement climatique peut repr\u00e9senter une menace \u00e0 cause de la modification des d\u00e9bits et&hellip;&nbsp;Lire la suite &raquo;Le Desman des Pyr\u00e9n\u00e9es\" \/>\n<meta property=\"og:url\" content=\"https:\/\/comite-ecologique-ariegeois.org\/?p=4047\" \/>\n<meta property=\"og:site_name\" content=\"Comit\u00e9 Ecologique Ari\u00e8geois\" \/>\n<meta property=\"article:publisher\" content=\"https:\/\/www.facebook.com\/comite.ariegeois\/\" \/>\n<meta property=\"article:published_time\" content=\"2024-11-13T18:24:00+00:00\" \/>\n<meta property=\"article:modified_time\" content=\"2025-11-23T18:55:11+00:00\" \/>\n<meta property=\"og:image\" content=\"https:\/\/comite-ecologique-ariegeois.org\/wp-content\/uploads\/2025\/11\/Photo-Dessin-CEA_-DESMAN_NX_02-02-202511.jpg\" \/>\n\t<meta property=\"og:image:width\" content=\"1000\" \/>\n\t<meta property=\"og:image:height\" content=\"667\" \/>\n\t<meta property=\"og:image:type\" content=\"image\/jpeg\" \/>\n<meta name=\"author\" content=\"Natacha Delpoux\" \/>\n<meta name=\"twitter:card\" content=\"summary_large_image\" \/>\n<meta name=\"twitter:label1\" content=\"\u00c9crit par\" \/>\n\t<meta name=\"twitter:data1\" content=\"Natacha Delpoux\" \/>\n\t<meta name=\"twitter:label2\" content=\"Dur\u00e9e de lecture estim\u00e9e\" \/>\n\t<meta name=\"twitter:data2\" content=\"1 minute\" \/>\n<script type=\"application\/ld+json\" class=\"yoast-schema-graph\">{\"@context\":\"https:\/\/schema.org\",\"@graph\":[{\"@type\":\"Article\",\"@id\":\"https:\/\/comite-ecologique-ariegeois.org\/?p=4047#article\",\"isPartOf\":{\"@id\":\"https:\/\/comite-ecologique-ariegeois.org\/?p=4047\"},\"author\":{\"name\":\"Natacha Delpoux\",\"@id\":\"https:\/\/comite-ecologique-ariegeois.org\/#\/schema\/person\/1667fc345af6b3fd33655b1dc971a647\"},\"headline\":\"Le Desman des Pyr\u00e9n\u00e9es\",\"datePublished\":\"2024-11-13T18:24:00+00:00\",\"dateModified\":\"2025-11-23T18:55:11+00:00\",\"mainEntityOfPage\":{\"@id\":\"https:\/\/comite-ecologique-ariegeois.org\/?p=4047\"},\"wordCount\":163,\"commentCount\":0,\"publisher\":{\"@id\":\"https:\/\/comite-ecologique-ariegeois.org\/#organization\"},\"image\":{\"@id\":\"https:\/\/comite-ecologique-ariegeois.org\/?p=4047#primaryimage\"},\"thumbnailUrl\":\"https:\/\/comite-ecologique-ariegeois.org\/wp-content\/uploads\/2025\/11\/Photo-Dessin-CEA_-DESMAN_NX_02-02-202511.jpg\",\"inLanguage\":\"fr-FR\",\"potentialAction\":[{\"@type\":\"CommentAction\",\"name\":\"Comment\",\"target\":[\"https:\/\/comite-ecologique-ariegeois.org\/?p=4047#respond\"]}]},{\"@type\":\"WebPage\",\"@id\":\"https:\/\/comite-ecologique-ariegeois.org\/?p=4047\",\"url\":\"https:\/\/comite-ecologique-ariegeois.org\/?p=4047\",\"name\":\"Le Desman des Pyr\u00e9n\u00e9es - Comit\u00e9 Ecologique Ari\u00e8geois\",\"isPartOf\":{\"@id\":\"https:\/\/comite-ecologique-ariegeois.org\/#website\"},\"primaryImageOfPage\":{\"@id\":\"https:\/\/comite-ecologique-ariegeois.org\/?p=4047#primaryimage\"},\"image\":{\"@id\":\"https:\/\/comite-ecologique-ariegeois.org\/?p=4047#primaryimage\"},\"thumbnailUrl\":\"https:\/\/comite-ecologique-ariegeois.org\/wp-content\/uploads\/2025\/11\/Photo-Dessin-CEA_-DESMAN_NX_02-02-202511.jpg\",\"datePublished\":\"2024-11-13T18:24:00+00:00\",\"dateModified\":\"2025-11-23T18:55:11+00:00\",\"breadcrumb\":{\"@id\":\"https:\/\/comite-ecologique-ariegeois.org\/?p=4047#breadcrumb\"},\"inLanguage\":\"fr-FR\",\"potentialAction\":[{\"@type\":\"ReadAction\",\"target\":[\"https:\/\/comite-ecologique-ariegeois.org\/?p=4047\"]}]},{\"@type\":\"ImageObject\",\"inLanguage\":\"fr-FR\",\"@id\":\"https:\/\/comite-ecologique-ariegeois.org\/?p=4047#primaryimage\",\"url\":\"https:\/\/comite-ecologique-ariegeois.org\/wp-content\/uploads\/2025\/11\/Photo-Dessin-CEA_-DESMAN_NX_02-02-202511.jpg\",\"contentUrl\":\"https:\/\/comite-ecologique-ariegeois.org\/wp-content\/uploads\/2025\/11\/Photo-Dessin-CEA_-DESMAN_NX_02-02-202511.jpg\",\"width\":1000,\"height\":667,\"caption\":\"Desman\"},{\"@type\":\"BreadcrumbList\",\"@id\":\"https:\/\/comite-ecologique-ariegeois.org\/?p=4047#breadcrumb\",\"itemListElement\":[{\"@type\":\"ListItem\",\"position\":1,\"name\":\"Accueil\",\"item\":\"https:\/\/comite-ecologique-ariegeois.org\/\"},{\"@type\":\"ListItem\",\"position\":2,\"name\":\"Le Desman des Pyr\u00e9n\u00e9es\"}]},{\"@type\":\"WebSite\",\"@id\":\"https:\/\/comite-ecologique-ariegeois.org\/#website\",\"url\":\"https:\/\/comite-ecologique-ariegeois.org\/\",\"name\":\"Comit\u00e9 Ecologique Ari\u00e8geois\",\"description\":\"Assotiation de protection de la nature\",\"publisher\":{\"@id\":\"https:\/\/comite-ecologique-ariegeois.org\/#organization\"},\"potentialAction\":[{\"@type\":\"SearchAction\",\"target\":{\"@type\":\"EntryPoint\",\"urlTemplate\":\"https:\/\/comite-ecologique-ariegeois.org\/?s={search_term_string}\"},\"query-input\":{\"@type\":\"PropertyValueSpecification\",\"valueRequired\":true,\"valueName\":\"search_term_string\"}}],\"inLanguage\":\"fr-FR\"},{\"@type\":\"Organization\",\"@id\":\"https:\/\/comite-ecologique-ariegeois.org\/#organization\",\"name\":\"Comit\u00e9 Ecologique Ari\u00e8geois\",\"url\":\"https:\/\/comite-ecologique-ariegeois.org\/\",\"logo\":{\"@type\":\"ImageObject\",\"inLanguage\":\"fr-FR\",\"@id\":\"https:\/\/comite-ecologique-ariegeois.org\/#\/schema\/logo\/image\/\",\"url\":\"https:\/\/comite-ecologique-ariegeois.org\/wp-content\/uploads\/2025\/01\/logo_nouveau_cea_jpeg_250pix_02_03_24-a8816.jpg\",\"contentUrl\":\"https:\/\/comite-ecologique-ariegeois.org\/wp-content\/uploads\/2025\/01\/logo_nouveau_cea_jpeg_250pix_02_03_24-a8816.jpg\",\"width\":250,\"height\":250,\"caption\":\"Comit\u00e9 Ecologique Ari\u00e8geois\"},\"image\":{\"@id\":\"https:\/\/comite-ecologique-ariegeois.org\/#\/schema\/logo\/image\/\"},\"sameAs\":[\"https:\/\/www.facebook.com\/comite.ariegeois\/\",\"https:\/\/www.instagram.com\/comite.ecologique.ariegeois\/\"]},{\"@type\":\"Person\",\"@id\":\"https:\/\/comite-ecologique-ariegeois.org\/#\/schema\/person\/1667fc345af6b3fd33655b1dc971a647\",\"name\":\"Natacha Delpoux\",\"image\":{\"@type\":\"ImageObject\",\"inLanguage\":\"fr-FR\",\"@id\":\"https:\/\/comite-ecologique-ariegeois.org\/#\/schema\/person\/image\/\",\"url\":\"https:\/\/secure.gravatar.com\/avatar\/d13bc25aaeccd241b4c1c6f581386117c1cc9b78e4c07defe9140ff63754f418?s=96&d=mm&r=g\",\"contentUrl\":\"https:\/\/secure.gravatar.com\/avatar\/d13bc25aaeccd241b4c1c6f581386117c1cc9b78e4c07defe9140ff63754f418?s=96&d=mm&r=g\",\"caption\":\"Natacha Delpoux\"},\"url\":\"https:\/\/comite-ecologique-ariegeois.org\/?author=7\"}]}<\/script>\n<!-- \/ Yoast SEO plugin. -->","yoast_head_json":{"title":"Le Desman des Pyr\u00e9n\u00e9es - Comit\u00e9 Ecologique Ari\u00e8geois","robots":{"index":"index","follow":"follow","max-snippet":"max-snippet:-1","max-image-preview":"max-image-preview:large","max-video-preview":"max-video-preview:-1"},"canonical":"https:\/\/comite-ecologique-ariegeois.org\/?p=4047","og_locale":"fr_FR","og_type":"article","og_title":"Le Desman des Pyr\u00e9n\u00e9es - Comit\u00e9 Ecologique Ari\u00e8geois","og_description":"Le Desman des Pyr\u00e9n\u00e9es est une esp\u00e8ce end\u00e9mique aux Pyr\u00e9n\u00e9es, prot\u00e9g\u00e9e et class\u00e9e \u00ab\u00a0En danger\u00a0\u00bb.&nbsp; Son aire de r\u00e9partition semble avoir r\u00e9gress\u00e9e ces derni\u00e8res ann\u00e9es. Le Desman a souffert de la construction des barrages et de l&rsquo;am\u00e9nagement des rivi\u00e8res. Aussi, le r\u00e9chauffement climatique peut repr\u00e9senter une menace \u00e0 cause de la modification des d\u00e9bits et&hellip;&nbsp;Lire la suite &raquo;Le Desman des Pyr\u00e9n\u00e9es","og_url":"https:\/\/comite-ecologique-ariegeois.org\/?p=4047","og_site_name":"Comit\u00e9 Ecologique Ari\u00e8geois","article_publisher":"https:\/\/www.facebook.com\/comite.ariegeois\/","article_published_time":"2024-11-13T18:24:00+00:00","article_modified_time":"2025-11-23T18:55:11+00:00","og_image":[{"width":1000,"height":667,"url":"https:\/\/comite-ecologique-ariegeois.org\/wp-content\/uploads\/2025\/11\/Photo-Dessin-CEA_-DESMAN_NX_02-02-202511.jpg","type":"image\/jpeg"}],"author":"Natacha Delpoux","twitter_card":"summary_large_image","twitter_misc":{"\u00c9crit par":"Natacha Delpoux","Dur\u00e9e de lecture estim\u00e9e":"1 minute"},"schema":{"@context":"https:\/\/schema.org","@graph":[{"@type":"Article","@id":"https:\/\/comite-ecologique-ariegeois.org\/?p=4047#article","isPartOf":{"@id":"https:\/\/comite-ecologique-ariegeois.org\/?p=4047"},"author":{"name":"Natacha Delpoux","@id":"https:\/\/comite-ecologique-ariegeois.org\/#\/schema\/person\/1667fc345af6b3fd33655b1dc971a647"},"headline":"Le Desman des Pyr\u00e9n\u00e9es","datePublished":"2024-11-13T18:24:00+00:00","dateModified":"2025-11-23T18:55:11+00:00","mainEntityOfPage":{"@id":"https:\/\/comite-ecologique-ariegeois.org\/?p=4047"},"wordCount":163,"commentCount":0,"publisher":{"@id":"https:\/\/comite-ecologique-ariegeois.org\/#organization"},"image":{"@id":"https:\/\/comite-ecologique-ariegeois.org\/?p=4047#primaryimage"},"thumbnailUrl":"https:\/\/comite-ecologique-ariegeois.org\/wp-content\/uploads\/2025\/11\/Photo-Dessin-CEA_-DESMAN_NX_02-02-202511.jpg","inLanguage":"fr-FR","potentialAction":[{"@type":"CommentAction","name":"Comment","target":["https:\/\/comite-ecologique-ariegeois.org\/?p=4047#respond"]}]},{"@type":"WebPage","@id":"https:\/\/comite-ecologique-ariegeois.org\/?p=4047","url":"https:\/\/comite-ecologique-ariegeois.org\/?p=4047","name":"Le Desman des Pyr\u00e9n\u00e9es - Comit\u00e9 Ecologique Ari\u00e8geois","isPartOf":{"@id":"https:\/\/comite-ecologique-ariegeois.org\/#website"},"primaryImageOfPage":{"@id":"https:\/\/comite-ecologique-ariegeois.org\/?p=4047#primaryimage"},"image":{"@id":"https:\/\/comite-ecologique-ariegeois.org\/?p=4047#primaryimage"},"thumbnailUrl":"https:\/\/comite-ecologique-ariegeois.org\/wp-content\/uploads\/2025\/11\/Photo-Dessin-CEA_-DESMAN_NX_02-02-202511.jpg","datePublished":"2024-11-13T18:24:00+00:00","dateModified":"2025-11-23T18:55:11+00:00","breadcrumb":{"@id":"https:\/\/comite-ecologique-ariegeois.org\/?p=4047#breadcrumb"},"inLanguage":"fr-FR","potentialAction":[{"@type":"ReadAction","target":["https:\/\/comite-ecologique-ariegeois.org\/?p=4047"]}]},{"@type":"ImageObject","inLanguage":"fr-FR","@id":"https:\/\/comite-ecologique-ariegeois.org\/?p=4047#primaryimage","url":"https:\/\/comite-ecologique-ariegeois.org\/wp-content\/uploads\/2025\/11\/Photo-Dessin-CEA_-DESMAN_NX_02-02-202511.jpg","contentUrl":"https:\/\/comite-ecologique-ariegeois.org\/wp-content\/uploads\/2025\/11\/Photo-Dessin-CEA_-DESMAN_NX_02-02-202511.jpg","width":1000,"height":667,"caption":"Desman"},{"@type":"BreadcrumbList","@id":"https:\/\/comite-ecologique-ariegeois.org\/?p=4047#breadcrumb","itemListElement":[{"@type":"ListItem","position":1,"name":"Accueil","item":"https:\/\/comite-ecologique-ariegeois.org\/"},{"@type":"ListItem","position":2,"name":"Le Desman des Pyr\u00e9n\u00e9es"}]},{"@type":"WebSite","@id":"https:\/\/comite-ecologique-ariegeois.org\/#website","url":"https:\/\/comite-ecologique-ariegeois.org\/","name":"Comit\u00e9 Ecologique Ari\u00e8geois","description":"Assotiation de protection de la nature","publisher":{"@id":"https:\/\/comite-ecologique-ariegeois.org\/#organization"},"potentialAction":[{"@type":"SearchAction","target":{"@type":"EntryPoint","urlTemplate":"https:\/\/comite-ecologique-ariegeois.org\/?s={search_term_string}"},"query-input":{"@type":"PropertyValueSpecification","valueRequired":true,"valueName":"search_term_string"}}],"inLanguage":"fr-FR"},{"@type":"Organization","@id":"https:\/\/comite-ecologique-ariegeois.org\/#organization","name":"Comit\u00e9 Ecologique Ari\u00e8geois","url":"https:\/\/comite-ecologique-ariegeois.org\/","logo":{"@type":"ImageObject","inLanguage":"fr-FR","@id":"https:\/\/comite-ecologique-ariegeois.org\/#\/schema\/logo\/image\/","url":"https:\/\/comite-ecologique-ariegeois.org\/wp-content\/uploads\/2025\/01\/logo_nouveau_cea_jpeg_250pix_02_03_24-a8816.jpg","contentUrl":"https:\/\/comite-ecologique-ariegeois.org\/wp-content\/uploads\/2025\/01\/logo_nouveau_cea_jpeg_250pix_02_03_24-a8816.jpg","width":250,"height":250,"caption":"Comit\u00e9 Ecologique Ari\u00e8geois"},"image":{"@id":"https:\/\/comite-ecologique-ariegeois.org\/#\/schema\/logo\/image\/"},"sameAs":["https:\/\/www.facebook.com\/comite.ariegeois\/","https:\/\/www.instagram.com\/comite.ecologique.ariegeois\/"]},{"@type":"Person","@id":"https:\/\/comite-ecologique-ariegeois.org\/#\/schema\/person\/1667fc345af6b3fd33655b1dc971a647","name":"Natacha Delpoux","image":{"@type":"ImageObject","inLanguage":"fr-FR","@id":"https:\/\/comite-ecologique-ariegeois.org\/#\/schema\/person\/image\/","url":"https:\/\/secure.gravatar.com\/avatar\/d13bc25aaeccd241b4c1c6f581386117c1cc9b78e4c07defe9140ff63754f418?s=96&d=mm&r=g","contentUrl":"https:\/\/secure.gravatar.com\/avatar\/d13bc25aaeccd241b4c1c6f581386117c1cc9b78e4c07defe9140ff63754f418?s=96&d=mm&r=g","caption":"Natacha Delpoux"},"url":"https:\/\/comite-ecologique-ariegeois.org\/?author=7"}]}},"_links":{"self":[{"href":"https:\/\/comite-ecologique-ariegeois.org\/index.php?rest_route=\/wp\/v2\/posts\/4047","targetHints":{"allow":["GET"]}}],"collection":[{"href":"https:\/\/comite-ecologique-ariegeois.org\/index.php?rest_route=\/wp\/v2\/posts"}],"about":[{"href":"https:\/\/comite-ecologique-ariegeois.org\/index.php?rest_route=\/wp\/v2\/types\/post"}],"author":[{"embeddable":true,"href":"https:\/\/comite-ecologique-ariegeois.org\/index.php?rest_route=\/wp\/v2\/users\/7"}],"replies":[{"embeddable":true,"href":"https:\/\/comite-ecologique-ariegeois.org\/index.php?rest_route=%2Fwp%2Fv2%2Fcomments&post=4047"}],"version-history":[{"count":22,"href":"https:\/\/comite-ecologique-ariegeois.org\/index.php?rest_route=\/wp\/v2\/posts\/4047\/revisions"}],"predecessor-version":[{"id":7864,"href":"https:\/\/comite-ecologique-ariegeois.org\/index.php?rest_route=\/wp\/v2\/posts\/4047\/revisions\/7864"}],"wp:featuredmedia":[{"embeddable":true,"href":"https:\/\/comite-ecologique-ariegeois.org\/index.php?rest_route=\/wp\/v2\/media\/10666"}],"wp:attachment":[{"href":"https:\/\/comite-ecologique-ariegeois.org\/index.php?rest_route=%2Fwp%2Fv2%2Fmedia&parent=4047"}],"wp:term":[{"taxonomy":"category","embeddable":true,"href":"https:\/\/comite-ecologique-ariegeois.org\/index.php?rest_route=%2Fwp%2Fv2%2Fcategories&post=4047"},{"taxonomy":"post_tag","embeddable":true,"href":"https:\/\/comite-ecologique-ariegeois.org\/index.php?rest_route=%2Fwp%2Fv2%2Ftags&post=4047"}],"curies":[{"name":"wp","href":"https:\/\/api.w.org\/{rel}","templated":true}]}}