{"id":3799,"date":"2024-11-10T17:09:36","date_gmt":"2024-11-10T16:09:36","guid":{"rendered":"https:\/\/comite-ecologique-ariegeois.org\/?p=3799"},"modified":"2025-02-10T21:06:26","modified_gmt":"2025-02-10T20:06:26","slug":"antennes-relais","status":"publish","type":"post","link":"https:\/\/comite-ecologique-ariegeois.org\/?p=3799","title":{"rendered":"Antennes relais"},"content":{"rendered":"\t\t<div data-elementor-type=\"wp-post\" data-elementor-id=\"3799\" class=\"elementor elementor-3799\">\n\t\t\t\t<div class=\"elementor-element elementor-element-19e3051 e-flex e-con-boxed e-con e-parent\" data-id=\"19e3051\" data-element_type=\"container\">\n\t\t\t\t\t<div class=\"e-con-inner\">\n\t\t\t\t<div class=\"elementor-element elementor-element-87cf566 elementor-widget elementor-widget-spacer\" data-id=\"87cf566\" data-element_type=\"widget\" data-widget_type=\"spacer.default\">\n\t\t\t\t<div class=\"elementor-widget-container\">\n\t\t\t\t\t\t\t<div class=\"elementor-spacer\">\n\t\t\t<div class=\"elementor-spacer-inner\"><\/div>\n\t\t<\/div>\n\t\t\t\t\t\t<\/div>\n\t\t\t\t<\/div>\n\t\t\t\t<div class=\"elementor-element elementor-element-c901c0a elementor-widget__width-initial elementor-widget elementor-widget-text-editor\" data-id=\"c901c0a\" data-element_type=\"widget\" data-widget_type=\"text-editor.default\">\n\t\t\t\t<div class=\"elementor-widget-container\">\n\t\t\t\t\t\t\t\t\t<div data-id=\"fb6ed97\" data-element_type=\"container\"><div data-id=\"cbb4285\" data-element_type=\"widget\" data-widget_type=\"text-editor.default\"><p><strong>Atteinte au paysage, absence de concertation locale, <\/strong><strong style=\"color: var( --e-global-color-text ); font-family: var( --e-global-typography-text-font-family ), Sans-serif; text-align: var(--text-align); background-color: var(--nv-site-bg); font-size: var(--bodyfontsize); letter-spacing: var(--bodyletterspacing); text-transform: var(--bodytexttransform);\"><span style=\"color: #414141;\"><span style=\"font-family: Roboto, sans-serif;\"><span style=\"font-size: 12pt;\"><span lang=\"fr-FR\"><b>inqui\u00e9tudes<br \/>sur les effets sanitaires et soci\u00e9tales <\/b><\/span><\/span><\/span><\/span><\/strong><strong style=\"color: var( --e-global-color-text ); font-family: var( --e-global-typography-text-font-family ), Sans-serif; text-align: var(--text-align); background-color: var(--nv-site-bg); font-size: var(--bodyfontsize); letter-spacing: var(--bodyletterspacing); text-transform: var(--bodytexttransform);\"><span style=\"color: #414141;\"><span style=\"font-family: Roboto, sans-serif;\"><span style=\"font-size: 12pt;\"><span lang=\"fr-FR\">: de nombreux collectifs et associations se sont cr\u00e9\u00e9s en Ari\u00e8ge, comme dans toute la France, pour lutter contre l\u2019installation d\u2019antennes-relais. L\u2019ordonnance n\u00b0 2020-320 du 25 mars 2020 a donn\u00e9 durant la p\u00e9riode Covid un coup d\u2019acc\u00e9l\u00e9rateur formidable au \u201ed\u00e9ploiement num\u00e9rique\u201c. D\u00e8s lors, les habitants opposants bataillent dur pour ne pas voir s&rsquo;implanter ces pyl\u00f4nes aux plus majestueux points de vue ou dans leur voisinage imm\u00e9diat.<\/span><\/span><\/span><\/span><\/strong><\/p><p><strong style=\"color: var( --e-global-color-text ); font-family: var( --e-global-typography-text-font-family ), Sans-serif; text-align: var(--text-align); background-color: var(--nv-site-bg); font-size: var(--bodyfontsize); letter-spacing: var(--bodyletterspacing); text-transform: var(--bodytexttransform);\"><span style=\"color: #414141;\"><span style=\"font-family: Roboto, sans-serif;\"><span style=\"font-size: 12pt;\"><span lang=\"fr-FR\"><span style=\"font-weight: normal;\">Outre les effets les plus pro\u00e9minents, qui sont la d\u00e9figuration des paysages et la pr\u00e9occupation sanitaire [voir liens d&rsquo;information en bas] avec la disparition des zones blanches dont d\u00e9pend la sant\u00e9 d&rsquo;un nombre croissant de personnes \u00e9lectrosensibles, qui sont parfois oblig\u00e9es d&rsquo;aller vivre dans des grottes pour \u00e9chapper aux ondes qui les rendent malades, cette fr\u00e9n\u00e9sie num\u00e9rique t\u00e9moigne \u00e9galement d&rsquo;un d\u00e9veloppement <\/span><\/span><\/span><\/span><\/span><\/strong><strong style=\"color: var( --e-global-color-text ); font-family: var( --e-global-typography-text-font-family ), Sans-serif; text-align: var(--text-align); background-color: var(--nv-site-bg); font-size: var(--bodyfontsize); letter-spacing: var(--bodyletterspacing); text-transform: var(--bodytexttransform);\"><span style=\"color: #414141;\"><span style=\"font-family: Roboto, sans-serif;\"><span style=\"font-size: 12pt;\"><span lang=\"fr-FR\"><span style=\"font-weight: normal;\">pr\u00e9occupant\u00a0<\/span><\/span><\/span><\/span><\/span><\/strong><strong style=\"color: var( --e-global-color-text ); font-family: var( --e-global-typography-text-font-family ), Sans-serif; text-align: var(--text-align); background-color: var(--nv-site-bg); font-size: var(--bodyfontsize); letter-spacing: var(--bodyletterspacing); text-transform: var(--bodytexttransform);\"><span style=\"color: #414141;\"><span style=\"font-family: Roboto, sans-serif;\"><span style=\"font-size: 12pt;\"><span lang=\"fr-FR\"><span style=\"font-weight: normal;\">de notre soci\u00e9t\u00e9 :\u00a0<\/span><\/span><\/span><\/span><\/span><\/strong><strong style=\"color: var( --e-global-color-text ); font-family: var( --e-global-typography-text-font-family ), Sans-serif; text-align: var(--text-align); background-color: var(--nv-site-bg); font-size: var(--bodyfontsize); letter-spacing: var(--bodyletterspacing); text-transform: var(--bodytexttransform);\"><span style=\"color: #414141;\"><span style=\"font-family: Roboto, sans-serif;\"><span style=\"font-size: 12pt;\"><span lang=\"fr-FR\"><span style=\"font-weight: normal;\">Sous l&rsquo;effet du New Deal mobile lanc\u00e9 en\u00a0<\/span><\/span><\/span><\/span><\/span><\/strong><strong style=\"color: var( --e-global-color-text ); font-family: var( --e-global-typography-text-font-family ), Sans-serif; text-align: var(--text-align); background-color: var(--nv-site-bg); font-size: var(--bodyfontsize); letter-spacing: var(--bodyletterspacing); text-transform: var(--bodytexttransform);\"><span style=\"color: #414141;\"><span style=\"font-family: Roboto, sans-serif;\"><span style=\"font-size: 12pt;\"><span lang=\"fr-FR\"><span style=\"font-weight: normal;\">2018 et de l&rsquo;ordonnance n\u00b0 2020-320 du 25 mars 2020, les citoyens se\u00a0<\/span><\/span><\/span><\/span><\/span><\/strong><strong style=\"color: var( --e-global-color-text ); font-family: var( --e-global-typography-text-font-family ), Sans-serif; text-align: var(--text-align); background-color: var(--nv-site-bg); font-size: var(--bodyfontsize); letter-spacing: var(--bodyletterspacing); text-transform: var(--bodytexttransform);\"><span style=\"color: #414141;\"><span style=\"font-family: Roboto, sans-serif;\"><span style=\"font-size: 12pt;\"><span lang=\"fr-FR\"><span style=\"font-weight: normal;\">sont vus enti\u00e8rement exclus du processus d&rsquo;autorisation\u00a0<\/span><\/span><\/span><\/span><\/span><\/strong><strong style=\"color: var( --e-global-color-text ); font-family: var( --e-global-typography-text-font-family ), Sans-serif; text-align: var(--text-align); background-color: var(--nv-site-bg); font-size: var(--bodyfontsize); letter-spacing: var(--bodyletterspacing); text-transform: var(--bodytexttransform);\"><span style=\"color: #414141;\"><span style=\"font-family: Roboto, sans-serif;\"><span style=\"font-size: 12pt;\"><span lang=\"fr-FR\"><span style=\"font-weight: normal;\">d&rsquo;implantation d&rsquo;antennes relais. M\u00eame dans les communes o\u00f9 le\u00a0<\/span><\/span><\/span><\/span><\/span><\/strong><strong style=\"color: var( --e-global-color-text ); font-family: var( --e-global-typography-text-font-family ), Sans-serif; text-align: var(--text-align); background-color: var(--nv-site-bg); font-size: var(--bodyfontsize); letter-spacing: var(--bodyletterspacing); text-transform: var(--bodytexttransform);\"><span style=\"color: #414141;\"><span style=\"font-family: Roboto, sans-serif;\"><span style=\"font-size: 12pt;\"><span lang=\"fr-FR\"><span style=\"font-weight: normal;\">maire et le conseil municipal se positionnent contre un tel projet,\u00a0<\/span><\/span><\/span><\/span><\/span><\/strong><strong style=\"color: var( --e-global-color-text ); font-family: var( --e-global-typography-text-font-family ), Sans-serif; text-align: var(--text-align); background-color: var(--nv-site-bg); font-size: var(--bodyfontsize); letter-spacing: var(--bodyletterspacing); text-transform: var(--bodytexttransform);\"><span style=\"color: #414141;\"><span style=\"font-family: Roboto, sans-serif;\"><span style=\"font-size: 12pt;\"><span lang=\"fr-FR\"><span style=\"font-weight: normal;\">il suffit que le promoteur en question trouve un particulier qui &#8211; en\u00a0<\/span><\/span><\/span><\/span><\/span><\/strong><strong style=\"color: var( --e-global-color-text ); font-family: var( --e-global-typography-text-font-family ), Sans-serif; text-align: var(--text-align); background-color: var(--nv-site-bg); font-size: var(--bodyfontsize); letter-spacing: var(--bodyletterspacing); text-transform: var(--bodytexttransform);\"><span style=\"color: #414141;\"><span style=\"font-family: Roboto, sans-serif;\"><span style=\"font-size: 12pt;\"><span lang=\"fr-FR\"><span style=\"font-weight: normal;\">\u00e9change d&rsquo;une poign\u00e9e d&rsquo;euros &#8211; met quelques m\u00e8tres car<\/span><\/span><\/span><\/span><\/span><\/strong><strong style=\"color: var( --e-global-color-text ); font-family: var( --e-global-typography-text-font-family ), Sans-serif; text-align: var(--text-align); background-color: var(--nv-site-bg); font-size: var(--bodyfontsize); letter-spacing: var(--bodyletterspacing); text-transform: var(--bodytexttransform);\"><span style=\"color: #414141;\"><span style=\"font-family: Roboto, sans-serif;\"><span style=\"font-size: 12pt;\"><span lang=\"fr-FR\"><span style=\"font-weight: normal;\">r\u00e9s\u00a0<\/span><\/span><\/span><\/span><\/span><\/strong><strong style=\"color: var( --e-global-color-text ); font-family: var( --e-global-typography-text-font-family ), Sans-serif; text-align: var(--text-align); background-color: var(--nv-site-bg); font-size: var(--bodyfontsize); letter-spacing: var(--bodyletterspacing); text-transform: var(--bodytexttransform);\"><span style=\"color: #414141;\"><span style=\"font-family: Roboto, sans-serif;\"><span style=\"font-size: 12pt;\"><span lang=\"fr-FR\"><span style=\"font-weight: normal;\">\u00e0 sa disposition. Certes, l<\/span><\/span><\/span><\/span><\/span><\/strong><em style=\"color: var( --e-global-color-text ); font-family: var( --e-global-typography-text-font-family ), Sans-serif; font-weight: var( --e-global-typography-text-font-weight ); text-align: var(--text-align); background-color: var(--nv-site-bg); font-size: var(--bodyfontsize); letter-spacing: var(--bodyletterspacing); text-transform: var(--bodytexttransform);\"><span style=\"color: #414141;\"><span style=\"font-family: Roboto, sans-serif;\"><span style=\"font-size: 12pt;\"><span lang=\"fr-FR\"><span style=\"font-style: normal;\">&lsquo;implantation\u00a0<\/span><\/span><\/span><\/span><\/span><\/em><em style=\"color: var( --e-global-color-text ); font-family: var( --e-global-typography-text-font-family ), Sans-serif; font-weight: var( --e-global-typography-text-font-weight ); text-align: var(--text-align); background-color: var(--nv-site-bg); font-size: var(--bodyfontsize); letter-spacing: var(--bodyletterspacing); text-transform: var(--bodytexttransform);\"><span style=\"color: #414141;\"><span style=\"font-family: Roboto, sans-serif;\"><span style=\"font-size: 12pt;\"><span lang=\"fr-FR\"><span style=\"font-style: normal;\">est soumise \u00e0 la d\u00e9livrance d&rsquo;une autorisation d&rsquo;urbanisme par le\u00a0<\/span><\/span><\/span><\/span><\/span><\/em><em style=\"color: var( --e-global-color-text ); font-family: var( --e-global-typography-text-font-family ), Sans-serif; font-weight: var( --e-global-typography-text-font-weight ); text-align: var(--text-align); background-color: var(--nv-site-bg); font-size: var(--bodyfontsize); letter-spacing: var(--bodyletterspacing); text-transform: var(--bodytexttransform);\"><span style=\"color: #414141;\"><span style=\"font-family: Roboto, sans-serif;\"><span style=\"font-size: 12pt;\"><span lang=\"fr-FR\"><span style=\"font-style: normal;\">maire, mais les marges de man\u0153uvre de celui-ci sont <\/span><\/span><\/span><\/span><\/span><\/em><strong style=\"color: var( --e-global-color-text ); font-family: var( --e-global-typography-text-font-family ), Sans-serif; text-align: var(--text-align); background-color: var(--nv-site-bg); font-size: var(--bodyfontsize); letter-spacing: var(--bodyletterspacing); text-transform: var(--bodytexttransform);\"><span style=\"color: #414141;\"><span style=\"font-family: Roboto, sans-serif;\"><span style=\"font-size: 12pt;\"><span lang=\"fr-FR\"><span style=\"font-weight: normal;\">minimes,\u00a0<\/span><\/span><\/span><\/span><\/span><\/strong><strong style=\"color: var( --e-global-color-text ); font-family: var( --e-global-typography-text-font-family ), Sans-serif; text-align: var(--text-align); background-color: var(--nv-site-bg); font-size: var(--bodyfontsize); letter-spacing: var(--bodyletterspacing); text-transform: var(--bodytexttransform);\"><span style=\"color: #414141;\"><span style=\"font-family: Roboto, sans-serif;\"><span style=\"font-size: 12pt;\"><span lang=\"fr-FR\"><span style=\"font-weight: normal;\">comme le montre l&rsquo;exemple de Saurat o\u00f9 les habitant.e.s se battent <\/span><\/span><\/span><\/span><\/span><\/strong><strong style=\"color: var( --e-global-color-text ); font-family: var( --e-global-typography-text-font-family ), Sans-serif; text-align: var(--text-align); background-color: var(--nv-site-bg); font-size: var(--bodyfontsize); letter-spacing: var(--bodyletterspacing); text-transform: var(--bodytexttransform);\"><span style=\"color: #414141;\"><span style=\"font-family: Roboto, sans-serif;\"><span style=\"font-size: 12pt;\"><span lang=\"fr-FR\"><span style=\"font-weight: normal;\">depuis 7 ans comme des lions. Leur petition est signable <a href=\"http:\/\/www.leslignesbougent.org\/petitions\/non-a-l-installation-d-antennes-sans-consultation-des-acteurs-locaux-et-de-la-population\/\">ici<\/a>.<\/span><\/span><\/span><\/span><\/span><\/strong><\/p><p><strong><span style=\"color: #414141;\"><span style=\"font-family: Roboto, sans-serif;\"><span style=\"font-size: 12pt;\"><span lang=\"fr-FR\"><span style=\"font-weight: normal;\">Mais au del\u00e0 de ce d\u00e9ni flagrant de d\u00e9mocratie, la couverture en 5G dont personne n&rsquo;a besoin pour t\u00e9l\u00e9phoner ou envoyer des messages\u00a0 et sans laquelle ce maillage si \u00e9troit serait superflu [lien] vise \u00e0 l&rsquo;implantation de l&rsquo;Internet des Objets (IoT) et avec lui de l&rsquo;<\/span><\/span><\/span><\/span><\/span><\/strong><a href=\"https:\/\/intelligence-artificielle.com\/ia-et-iot-tout-savoir\/\" target=\"_blank\" rel=\"noopener\">Intelligence Artificielle des Objets<\/a><strong><span style=\"color: #414141;\"><span style=\"font-family: Roboto, sans-serif;\"><span style=\"font-size: 12pt;\"><span lang=\"fr-FR\"><span style=\"font-weight: normal;\">\u00a0(AIoT). On parle donc des objets connect\u00e9s, \u201eintelligents\u201c qui fonctionnent en autonomie comme le <\/span><\/span><\/span><\/span><\/span><\/strong><strong><span style=\"color: #414141;\"><span style=\"font-family: Roboto, sans-serif;\"><span style=\"font-size: 12pt;\"><span lang=\"fr-FR\"><span style=\"font-weight: normal;\">r\u00e9frig\u00e9rateur qui sait passer des commandes, la voiture qui conduit toute seule ou les cam\u00e9ras de vid\u00e9osurveillance qui d\u00e9tectent des comportements \u00ab\u00a0suspects\u00a0\u00bb. D&rsquo;une part, ces gadgets g\u00e9n\u00e8rent un besoin toujours grandissant en mati\u00e8res premi\u00e8res et en \u00e9nergie (m\u00e9taux rares, explosion du nombre de data centers, leur refroidissement&#8230;) alors qu&rsquo;il est plus qu&rsquo;urgent de changer notre mode de consommation en profondeur. Et d&rsquo;autre part, ce d\u00e9ploiement est la base d&rsquo;une surveillance et d&rsquo;un fichage impeccable de toute la population. Biens\u00fbr, personne n&rsquo;a rien \u00e0 craindre dans un \u00e9tat de droit bienveillant&#8230; Mais m\u00eame si on veut supposer que ce soit vrai \u00e0 l&rsquo;heure actuelle, qu&rsquo;en sera-t-il avec un gouvernement au penchant fasciste, comme cela pourrait bien arriver bient\u00f4t\u00a0? Avec de tels dispositifs en place, la r\u00e9sistance pendant la deuxi\u00e8me Guerre mondiale en tout cas, aurait \u00e9t\u00e9 tu\u00e9e dans l\u2019\u0153uf.<\/span><\/span><\/span><\/span><\/span><\/strong><\/p><p style=\"margin-bottom: 0.79cm; border: none; padding: 0cm; line-height: 150%;\" align=\"LEFT\"><strong><span style=\"color: #414141;\"><span style=\"font-family: Roboto, sans-serif;\"><span style=\"font-size: 12pt;\"><span lang=\"fr-FR\"><span style=\"font-weight: normal;\">Les luttes contre ces installations sont difficiles avec peu d&rsquo;issues positives comme \u00e0 <\/span>Moulis <span style=\"font-weight: normal;\">en 2013 ou \u00e0 <\/span>Uchentein <span style=\"font-weight: normal;\">o\u00f9, en 2020, devant le refus clair et net de la population, une autre solution a \u00e9t\u00e9 trouv\u00e9e: la mutualisation<\/span><\/span><\/span><\/span><\/span><\/strong><strong style=\"color: var( --e-global-color-text ); font-family: var( --e-global-typography-text-font-family ), Sans-serif; text-align: var(--text-align); background-color: var(--nv-site-bg); font-size: var(--bodyfontsize); letter-spacing: var(--bodyletterspacing); text-transform: var(--bodytexttransform);\"><span style=\"font-size: 12pt;\"><span lang=\"fr-FR\"><span style=\"font-weight: normal;\">\u00a0d&rsquo;un relais\u00a0<\/span><\/span><\/span><\/strong><strong style=\"color: var( --e-global-color-text ); font-family: var( --e-global-typography-text-font-family ), Sans-serif; text-align: var(--text-align); font-size: var(--bodyfontsize); letter-spacing: var(--bodyletterspacing); text-transform: var(--bodytexttransform); background-color: var(--nv-site-bg);\"><span style=\"font-size: 12pt;\"><span lang=\"fr-FR\"><span style=\"font-weight: normal;\">existant\u00a0<\/span><\/span><\/span><\/strong><strong style=\"color: var( --e-global-color-text ); font-family: var( --e-global-typography-text-font-family ), Sans-serif; text-align: var(--text-align); font-size: var(--bodyfontsize); letter-spacing: var(--bodyletterspacing); text-transform: var(--bodytexttransform); background-color: var(--nv-site-bg);\"><span style=\"font-size: 12pt;\"><span lang=\"fr-FR\"><span style=\"font-weight: normal;\">entre plusieurs op\u00e9rateurs<\/span><\/span><\/span><\/strong><strong style=\"color: var( --e-global-color-text ); font-family: var( --e-global-typography-text-font-family ), Sans-serif; text-align: var(--text-align); font-size: var(--bodyfontsize); letter-spacing: var(--bodyletterspacing); text-transform: var(--bodytexttransform); background-color: var(--nv-site-bg);\"><span style=\"font-size: 12pt;\"><span lang=\"fr-FR\"><span style=\"font-weight: normal;\">.<\/span><\/span><\/span><\/strong><\/p><p style=\"margin-bottom: 0.79cm; border: none; padding: 0cm; line-height: 150%;\"><span style=\"color: #414141;\"><span style=\"font-family: Roboto, sans-serif;\"><span style=\"font-size: 12pt;\">Mais la liste des installations d\u2019antennes contest\u00e9es est longue :<br \/>\u00c0 Saurat, le Conseil municipal et les habitants se battent contre l\u2019op\u00e9rateur Free qui ne veut rien entendre ; la commune conteste en justice l\u2019emplacement du projet d\u2019antenne 5 G de 36 m \u00e0 140 m des premi\u00e8res habitations, avec obstination et forte du soutien des \u00e9lus d\u00e9partementaux, ce qui lui a co\u00fbt\u00e9 6000 Eur de condamnation depuis 2019,\u00a0\u00a0\u00e0 l<\/span><\/span><\/span><span style=\"font-family: var( --e-global-typography-text-font-family ), Sans-serif; font-weight: var( --e-global-typography-text-font-weight ); text-align: var(--text-align); background-color: var(--nv-site-bg); font-size: var(--bodyfontsize); letter-spacing: var(--bodyletterspacing); text-transform: var(--bodytexttransform); color: #000000;\"><span style=\"font-family: Roboto, sans-serif;\"><span style=\"font-size: 12pt;\"><span lang=\"fr-FR\">ire :\u00a0<\/span><\/span><\/span><\/span><a style=\"font-family: var( --e-global-typography-text-font-family ), Sans-serif; font-weight: var( --e-global-typography-text-font-weight ); text-align: var(--text-align); background-color: var(--nv-site-bg); font-size: var(--bodyfontsize); letter-spacing: var(--bodyletterspacing); text-transform: var(--bodytexttransform);\" href=\"http:\/\/\u00ab Lettre projet antenne Free Saurat\" target=\"_blank\" rel=\"noopener\">Lettre projet antenne Free Saurat<\/a>\u00a0(23\/10\/2024).<\/p><p style=\"margin-bottom: 0.79cm; border: none; padding: 0cm; line-height: 150%;\"><span style=\"font-family: var( --e-global-typography-text-font-family ), Sans-serif; font-weight: var( --e-global-typography-text-font-weight ); text-align: var(--text-align); background-color: var(--nv-site-bg); font-size: var(--bodyfontsize); letter-spacing: var(--bodyletterspacing); text-transform: var(--bodytexttransform);\"><span style=\"font-size: 12pt;\">\u00c0\u00a0<\/span><\/span><span style=\"font-family: var( --e-global-typography-text-font-family ), Sans-serif; font-weight: var( --e-global-typography-text-font-weight ); text-align: var(--text-align); background-color: var(--nv-site-bg); font-size: var(--bodyfontsize); letter-spacing: var(--bodyletterspacing); text-transform: var(--bodytexttransform);\"><span style=\"font-size: 12pt;\"><span lang=\"fr-FR\"><b>Biert<\/b><\/span><\/span><\/span><span style=\"font-family: var( --e-global-typography-text-font-family ), Sans-serif; text-align: var(--text-align); background-color: var(--nv-site-bg); font-size: var(--bodyfontsize); letter-spacing: var(--bodyletterspacing); text-transform: var(--bodytexttransform);\"><span style=\"font-size: 12pt;\"><span style=\"font-weight: var( --e-global-typography-text-font-weight );\">\u00a0: 320 Habitants, 123 R\u00e9sistants \u00e0 l\u2019implantation d\u2019une Antenne-Relais [voir :\u00a0<\/span><a style=\"font-weight: var( --e-global-typography-text-font-weight );\" href=\"https:\/\/www.robindestoits.org\/BIERT-ARIEGE-320-Habitants-123-Resistants-a-l-implantation-d-une-Antenne-Relais_a3225.html\">article Robin des Bois<\/a><span style=\"font-weight: var( --e-global-typography-text-font-weight );\">]\u00a0<\/span><br \/><\/span><\/span><em style=\"color: var( --e-global-color-text ); font-family: var( --e-global-typography-text-font-family ), Sans-serif; font-weight: var( --e-global-typography-text-font-weight ); text-align: var(--text-align); background-color: var(--nv-site-bg); font-size: var(--bodyfontsize); letter-spacing: var(--bodyletterspacing); text-transform: var(--bodytexttransform);\"><span style=\"font-size: 12pt;\"><span lang=\"fr-FR\"><span style=\"font-style: normal;\"><b>Biert, Massat, Biert, Boussenac, Le Port, Soulan et Aleu\u00a0<\/b><\/span><\/span><\/span><\/em><em style=\"color: var( --e-global-color-text ); font-family: var( --e-global-typography-text-font-family ), Sans-serif; font-weight: var( --e-global-typography-text-font-weight ); text-align: var(--text-align); background-color: var(--nv-site-bg); font-size: var(--bodyfontsize); letter-spacing: var(--bodyletterspacing); text-transform: var(--bodytexttransform);\"><span style=\"font-size: 12pt;\"><span lang=\"fr-FR\"><span style=\"font-style: normal;\">:\u00a0<\/span><\/span><\/span><\/em><a style=\"font-family: var( --e-global-typography-text-font-family ), Sans-serif; font-weight: var( --e-global-typography-text-font-weight ); text-align: var(--text-align); background-color: var(--nv-site-bg); font-size: var(--bodyfontsize); letter-spacing: var(--bodyletterspacing); text-transform: var(--bodytexttransform);\" href=\"http:\/\/www.robindestoits.org\/BIERT-ARIEGE-320-Habitants-123-Resistants-a-l-implantation-d-une-Antenne-Relais_a3225.html\" target=\"_blank\" rel=\"noopener\">Lettre \u00e0 Mesdames et Messieurs les maires et conseillers municipaux<\/a><\/p><p style=\"margin-bottom: 0.79cm; border: none; padding: 0cm; line-height: 150%;\" align=\"LEFT\"><span style=\"color: #414141;\"><span style=\"font-family: Roboto, sans-serif;\"><span style=\"font-size: 12pt;\">\u00c0\u00a0<\/span><\/span><\/span><span style=\"color: #414141;\"><span style=\"font-family: Roboto, sans-serif;\"><span style=\"font-size: 12pt;\"><span lang=\"fr-FR\"><b>Daumazan<\/b><\/span><\/span><\/span><\/span><span style=\"color: #414141;\"><span style=\"font-family: Roboto, sans-serif;\"><span style=\"font-size: 12pt;\">, le collectif Bonnezondes soutenu par le Comit\u00e9 \u00c9cologique Ari\u00e8geois, renonce apr\u00e8s une multitude de communications, actions et conf\u00e9rences, au recours en justice engag\u00e9 \u00e0 cause du manque de perspectives gagnantes.<br \/>D&rsquo;autres projets sont en cours\u00a0: <b>Ste Croix Volvestre, Les Bignes \u00e0 Foix,\u00a0 Carla de Roquefort, Erc\u00e9,\u00a0<\/b><\/span><\/span><\/span><span style=\"font-size: 16px; color: var( --e-global-color-text ); font-family: var( --e-global-typography-text-font-family ), Sans-serif; text-align: var(--text-align); background-color: var(--nv-site-bg); letter-spacing: var(--bodyletterspacing); text-transform: var(--bodytexttransform);\"><b>Bastide de Besplas<\/b>\u00a0<\/span><span style=\"font-size: 12pt; text-align: var(--text-align); background-color: var(--nv-site-bg); letter-spacing: var(--bodyletterspacing); text-transform: var(--bodytexttransform);\">et actuellement <b>B\u00e9naix, Cadarcet.<\/b><\/span><\/p><p style=\"margin-bottom: 0.79cm; border: none; padding: 0cm; line-height: 150%;\"><span style=\"color: #414141;\"><span style=\"font-family: Roboto, sans-serif;\"><span style=\"font-size: 12pt;\">Pour celles et ceux qui souhaitent s&rsquo;opposer \u00e0 l&rsquo;implantation d&rsquo;une antenne-relais, le site de l&rsquo;association\u00a0<\/span><\/span><\/span><a href=\"https:\/\/www.robindestoits.org\" target=\"_blank\" rel=\"noopener\">Robin des Toits<\/a><span style=\"color: #414141;\"><span style=\"font-family: Roboto, sans-serif;\"><span style=\"font-size: 12pt;\">, tr\u00e8s engag\u00e9e au sujet des ondes, contient une mine d&rsquo;informations dont des\u00a0<\/span><\/span><\/span><a href=\"https:\/\/www.robindestoits.org\/L-ESSENTIEL-SUR-LES-ANTENNES-RELAIS-3-FICHES-TECHNIQUE-JURIDIQUE-et-SANITAIRE_a2931.html\" target=\"_blank\" rel=\"noopener\">fiches technique, juridique et sanitaire<\/a><span style=\"color: #414141;\"><span style=\"font-family: Roboto, sans-serif;\"><span style=\"font-size: 12pt;\">\u00a0pour les antennes-relais tr\u00e8s fournis.<br \/><\/span><\/span><\/span><em><span style=\"color: #414141;\"><span style=\"font-family: Roboto, sans-serif;\"><span style=\"font-size: 12pt;\"><span lang=\"fr-FR\"><span style=\"font-style: normal;\">Une vid\u00e9o\u00a0<\/span><\/span><\/span><\/span><\/span><\/em><em><span style=\"color: #414141;\"><span style=\"font-family: Roboto, sans-serif;\"><span style=\"font-size: 12pt;\"><span lang=\"fr-FR\"><span style=\"font-style: normal;\">sur des moyens citoyens pour bloquer les projets d&rsquo;antennes en amont se trouve<\/span><\/span><\/span><\/span><\/span><\/em><em style=\"color: var( --e-global-color-text ); font-family: var( --e-global-typography-text-font-family ), Sans-serif; font-weight: var( --e-global-typography-text-font-weight ); text-align: var(--text-align); background-color: var(--nv-site-bg); font-size: var(--bodyfontsize); letter-spacing: var(--bodyletterspacing); text-transform: var(--bodytexttransform);\"><span style=\"font-size: 12pt;\"><span lang=\"fr-FR\"><span style=\"font-style: normal;\">\u00a0<\/span><\/span><\/span><\/em><a style=\"font-family: var( --e-global-typography-text-font-family ), Sans-serif; font-weight: var( --e-global-typography-text-font-weight ); text-align: var(--text-align); background-color: var(--nv-site-bg); font-size: var(--bodyfontsize); letter-spacing: var(--bodyletterspacing); text-transform: var(--bodytexttransform); --linkdeco: underline;\" href=\"https:\/\/odysee.com\/@DestinationBonheur:c\/Antennes-5G%E2%80%94Des-solutions-pour-bloquer-les-projets\" target=\"_blank\" rel=\"noopener\">ici<\/a>.<em style=\"color: var( --e-global-color-text ); font-family: var( --e-global-typography-text-font-family ), Sans-serif; font-weight: var( --e-global-typography-text-font-weight ); text-align: var(--text-align); background-color: var(--nv-site-bg); font-size: var(--bodyfontsize); letter-spacing: var(--bodyletterspacing); text-transform: var(--bodytexttransform);\"><span style=\"font-size: 12pt;\"><span lang=\"fr-FR\"><span style=\"font-style: normal;\"><span style=\"font-weight: bold;\">\u00a0<\/span><\/span><\/span><\/span><\/em><\/p><p style=\"margin-bottom: 0.79cm; border: none; padding: 0cm; line-height: 150%;\"><em style=\"color: var( --e-global-color-text ); font-family: var( --e-global-typography-text-font-family ), Sans-serif; text-align: var(--text-align); background-color: var(--nv-site-bg); font-size: var(--bodyfontsize); letter-spacing: var(--bodyletterspacing); text-transform: var(--bodytexttransform);\"><span style=\"font-size: 12pt;\"><span lang=\"fr-FR\"><span style=\"font-style: normal;\">Le<\/span><\/span><\/span><\/em><span style=\"color: var( --e-global-color-text ); font-family: var( --e-global-typography-text-font-family ), Sans-serif; text-align: var(--text-align); background-color: var(--nv-site-bg); font-size: var(--bodyfontsize); letter-spacing: var(--bodyletterspacing); text-transform: var(--bodytexttransform);\"><span style=\"font-family: Arial;\"><span style=\"font-size: medium;\"><span lang=\"fr-FR\">\u00a0rapport <b style=\"font-weight: var( --e-global-typography-text-font-weight );\">Bioinitiative<\/b><\/span><\/span><\/span><\/span><span style=\"color: var( --e-global-color-text ); font-family: var( --e-global-typography-text-font-family ), Sans-serif; font-weight: var( --e-global-typography-text-font-weight ); text-align: var(--text-align); background-color: var(--nv-site-bg); font-size: var(--bodyfontsize); letter-spacing: var(--bodyletterspacing); text-transform: var(--bodytexttransform);\"><span style=\"font-family: Arial;\"><span style=\"font-size: medium;\"> (<a href=\"http:\/\/www.bioinitiative.org\/\">www.bioinitiative.org<\/a>) cumule les \u00e9tudes scientifiques sur les effets n\u00e9fastes reli\u00e9s aux ondes (en anglais).<\/span><\/span><\/span><\/p><p style=\"margin-bottom: 0cm; line-height: 150%;\"><span style=\"color: var( --e-global-color-text ); font-family: var( --e-global-typography-text-font-family ), Sans-serif; font-weight: var( --e-global-typography-text-font-weight ); text-align: var(--text-align); font-size: var(--bodyfontsize); letter-spacing: var(--bodyletterspacing); text-transform: var(--bodytexttransform); background-color: var(--nv-site-bg);\">Sur le site de l&rsquo;ANFR <a href=\"https:\/\/cartoradio.fr\/#\">Cartoradio<\/a> on peut voir l&rsquo;implantation et les details des antennes relais\u00a0<\/span><\/p><p style=\"margin-bottom: 0cm; line-height: 150%;\">Un film tr\u00e8s instructif sur la th\u00e9matique des ondes r\u00e9alis\u00e9 par Klaus Scheidsteger se trouve\u00a0<a style=\"font-family: var( --e-global-typography-text-font-family ), Sans-serif; font-weight: var( --e-global-typography-text-font-weight ); text-align: var(--text-align); background-color: var(--nv-site-bg); font-size: var(--bodyfontsize); letter-spacing: var(--bodyletterspacing); text-transform: var(--bodytexttransform);\" href=\"https:\/\/youtu.be\/kkBYBsUdshU?si=nHaSOQ3sqvoE2Nmf\" target=\"_blank\" rel=\"noopener\">ici<\/a>.<\/p><p style=\"margin-bottom: 0cm; line-height: 150%;\">\u00a0<\/p><p style=\"margin-bottom: 0.79cm; border: none; padding: 0cm; line-height: 150%;\"><em><span style=\"color: #414141;\"><span style=\"font-family: Roboto, sans-serif;\"><span style=\"font-size: 12pt;\"><span lang=\"fr-FR\"><span style=\"font-style: normal;\">\u00a0<\/span><\/span><\/span><\/span><\/span><\/em><em style=\"color: var( --e-global-color-text ); font-family: var( --e-global-typography-text-font-family ), Sans-serif; font-weight: var( --e-global-typography-text-font-weight ); text-align: var(--text-align); background-color: var(--nv-site-bg); font-size: var(--bodyfontsize); letter-spacing: var(--bodyletterspacing); text-transform: var(--bodytexttransform);\"><span style=\"font-size: 12pt;\"><span lang=\"fr-FR\"><b>Num\u00e9riser le moindre de nos actes afin de transformer nos d\u00e9sirs en \u00abapplications\u00bb, nos amis en \u00abfollowers\u00bb, nos conversations en \u00abcommunications\u00bb\u2026 et plus g\u00e9n\u00e9ralement substituer \u00e0 la pens\u00e9e l\u2019intelligence artificielle, toujours plus de s\u00e9curit\u00e9, d\u2019efficacit\u00e9 technique&#8230;, voil\u00e0 ce qu&rsquo;on nous propose comme projet pour l\u2019humanit\u00e9.<\/b><\/span><\/span><\/em><span style=\"background-color: var(--nv-site-bg); color: var( --e-global-color-text ); font-family: var( --e-global-typography-text-font-family ), Sans-serif; font-size: var(--bodyfontsize); font-weight: var( --e-global-typography-text-font-weight ); letter-spacing: var(--bodyletterspacing); text-align: var(--text-align); text-transform: var(--bodytexttransform);\">\u00a0<\/span><\/p><p style=\"margin-bottom: 0.79cm; border: none; padding: 0cm; line-height: 150%;\"><span style=\"background-color: var(--nv-site-bg); color: var( --e-global-color-text ); font-family: var( --e-global-typography-text-font-family ), Sans-serif; font-size: var(--bodyfontsize); font-weight: var( --e-global-typography-text-font-weight ); letter-spacing: var(--bodyletterspacing); text-align: var(--text-align); text-transform: var(--bodytexttransform);\"><br \/><br \/><\/span><\/p><\/div><\/div>\t\t\t\t\t\t\t\t<\/div>\n\t\t\t\t<\/div>\n\t\t\t\t<div class=\"elementor-element elementor-element-961cf29 elementor-widget elementor-widget-button\" data-id=\"961cf29\" data-element_type=\"widget\" data-widget_type=\"button.default\">\n\t\t\t\t<div class=\"elementor-widget-container\">\n\t\t\t\t\t\t\t\t\t<div class=\"elementor-button-wrapper\">\n\t\t\t\t\t<a class=\"elementor-button elementor-button-link elementor-size-sm elementor-animation-grow\" href=\"https:\/\/soundcloud.com\/radiotransparence937\/alternatives-ecologiques-5g-non-merci?utm_source=comite-ecologique-ariegeois.org&#038;utm_campaign=wtshare&#038;utm_medium=widget&#038;utm_content=https%253A%252F%252Fsoundcloud.com%252Fradiotransparence937%252Falternatives-ecologiques-5g-non-merci\">\n\t\t\t\t\t\t<span class=\"elementor-button-content-wrapper\">\n\t\t\t\t\t\t\t\t\t<span class=\"elementor-button-text\">Emission radio CEA : \"La 5G non merci\" <\/span>\n\t\t\t\t\t<\/span>\n\t\t\t\t\t<\/a>\n\t\t\t\t<\/div>\n\t\t\t\t\t\t\t\t<\/div>\n\t\t\t\t<\/div>\n\t\t\t\t\t<\/div>\n\t\t\t\t<\/div>\n\t\t\t\t<\/div>\n\t\t","protected":false},"excerpt":{"rendered":"<p>Atteinte au paysage, absence de concertation locale, inqui\u00e9tudessur les effets sanitaires et soci\u00e9tales : de nombreux collectifs et associations se sont cr\u00e9\u00e9s en Ari\u00e8ge, comme dans toute la France, pour lutter contre l\u2019installation d\u2019antennes-relais. L\u2019ordonnance n\u00b0 2020-320 du 25 mars 2020 a donn\u00e9 durant la p\u00e9riode Covid un coup d\u2019acc\u00e9l\u00e9rateur formidable au \u201ed\u00e9ploiement num\u00e9rique\u201c. D\u00e8s&hellip;&nbsp;<a href=\"https:\/\/comite-ecologique-ariegeois.org\/?p=3799\" rel=\"bookmark\">Lire la suite &raquo;<span class=\"screen-reader-text\">Antennes relais<\/span><\/a><\/p>\n","protected":false},"author":8,"featured_media":8457,"comment_status":"open","ping_status":"open","sticky":false,"template":"","format":"standard","meta":{"neve_meta_sidebar":"","neve_meta_container":"","neve_meta_enable_content_width":"","neve_meta_content_width":0,"neve_meta_title_alignment":"","neve_meta_author_avatar":"","neve_post_elements_order":"[\"title\",\"meta\",\"thumbnail\",\"content\",\"tags\",\"comments\"]","neve_meta_disable_header":"","neve_meta_disable_footer":"","neve_meta_disable_title":"","footnotes":""},"categories":[1],"tags":[],"class_list":["post-3799","post","type-post","status-publish","format-standard","has-post-thumbnail","hentry","category-non-classe"],"yoast_head":"<!-- This site is optimized with the Yoast SEO plugin v26.4 - https:\/\/yoast.com\/wordpress\/plugins\/seo\/ -->\n<title>Antennes relais - Comit\u00e9 Ecologique Ari\u00e8geois<\/title>\n<meta name=\"robots\" content=\"index, follow, max-snippet:-1, max-image-preview:large, max-video-preview:-1\" \/>\n<link rel=\"canonical\" href=\"https:\/\/comite-ecologique-ariegeois.org\/?p=3799\" \/>\n<meta property=\"og:locale\" content=\"fr_FR\" \/>\n<meta property=\"og:type\" content=\"article\" \/>\n<meta property=\"og:title\" content=\"Antennes relais - Comit\u00e9 Ecologique Ari\u00e8geois\" \/>\n<meta property=\"og:description\" content=\"Atteinte au paysage, absence de concertation locale, inqui\u00e9tudessur les effets sanitaires et soci\u00e9tales : de nombreux collectifs et associations se sont cr\u00e9\u00e9s en Ari\u00e8ge, comme dans toute la France, pour lutter contre l\u2019installation d\u2019antennes-relais. L\u2019ordonnance n\u00b0 2020-320 du 25 mars 2020 a donn\u00e9 durant la p\u00e9riode Covid un coup d\u2019acc\u00e9l\u00e9rateur formidable au \u201ed\u00e9ploiement num\u00e9rique\u201c. D\u00e8s&hellip;&nbsp;Lire la suite &raquo;Antennes relais\" \/>\n<meta property=\"og:url\" content=\"https:\/\/comite-ecologique-ariegeois.org\/?p=3799\" \/>\n<meta property=\"og:site_name\" content=\"Comit\u00e9 Ecologique Ari\u00e8geois\" \/>\n<meta property=\"article:publisher\" content=\"https:\/\/www.facebook.com\/comite.ariegeois\/\" \/>\n<meta property=\"article:published_time\" content=\"2024-11-10T16:09:36+00:00\" \/>\n<meta property=\"article:modified_time\" content=\"2025-02-10T20:06:26+00:00\" \/>\n<meta property=\"og:image\" content=\"https:\/\/comite-ecologique-ariegeois.org\/wp-content\/uploads\/2025\/02\/Photo-CEA-antenne-Foix_30-01-2025-002_NX.jpg\" \/>\n\t<meta property=\"og:image:width\" content=\"1000\" \/>\n\t<meta property=\"og:image:height\" content=\"1425\" \/>\n\t<meta property=\"og:image:type\" content=\"image\/jpeg\" \/>\n<meta name=\"author\" content=\"Connie\" \/>\n<meta name=\"twitter:card\" content=\"summary_large_image\" \/>\n<meta name=\"twitter:label1\" content=\"\u00c9crit par\" \/>\n\t<meta name=\"twitter:data1\" content=\"Connie\" \/>\n\t<meta name=\"twitter:label2\" content=\"Dur\u00e9e de lecture estim\u00e9e\" \/>\n\t<meta name=\"twitter:data2\" content=\"4 minutes\" \/>\n<script type=\"application\/ld+json\" class=\"yoast-schema-graph\">{\"@context\":\"https:\/\/schema.org\",\"@graph\":[{\"@type\":\"Article\",\"@id\":\"https:\/\/comite-ecologique-ariegeois.org\/?p=3799#article\",\"isPartOf\":{\"@id\":\"https:\/\/comite-ecologique-ariegeois.org\/?p=3799\"},\"author\":{\"name\":\"Connie\",\"@id\":\"https:\/\/comite-ecologique-ariegeois.org\/#\/schema\/person\/af279ee88844a6725557c218b6c07c27\"},\"headline\":\"Antennes relais\",\"datePublished\":\"2024-11-10T16:09:36+00:00\",\"dateModified\":\"2025-02-10T20:06:26+00:00\",\"mainEntityOfPage\":{\"@id\":\"https:\/\/comite-ecologique-ariegeois.org\/?p=3799\"},\"wordCount\":935,\"commentCount\":0,\"publisher\":{\"@id\":\"https:\/\/comite-ecologique-ariegeois.org\/#organization\"},\"image\":{\"@id\":\"https:\/\/comite-ecologique-ariegeois.org\/?p=3799#primaryimage\"},\"thumbnailUrl\":\"https:\/\/comite-ecologique-ariegeois.org\/wp-content\/uploads\/2025\/02\/Photo-CEA-antenne-Foix_30-01-2025-002_NX.jpg\",\"inLanguage\":\"fr-FR\",\"potentialAction\":[{\"@type\":\"CommentAction\",\"name\":\"Comment\",\"target\":[\"https:\/\/comite-ecologique-ariegeois.org\/?p=3799#respond\"]}]},{\"@type\":\"WebPage\",\"@id\":\"https:\/\/comite-ecologique-ariegeois.org\/?p=3799\",\"url\":\"https:\/\/comite-ecologique-ariegeois.org\/?p=3799\",\"name\":\"Antennes relais - Comit\u00e9 Ecologique Ari\u00e8geois\",\"isPartOf\":{\"@id\":\"https:\/\/comite-ecologique-ariegeois.org\/#website\"},\"primaryImageOfPage\":{\"@id\":\"https:\/\/comite-ecologique-ariegeois.org\/?p=3799#primaryimage\"},\"image\":{\"@id\":\"https:\/\/comite-ecologique-ariegeois.org\/?p=3799#primaryimage\"},\"thumbnailUrl\":\"https:\/\/comite-ecologique-ariegeois.org\/wp-content\/uploads\/2025\/02\/Photo-CEA-antenne-Foix_30-01-2025-002_NX.jpg\",\"datePublished\":\"2024-11-10T16:09:36+00:00\",\"dateModified\":\"2025-02-10T20:06:26+00:00\",\"breadcrumb\":{\"@id\":\"https:\/\/comite-ecologique-ariegeois.org\/?p=3799#breadcrumb\"},\"inLanguage\":\"fr-FR\",\"potentialAction\":[{\"@type\":\"ReadAction\",\"target\":[\"https:\/\/comite-ecologique-ariegeois.org\/?p=3799\"]}]},{\"@type\":\"ImageObject\",\"inLanguage\":\"fr-FR\",\"@id\":\"https:\/\/comite-ecologique-ariegeois.org\/?p=3799#primaryimage\",\"url\":\"https:\/\/comite-ecologique-ariegeois.org\/wp-content\/uploads\/2025\/02\/Photo-CEA-antenne-Foix_30-01-2025-002_NX.jpg\",\"contentUrl\":\"https:\/\/comite-ecologique-ariegeois.org\/wp-content\/uploads\/2025\/02\/Photo-CEA-antenne-Foix_30-01-2025-002_NX.jpg\",\"width\":1000,\"height\":1425},{\"@type\":\"BreadcrumbList\",\"@id\":\"https:\/\/comite-ecologique-ariegeois.org\/?p=3799#breadcrumb\",\"itemListElement\":[{\"@type\":\"ListItem\",\"position\":1,\"name\":\"Accueil\",\"item\":\"https:\/\/comite-ecologique-ariegeois.org\/\"},{\"@type\":\"ListItem\",\"position\":2,\"name\":\"Antennes relais\"}]},{\"@type\":\"WebSite\",\"@id\":\"https:\/\/comite-ecologique-ariegeois.org\/#website\",\"url\":\"https:\/\/comite-ecologique-ariegeois.org\/\",\"name\":\"Comit\u00e9 Ecologique Ari\u00e8geois\",\"description\":\"Assotiation de protection de la nature\",\"publisher\":{\"@id\":\"https:\/\/comite-ecologique-ariegeois.org\/#organization\"},\"potentialAction\":[{\"@type\":\"SearchAction\",\"target\":{\"@type\":\"EntryPoint\",\"urlTemplate\":\"https:\/\/comite-ecologique-ariegeois.org\/?s={search_term_string}\"},\"query-input\":{\"@type\":\"PropertyValueSpecification\",\"valueRequired\":true,\"valueName\":\"search_term_string\"}}],\"inLanguage\":\"fr-FR\"},{\"@type\":\"Organization\",\"@id\":\"https:\/\/comite-ecologique-ariegeois.org\/#organization\",\"name\":\"Comit\u00e9 Ecologique Ari\u00e8geois\",\"url\":\"https:\/\/comite-ecologique-ariegeois.org\/\",\"logo\":{\"@type\":\"ImageObject\",\"inLanguage\":\"fr-FR\",\"@id\":\"https:\/\/comite-ecologique-ariegeois.org\/#\/schema\/logo\/image\/\",\"url\":\"https:\/\/comite-ecologique-ariegeois.org\/wp-content\/uploads\/2025\/01\/logo_nouveau_cea_jpeg_250pix_02_03_24-a8816.jpg\",\"contentUrl\":\"https:\/\/comite-ecologique-ariegeois.org\/wp-content\/uploads\/2025\/01\/logo_nouveau_cea_jpeg_250pix_02_03_24-a8816.jpg\",\"width\":250,\"height\":250,\"caption\":\"Comit\u00e9 Ecologique Ari\u00e8geois\"},\"image\":{\"@id\":\"https:\/\/comite-ecologique-ariegeois.org\/#\/schema\/logo\/image\/\"},\"sameAs\":[\"https:\/\/www.facebook.com\/comite.ariegeois\/\",\"https:\/\/www.instagram.com\/comite.ecologique.ariegeois\/\"]},{\"@type\":\"Person\",\"@id\":\"https:\/\/comite-ecologique-ariegeois.org\/#\/schema\/person\/af279ee88844a6725557c218b6c07c27\",\"name\":\"Connie\",\"image\":{\"@type\":\"ImageObject\",\"inLanguage\":\"fr-FR\",\"@id\":\"https:\/\/comite-ecologique-ariegeois.org\/#\/schema\/person\/image\/\",\"url\":\"https:\/\/secure.gravatar.com\/avatar\/ff8cc02d63aa8a8c9faf59b4c86d986a49c8c5c5c5781209a22f64a2800180ca?s=96&d=mm&r=g\",\"contentUrl\":\"https:\/\/secure.gravatar.com\/avatar\/ff8cc02d63aa8a8c9faf59b4c86d986a49c8c5c5c5781209a22f64a2800180ca?s=96&d=mm&r=g\",\"caption\":\"Connie\"},\"url\":\"https:\/\/comite-ecologique-ariegeois.org\/?author=8\"}]}<\/script>\n<!-- \/ Yoast SEO plugin. -->","yoast_head_json":{"title":"Antennes relais - Comit\u00e9 Ecologique Ari\u00e8geois","robots":{"index":"index","follow":"follow","max-snippet":"max-snippet:-1","max-image-preview":"max-image-preview:large","max-video-preview":"max-video-preview:-1"},"canonical":"https:\/\/comite-ecologique-ariegeois.org\/?p=3799","og_locale":"fr_FR","og_type":"article","og_title":"Antennes relais - Comit\u00e9 Ecologique Ari\u00e8geois","og_description":"Atteinte au paysage, absence de concertation locale, inqui\u00e9tudessur les effets sanitaires et soci\u00e9tales : de nombreux collectifs et associations se sont cr\u00e9\u00e9s en Ari\u00e8ge, comme dans toute la France, pour lutter contre l\u2019installation d\u2019antennes-relais. L\u2019ordonnance n\u00b0 2020-320 du 25 mars 2020 a donn\u00e9 durant la p\u00e9riode Covid un coup d\u2019acc\u00e9l\u00e9rateur formidable au \u201ed\u00e9ploiement num\u00e9rique\u201c. D\u00e8s&hellip;&nbsp;Lire la suite &raquo;Antennes relais","og_url":"https:\/\/comite-ecologique-ariegeois.org\/?p=3799","og_site_name":"Comit\u00e9 Ecologique Ari\u00e8geois","article_publisher":"https:\/\/www.facebook.com\/comite.ariegeois\/","article_published_time":"2024-11-10T16:09:36+00:00","article_modified_time":"2025-02-10T20:06:26+00:00","og_image":[{"width":1000,"height":1425,"url":"https:\/\/comite-ecologique-ariegeois.org\/wp-content\/uploads\/2025\/02\/Photo-CEA-antenne-Foix_30-01-2025-002_NX.jpg","type":"image\/jpeg"}],"author":"Connie","twitter_card":"summary_large_image","twitter_misc":{"\u00c9crit par":"Connie","Dur\u00e9e de lecture estim\u00e9e":"4 minutes"},"schema":{"@context":"https:\/\/schema.org","@graph":[{"@type":"Article","@id":"https:\/\/comite-ecologique-ariegeois.org\/?p=3799#article","isPartOf":{"@id":"https:\/\/comite-ecologique-ariegeois.org\/?p=3799"},"author":{"name":"Connie","@id":"https:\/\/comite-ecologique-ariegeois.org\/#\/schema\/person\/af279ee88844a6725557c218b6c07c27"},"headline":"Antennes relais","datePublished":"2024-11-10T16:09:36+00:00","dateModified":"2025-02-10T20:06:26+00:00","mainEntityOfPage":{"@id":"https:\/\/comite-ecologique-ariegeois.org\/?p=3799"},"wordCount":935,"commentCount":0,"publisher":{"@id":"https:\/\/comite-ecologique-ariegeois.org\/#organization"},"image":{"@id":"https:\/\/comite-ecologique-ariegeois.org\/?p=3799#primaryimage"},"thumbnailUrl":"https:\/\/comite-ecologique-ariegeois.org\/wp-content\/uploads\/2025\/02\/Photo-CEA-antenne-Foix_30-01-2025-002_NX.jpg","inLanguage":"fr-FR","potentialAction":[{"@type":"CommentAction","name":"Comment","target":["https:\/\/comite-ecologique-ariegeois.org\/?p=3799#respond"]}]},{"@type":"WebPage","@id":"https:\/\/comite-ecologique-ariegeois.org\/?p=3799","url":"https:\/\/comite-ecologique-ariegeois.org\/?p=3799","name":"Antennes relais - Comit\u00e9 Ecologique Ari\u00e8geois","isPartOf":{"@id":"https:\/\/comite-ecologique-ariegeois.org\/#website"},"primaryImageOfPage":{"@id":"https:\/\/comite-ecologique-ariegeois.org\/?p=3799#primaryimage"},"image":{"@id":"https:\/\/comite-ecologique-ariegeois.org\/?p=3799#primaryimage"},"thumbnailUrl":"https:\/\/comite-ecologique-ariegeois.org\/wp-content\/uploads\/2025\/02\/Photo-CEA-antenne-Foix_30-01-2025-002_NX.jpg","datePublished":"2024-11-10T16:09:36+00:00","dateModified":"2025-02-10T20:06:26+00:00","breadcrumb":{"@id":"https:\/\/comite-ecologique-ariegeois.org\/?p=3799#breadcrumb"},"inLanguage":"fr-FR","potentialAction":[{"@type":"ReadAction","target":["https:\/\/comite-ecologique-ariegeois.org\/?p=3799"]}]},{"@type":"ImageObject","inLanguage":"fr-FR","@id":"https:\/\/comite-ecologique-ariegeois.org\/?p=3799#primaryimage","url":"https:\/\/comite-ecologique-ariegeois.org\/wp-content\/uploads\/2025\/02\/Photo-CEA-antenne-Foix_30-01-2025-002_NX.jpg","contentUrl":"https:\/\/comite-ecologique-ariegeois.org\/wp-content\/uploads\/2025\/02\/Photo-CEA-antenne-Foix_30-01-2025-002_NX.jpg","width":1000,"height":1425},{"@type":"BreadcrumbList","@id":"https:\/\/comite-ecologique-ariegeois.org\/?p=3799#breadcrumb","itemListElement":[{"@type":"ListItem","position":1,"name":"Accueil","item":"https:\/\/comite-ecologique-ariegeois.org\/"},{"@type":"ListItem","position":2,"name":"Antennes relais"}]},{"@type":"WebSite","@id":"https:\/\/comite-ecologique-ariegeois.org\/#website","url":"https:\/\/comite-ecologique-ariegeois.org\/","name":"Comit\u00e9 Ecologique Ari\u00e8geois","description":"Assotiation de protection de la nature","publisher":{"@id":"https:\/\/comite-ecologique-ariegeois.org\/#organization"},"potentialAction":[{"@type":"SearchAction","target":{"@type":"EntryPoint","urlTemplate":"https:\/\/comite-ecologique-ariegeois.org\/?s={search_term_string}"},"query-input":{"@type":"PropertyValueSpecification","valueRequired":true,"valueName":"search_term_string"}}],"inLanguage":"fr-FR"},{"@type":"Organization","@id":"https:\/\/comite-ecologique-ariegeois.org\/#organization","name":"Comit\u00e9 Ecologique Ari\u00e8geois","url":"https:\/\/comite-ecologique-ariegeois.org\/","logo":{"@type":"ImageObject","inLanguage":"fr-FR","@id":"https:\/\/comite-ecologique-ariegeois.org\/#\/schema\/logo\/image\/","url":"https:\/\/comite-ecologique-ariegeois.org\/wp-content\/uploads\/2025\/01\/logo_nouveau_cea_jpeg_250pix_02_03_24-a8816.jpg","contentUrl":"https:\/\/comite-ecologique-ariegeois.org\/wp-content\/uploads\/2025\/01\/logo_nouveau_cea_jpeg_250pix_02_03_24-a8816.jpg","width":250,"height":250,"caption":"Comit\u00e9 Ecologique Ari\u00e8geois"},"image":{"@id":"https:\/\/comite-ecologique-ariegeois.org\/#\/schema\/logo\/image\/"},"sameAs":["https:\/\/www.facebook.com\/comite.ariegeois\/","https:\/\/www.instagram.com\/comite.ecologique.ariegeois\/"]},{"@type":"Person","@id":"https:\/\/comite-ecologique-ariegeois.org\/#\/schema\/person\/af279ee88844a6725557c218b6c07c27","name":"Connie","image":{"@type":"ImageObject","inLanguage":"fr-FR","@id":"https:\/\/comite-ecologique-ariegeois.org\/#\/schema\/person\/image\/","url":"https:\/\/secure.gravatar.com\/avatar\/ff8cc02d63aa8a8c9faf59b4c86d986a49c8c5c5c5781209a22f64a2800180ca?s=96&d=mm&r=g","contentUrl":"https:\/\/secure.gravatar.com\/avatar\/ff8cc02d63aa8a8c9faf59b4c86d986a49c8c5c5c5781209a22f64a2800180ca?s=96&d=mm&r=g","caption":"Connie"},"url":"https:\/\/comite-ecologique-ariegeois.org\/?author=8"}]}},"_links":{"self":[{"href":"https:\/\/comite-ecologique-ariegeois.org\/index.php?rest_route=\/wp\/v2\/posts\/3799","targetHints":{"allow":["GET"]}}],"collection":[{"href":"https:\/\/comite-ecologique-ariegeois.org\/index.php?rest_route=\/wp\/v2\/posts"}],"about":[{"href":"https:\/\/comite-ecologique-ariegeois.org\/index.php?rest_route=\/wp\/v2\/types\/post"}],"author":[{"embeddable":true,"href":"https:\/\/comite-ecologique-ariegeois.org\/index.php?rest_route=\/wp\/v2\/users\/8"}],"replies":[{"embeddable":true,"href":"https:\/\/comite-ecologique-ariegeois.org\/index.php?rest_route=%2Fwp%2Fv2%2Fcomments&post=3799"}],"version-history":[{"count":48,"href":"https:\/\/comite-ecologique-ariegeois.org\/index.php?rest_route=\/wp\/v2\/posts\/3799\/revisions"}],"predecessor-version":[{"id":8054,"href":"https:\/\/comite-ecologique-ariegeois.org\/index.php?rest_route=\/wp\/v2\/posts\/3799\/revisions\/8054"}],"wp:featuredmedia":[{"embeddable":true,"href":"https:\/\/comite-ecologique-ariegeois.org\/index.php?rest_route=\/wp\/v2\/media\/8457"}],"wp:attachment":[{"href":"https:\/\/comite-ecologique-ariegeois.org\/index.php?rest_route=%2Fwp%2Fv2%2Fmedia&parent=3799"}],"wp:term":[{"taxonomy":"category","embeddable":true,"href":"https:\/\/comite-ecologique-ariegeois.org\/index.php?rest_route=%2Fwp%2Fv2%2Fcategories&post=3799"},{"taxonomy":"post_tag","embeddable":true,"href":"https:\/\/comite-ecologique-ariegeois.org\/index.php?rest_route=%2Fwp%2Fv2%2Ftags&post=3799"}],"curies":[{"name":"wp","href":"https:\/\/api.w.org\/{rel}","templated":true}]}}