{"id":3774,"date":"2024-11-04T19:44:19","date_gmt":"2024-11-04T18:44:19","guid":{"rendered":"https:\/\/comite-ecologique-ariegeois.org\/?p=3774"},"modified":"2025-01-17T20:16:11","modified_gmt":"2025-01-17T19:16:11","slug":"la-truite-fario-et-le-saumon-datlantique","status":"publish","type":"post","link":"https:\/\/comite-ecologique-ariegeois.org\/?p=3774","title":{"rendered":"La truite Fario et le saumon de l&rsquo;Atlantique"},"content":{"rendered":"\t\t<div data-elementor-type=\"wp-post\" data-elementor-id=\"3774\" class=\"elementor elementor-3774\">\n\t\t\t\t<div class=\"elementor-element elementor-element-68e7154c e-flex e-con-boxed e-con e-parent\" data-id=\"68e7154c\" data-element_type=\"container\">\n\t\t\t\t\t<div class=\"e-con-inner\">\n\t\t\t\t<div class=\"elementor-element elementor-element-35c9a28f elementor-widget elementor-widget-text-editor\" data-id=\"35c9a28f\" data-element_type=\"widget\" data-widget_type=\"text-editor.default\">\n\t\t\t\t<div class=\"elementor-widget-container\">\n\t\t\t\t\t\t\t\t\t\n<p>La truite fario, poisson totem des Pyr\u00e9n\u00e9es, se fait de plus en plus rare dans les cours d&rsquo;eau ari\u00e9geois (lacs\/torrents d&rsquo;altitude). Menac\u00e9e par diff\u00e9rents facteurs (r\u00e9chauffement climatique, barrages hydrauliques, am\u00e9nagements de berges, maladies aquatiques comme la PKD, pollution des eaux, et l\u00e2chers d&rsquo;alevins de truites d&rsquo;\u00e9levage), sa population subit un certain d\u00e9clin. Pourtant, sa pr\u00e9sence est un indicateur de la qualit\u00e9 de l&rsquo;eau et de l&rsquo;\u00e9cosyst\u00e8me. La p\u00eache de la truite fario est r\u00e9glement\u00e9e de sorte qu&rsquo;il est interdit de d\u00e9truite ses oeufs et habitats.\u00a0\u00a0<\/p>\n\n<p>Les cours d&rsquo;eau de l&rsquo;Ari\u00e8ge abritent \u00e9galement le Saumon de l&rsquo;Atlantique, esp\u00e8ce class\u00e9e \u00ab\u00a0quasi menac\u00e9e\u00a0\u00bb sur la Liste Rouge de l&rsquo;UICN de 2019. Esp\u00e8ce amphihalin, son cycle de vie est partag\u00e9 entre la mer et l&rsquo;eau douce. Sa population a fortement r\u00e9gress\u00e9 au cours du XIX\u00e8me si\u00e8cle, et a disparu de plusieurs bassins tels que la Garonne \u00e0 cause de la fragmentation et la d\u00e9gradation des milieux. Un programme cr\u00e9\u00e9 en 2024 a pour objectif la r\u00e9introduction et la sauvegarde du saumon sur la r\u00e9serve Naturelle Confluence Garonne &#8211; Ari\u00e8ge (travaux de restauration de fray\u00e8res potentielles et \u00e9levage de jeunes saumons pour repeupler les bassins de la Garonne et de l&rsquo;Ari\u00e8ge). Ce programme s&rsquo;int\u00e8gre dans le Plan National 2022-2027 \u00e9labor\u00e9 par l&rsquo;OFB en faveur des migrateurs amphihalins.\u00a0<\/p>\n\t\t\t\t\t\t\t\t<\/div>\n\t\t\t\t<\/div>\n\t\t\t\t\t<\/div>\n\t\t\t\t<\/div>\n\t\t\t\t<\/div>\n\t\t","protected":false},"excerpt":{"rendered":"<p>La truite fario, poisson totem des Pyr\u00e9n\u00e9es, se fait de plus en plus rare dans les cours d&rsquo;eau ari\u00e9geois (lacs\/torrents d&rsquo;altitude). Menac\u00e9e par diff\u00e9rents facteurs (r\u00e9chauffement climatique, barrages hydrauliques, am\u00e9nagements de berges, maladies aquatiques comme la PKD, pollution des eaux, et l\u00e2chers d&rsquo;alevins de truites d&rsquo;\u00e9levage), sa population subit un certain d\u00e9clin. Pourtant, sa pr\u00e9sence&hellip;&nbsp;<a href=\"https:\/\/comite-ecologique-ariegeois.org\/?p=3774\" rel=\"bookmark\">Lire la suite &raquo;<span class=\"screen-reader-text\">La truite Fario et le saumon de l&rsquo;Atlantique<\/span><\/a><\/p>\n","protected":false},"author":7,"featured_media":738,"comment_status":"open","ping_status":"open","sticky":false,"template":"","format":"standard","meta":{"neve_meta_sidebar":"","neve_meta_container":"","neve_meta_enable_content_width":"","neve_meta_content_width":0,"neve_meta_title_alignment":"","neve_meta_author_avatar":"","neve_post_elements_order":"","neve_meta_disable_header":"","neve_meta_disable_footer":"","neve_meta_disable_title":"","footnotes":""},"categories":[1],"tags":[],"class_list":["post-3774","post","type-post","status-publish","format-standard","has-post-thumbnail","hentry","category-non-classe"],"yoast_head":"<!-- This site is optimized with the Yoast SEO plugin v26.4 - https:\/\/yoast.com\/wordpress\/plugins\/seo\/ -->\n<title>La truite Fario et le saumon de l&#039;Atlantique - Comit\u00e9 Ecologique Ari\u00e8geois<\/title>\n<meta name=\"robots\" content=\"index, follow, max-snippet:-1, max-image-preview:large, max-video-preview:-1\" \/>\n<link rel=\"canonical\" href=\"https:\/\/comite-ecologique-ariegeois.org\/?p=3774\" \/>\n<meta property=\"og:locale\" content=\"fr_FR\" \/>\n<meta property=\"og:type\" content=\"article\" \/>\n<meta property=\"og:title\" content=\"La truite Fario et le saumon de l&#039;Atlantique - Comit\u00e9 Ecologique Ari\u00e8geois\" \/>\n<meta property=\"og:description\" content=\"La truite fario, poisson totem des Pyr\u00e9n\u00e9es, se fait de plus en plus rare dans les cours d&rsquo;eau ari\u00e9geois (lacs\/torrents d&rsquo;altitude). Menac\u00e9e par diff\u00e9rents facteurs (r\u00e9chauffement climatique, barrages hydrauliques, am\u00e9nagements de berges, maladies aquatiques comme la PKD, pollution des eaux, et l\u00e2chers d&rsquo;alevins de truites d&rsquo;\u00e9levage), sa population subit un certain d\u00e9clin. Pourtant, sa pr\u00e9sence&hellip;&nbsp;Lire la suite &raquo;La truite Fario et le saumon de l&rsquo;Atlantique\" \/>\n<meta property=\"og:url\" content=\"https:\/\/comite-ecologique-ariegeois.org\/?p=3774\" \/>\n<meta property=\"og:site_name\" content=\"Comit\u00e9 Ecologique Ari\u00e8geois\" \/>\n<meta property=\"article:publisher\" content=\"https:\/\/www.facebook.com\/comite.ariegeois\/\" \/>\n<meta property=\"article:published_time\" content=\"2024-11-04T18:44:19+00:00\" \/>\n<meta property=\"article:modified_time\" content=\"2025-01-17T19:16:11+00:00\" \/>\n<meta property=\"og:image\" content=\"https:\/\/comite-ecologique-ariegeois.org\/wp-content\/uploads\/2024\/09\/TRUITE-Fario_-l-Hers-a-Belesta_NX_23-08-2024_015-scaled.jpg\" \/>\n\t<meta property=\"og:image:width\" content=\"2560\" \/>\n\t<meta property=\"og:image:height\" content=\"1736\" \/>\n\t<meta property=\"og:image:type\" content=\"image\/jpeg\" \/>\n<meta name=\"author\" content=\"Natacha Delpoux\" \/>\n<meta name=\"twitter:card\" content=\"summary_large_image\" \/>\n<meta name=\"twitter:label1\" content=\"\u00c9crit par\" \/>\n\t<meta name=\"twitter:data1\" content=\"Natacha Delpoux\" \/>\n\t<meta name=\"twitter:label2\" content=\"Dur\u00e9e de lecture estim\u00e9e\" \/>\n\t<meta name=\"twitter:data2\" content=\"1 minute\" \/>\n<script type=\"application\/ld+json\" class=\"yoast-schema-graph\">{\"@context\":\"https:\/\/schema.org\",\"@graph\":[{\"@type\":\"Article\",\"@id\":\"https:\/\/comite-ecologique-ariegeois.org\/?p=3774#article\",\"isPartOf\":{\"@id\":\"https:\/\/comite-ecologique-ariegeois.org\/?p=3774\"},\"author\":{\"name\":\"Natacha Delpoux\",\"@id\":\"https:\/\/comite-ecologique-ariegeois.org\/#\/schema\/person\/1667fc345af6b3fd33655b1dc971a647\"},\"headline\":\"La truite Fario et le saumon de l&rsquo;Atlantique\",\"datePublished\":\"2024-11-04T18:44:19+00:00\",\"dateModified\":\"2025-01-17T19:16:11+00:00\",\"mainEntityOfPage\":{\"@id\":\"https:\/\/comite-ecologique-ariegeois.org\/?p=3774\"},\"wordCount\":264,\"commentCount\":0,\"publisher\":{\"@id\":\"https:\/\/comite-ecologique-ariegeois.org\/#organization\"},\"image\":{\"@id\":\"https:\/\/comite-ecologique-ariegeois.org\/?p=3774#primaryimage\"},\"thumbnailUrl\":\"https:\/\/comite-ecologique-ariegeois.org\/wp-content\/uploads\/2024\/09\/TRUITE-Fario_-l-Hers-a-Belesta_NX_23-08-2024_015-scaled.jpg\",\"inLanguage\":\"fr-FR\",\"potentialAction\":[{\"@type\":\"CommentAction\",\"name\":\"Comment\",\"target\":[\"https:\/\/comite-ecologique-ariegeois.org\/?p=3774#respond\"]}]},{\"@type\":\"WebPage\",\"@id\":\"https:\/\/comite-ecologique-ariegeois.org\/?p=3774\",\"url\":\"https:\/\/comite-ecologique-ariegeois.org\/?p=3774\",\"name\":\"La truite Fario et le saumon de l'Atlantique - Comit\u00e9 Ecologique Ari\u00e8geois\",\"isPartOf\":{\"@id\":\"https:\/\/comite-ecologique-ariegeois.org\/#website\"},\"primaryImageOfPage\":{\"@id\":\"https:\/\/comite-ecologique-ariegeois.org\/?p=3774#primaryimage\"},\"image\":{\"@id\":\"https:\/\/comite-ecologique-ariegeois.org\/?p=3774#primaryimage\"},\"thumbnailUrl\":\"https:\/\/comite-ecologique-ariegeois.org\/wp-content\/uploads\/2024\/09\/TRUITE-Fario_-l-Hers-a-Belesta_NX_23-08-2024_015-scaled.jpg\",\"datePublished\":\"2024-11-04T18:44:19+00:00\",\"dateModified\":\"2025-01-17T19:16:11+00:00\",\"breadcrumb\":{\"@id\":\"https:\/\/comite-ecologique-ariegeois.org\/?p=3774#breadcrumb\"},\"inLanguage\":\"fr-FR\",\"potentialAction\":[{\"@type\":\"ReadAction\",\"target\":[\"https:\/\/comite-ecologique-ariegeois.org\/?p=3774\"]}]},{\"@type\":\"ImageObject\",\"inLanguage\":\"fr-FR\",\"@id\":\"https:\/\/comite-ecologique-ariegeois.org\/?p=3774#primaryimage\",\"url\":\"https:\/\/comite-ecologique-ariegeois.org\/wp-content\/uploads\/2024\/09\/TRUITE-Fario_-l-Hers-a-Belesta_NX_23-08-2024_015-scaled.jpg\",\"contentUrl\":\"https:\/\/comite-ecologique-ariegeois.org\/wp-content\/uploads\/2024\/09\/TRUITE-Fario_-l-Hers-a-Belesta_NX_23-08-2024_015-scaled.jpg\",\"width\":2560,\"height\":1736},{\"@type\":\"BreadcrumbList\",\"@id\":\"https:\/\/comite-ecologique-ariegeois.org\/?p=3774#breadcrumb\",\"itemListElement\":[{\"@type\":\"ListItem\",\"position\":1,\"name\":\"Accueil\",\"item\":\"https:\/\/comite-ecologique-ariegeois.org\/\"},{\"@type\":\"ListItem\",\"position\":2,\"name\":\"La truite Fario et le saumon de l&rsquo;Atlantique\"}]},{\"@type\":\"WebSite\",\"@id\":\"https:\/\/comite-ecologique-ariegeois.org\/#website\",\"url\":\"https:\/\/comite-ecologique-ariegeois.org\/\",\"name\":\"Comit\u00e9 Ecologique Ari\u00e8geois\",\"description\":\"Assotiation de protection de la nature\",\"publisher\":{\"@id\":\"https:\/\/comite-ecologique-ariegeois.org\/#organization\"},\"potentialAction\":[{\"@type\":\"SearchAction\",\"target\":{\"@type\":\"EntryPoint\",\"urlTemplate\":\"https:\/\/comite-ecologique-ariegeois.org\/?s={search_term_string}\"},\"query-input\":{\"@type\":\"PropertyValueSpecification\",\"valueRequired\":true,\"valueName\":\"search_term_string\"}}],\"inLanguage\":\"fr-FR\"},{\"@type\":\"Organization\",\"@id\":\"https:\/\/comite-ecologique-ariegeois.org\/#organization\",\"name\":\"Comit\u00e9 Ecologique Ari\u00e8geois\",\"url\":\"https:\/\/comite-ecologique-ariegeois.org\/\",\"logo\":{\"@type\":\"ImageObject\",\"inLanguage\":\"fr-FR\",\"@id\":\"https:\/\/comite-ecologique-ariegeois.org\/#\/schema\/logo\/image\/\",\"url\":\"https:\/\/comite-ecologique-ariegeois.org\/wp-content\/uploads\/2025\/01\/logo_nouveau_cea_jpeg_250pix_02_03_24-a8816.jpg\",\"contentUrl\":\"https:\/\/comite-ecologique-ariegeois.org\/wp-content\/uploads\/2025\/01\/logo_nouveau_cea_jpeg_250pix_02_03_24-a8816.jpg\",\"width\":250,\"height\":250,\"caption\":\"Comit\u00e9 Ecologique Ari\u00e8geois\"},\"image\":{\"@id\":\"https:\/\/comite-ecologique-ariegeois.org\/#\/schema\/logo\/image\/\"},\"sameAs\":[\"https:\/\/www.facebook.com\/comite.ariegeois\/\",\"https:\/\/www.instagram.com\/comite.ecologique.ariegeois\/\"]},{\"@type\":\"Person\",\"@id\":\"https:\/\/comite-ecologique-ariegeois.org\/#\/schema\/person\/1667fc345af6b3fd33655b1dc971a647\",\"name\":\"Natacha Delpoux\",\"image\":{\"@type\":\"ImageObject\",\"inLanguage\":\"fr-FR\",\"@id\":\"https:\/\/comite-ecologique-ariegeois.org\/#\/schema\/person\/image\/\",\"url\":\"https:\/\/secure.gravatar.com\/avatar\/d13bc25aaeccd241b4c1c6f581386117c1cc9b78e4c07defe9140ff63754f418?s=96&d=mm&r=g\",\"contentUrl\":\"https:\/\/secure.gravatar.com\/avatar\/d13bc25aaeccd241b4c1c6f581386117c1cc9b78e4c07defe9140ff63754f418?s=96&d=mm&r=g\",\"caption\":\"Natacha Delpoux\"},\"url\":\"https:\/\/comite-ecologique-ariegeois.org\/?author=7\"}]}<\/script>\n<!-- \/ Yoast SEO plugin. -->","yoast_head_json":{"title":"La truite Fario et le saumon de l'Atlantique - Comit\u00e9 Ecologique Ari\u00e8geois","robots":{"index":"index","follow":"follow","max-snippet":"max-snippet:-1","max-image-preview":"max-image-preview:large","max-video-preview":"max-video-preview:-1"},"canonical":"https:\/\/comite-ecologique-ariegeois.org\/?p=3774","og_locale":"fr_FR","og_type":"article","og_title":"La truite Fario et le saumon de l'Atlantique - Comit\u00e9 Ecologique Ari\u00e8geois","og_description":"La truite fario, poisson totem des Pyr\u00e9n\u00e9es, se fait de plus en plus rare dans les cours d&rsquo;eau ari\u00e9geois (lacs\/torrents d&rsquo;altitude). Menac\u00e9e par diff\u00e9rents facteurs (r\u00e9chauffement climatique, barrages hydrauliques, am\u00e9nagements de berges, maladies aquatiques comme la PKD, pollution des eaux, et l\u00e2chers d&rsquo;alevins de truites d&rsquo;\u00e9levage), sa population subit un certain d\u00e9clin. Pourtant, sa pr\u00e9sence&hellip;&nbsp;Lire la suite &raquo;La truite Fario et le saumon de l&rsquo;Atlantique","og_url":"https:\/\/comite-ecologique-ariegeois.org\/?p=3774","og_site_name":"Comit\u00e9 Ecologique Ari\u00e8geois","article_publisher":"https:\/\/www.facebook.com\/comite.ariegeois\/","article_published_time":"2024-11-04T18:44:19+00:00","article_modified_time":"2025-01-17T19:16:11+00:00","og_image":[{"width":2560,"height":1736,"url":"https:\/\/comite-ecologique-ariegeois.org\/wp-content\/uploads\/2024\/09\/TRUITE-Fario_-l-Hers-a-Belesta_NX_23-08-2024_015-scaled.jpg","type":"image\/jpeg"}],"author":"Natacha Delpoux","twitter_card":"summary_large_image","twitter_misc":{"\u00c9crit par":"Natacha Delpoux","Dur\u00e9e de lecture estim\u00e9e":"1 minute"},"schema":{"@context":"https:\/\/schema.org","@graph":[{"@type":"Article","@id":"https:\/\/comite-ecologique-ariegeois.org\/?p=3774#article","isPartOf":{"@id":"https:\/\/comite-ecologique-ariegeois.org\/?p=3774"},"author":{"name":"Natacha Delpoux","@id":"https:\/\/comite-ecologique-ariegeois.org\/#\/schema\/person\/1667fc345af6b3fd33655b1dc971a647"},"headline":"La truite Fario et le saumon de l&rsquo;Atlantique","datePublished":"2024-11-04T18:44:19+00:00","dateModified":"2025-01-17T19:16:11+00:00","mainEntityOfPage":{"@id":"https:\/\/comite-ecologique-ariegeois.org\/?p=3774"},"wordCount":264,"commentCount":0,"publisher":{"@id":"https:\/\/comite-ecologique-ariegeois.org\/#organization"},"image":{"@id":"https:\/\/comite-ecologique-ariegeois.org\/?p=3774#primaryimage"},"thumbnailUrl":"https:\/\/comite-ecologique-ariegeois.org\/wp-content\/uploads\/2024\/09\/TRUITE-Fario_-l-Hers-a-Belesta_NX_23-08-2024_015-scaled.jpg","inLanguage":"fr-FR","potentialAction":[{"@type":"CommentAction","name":"Comment","target":["https:\/\/comite-ecologique-ariegeois.org\/?p=3774#respond"]}]},{"@type":"WebPage","@id":"https:\/\/comite-ecologique-ariegeois.org\/?p=3774","url":"https:\/\/comite-ecologique-ariegeois.org\/?p=3774","name":"La truite Fario et le saumon de l'Atlantique - Comit\u00e9 Ecologique Ari\u00e8geois","isPartOf":{"@id":"https:\/\/comite-ecologique-ariegeois.org\/#website"},"primaryImageOfPage":{"@id":"https:\/\/comite-ecologique-ariegeois.org\/?p=3774#primaryimage"},"image":{"@id":"https:\/\/comite-ecologique-ariegeois.org\/?p=3774#primaryimage"},"thumbnailUrl":"https:\/\/comite-ecologique-ariegeois.org\/wp-content\/uploads\/2024\/09\/TRUITE-Fario_-l-Hers-a-Belesta_NX_23-08-2024_015-scaled.jpg","datePublished":"2024-11-04T18:44:19+00:00","dateModified":"2025-01-17T19:16:11+00:00","breadcrumb":{"@id":"https:\/\/comite-ecologique-ariegeois.org\/?p=3774#breadcrumb"},"inLanguage":"fr-FR","potentialAction":[{"@type":"ReadAction","target":["https:\/\/comite-ecologique-ariegeois.org\/?p=3774"]}]},{"@type":"ImageObject","inLanguage":"fr-FR","@id":"https:\/\/comite-ecologique-ariegeois.org\/?p=3774#primaryimage","url":"https:\/\/comite-ecologique-ariegeois.org\/wp-content\/uploads\/2024\/09\/TRUITE-Fario_-l-Hers-a-Belesta_NX_23-08-2024_015-scaled.jpg","contentUrl":"https:\/\/comite-ecologique-ariegeois.org\/wp-content\/uploads\/2024\/09\/TRUITE-Fario_-l-Hers-a-Belesta_NX_23-08-2024_015-scaled.jpg","width":2560,"height":1736},{"@type":"BreadcrumbList","@id":"https:\/\/comite-ecologique-ariegeois.org\/?p=3774#breadcrumb","itemListElement":[{"@type":"ListItem","position":1,"name":"Accueil","item":"https:\/\/comite-ecologique-ariegeois.org\/"},{"@type":"ListItem","position":2,"name":"La truite Fario et le saumon de l&rsquo;Atlantique"}]},{"@type":"WebSite","@id":"https:\/\/comite-ecologique-ariegeois.org\/#website","url":"https:\/\/comite-ecologique-ariegeois.org\/","name":"Comit\u00e9 Ecologique Ari\u00e8geois","description":"Assotiation de protection de la nature","publisher":{"@id":"https:\/\/comite-ecologique-ariegeois.org\/#organization"},"potentialAction":[{"@type":"SearchAction","target":{"@type":"EntryPoint","urlTemplate":"https:\/\/comite-ecologique-ariegeois.org\/?s={search_term_string}"},"query-input":{"@type":"PropertyValueSpecification","valueRequired":true,"valueName":"search_term_string"}}],"inLanguage":"fr-FR"},{"@type":"Organization","@id":"https:\/\/comite-ecologique-ariegeois.org\/#organization","name":"Comit\u00e9 Ecologique Ari\u00e8geois","url":"https:\/\/comite-ecologique-ariegeois.org\/","logo":{"@type":"ImageObject","inLanguage":"fr-FR","@id":"https:\/\/comite-ecologique-ariegeois.org\/#\/schema\/logo\/image\/","url":"https:\/\/comite-ecologique-ariegeois.org\/wp-content\/uploads\/2025\/01\/logo_nouveau_cea_jpeg_250pix_02_03_24-a8816.jpg","contentUrl":"https:\/\/comite-ecologique-ariegeois.org\/wp-content\/uploads\/2025\/01\/logo_nouveau_cea_jpeg_250pix_02_03_24-a8816.jpg","width":250,"height":250,"caption":"Comit\u00e9 Ecologique Ari\u00e8geois"},"image":{"@id":"https:\/\/comite-ecologique-ariegeois.org\/#\/schema\/logo\/image\/"},"sameAs":["https:\/\/www.facebook.com\/comite.ariegeois\/","https:\/\/www.instagram.com\/comite.ecologique.ariegeois\/"]},{"@type":"Person","@id":"https:\/\/comite-ecologique-ariegeois.org\/#\/schema\/person\/1667fc345af6b3fd33655b1dc971a647","name":"Natacha Delpoux","image":{"@type":"ImageObject","inLanguage":"fr-FR","@id":"https:\/\/comite-ecologique-ariegeois.org\/#\/schema\/person\/image\/","url":"https:\/\/secure.gravatar.com\/avatar\/d13bc25aaeccd241b4c1c6f581386117c1cc9b78e4c07defe9140ff63754f418?s=96&d=mm&r=g","contentUrl":"https:\/\/secure.gravatar.com\/avatar\/d13bc25aaeccd241b4c1c6f581386117c1cc9b78e4c07defe9140ff63754f418?s=96&d=mm&r=g","caption":"Natacha Delpoux"},"url":"https:\/\/comite-ecologique-ariegeois.org\/?author=7"}]}},"_links":{"self":[{"href":"https:\/\/comite-ecologique-ariegeois.org\/index.php?rest_route=\/wp\/v2\/posts\/3774","targetHints":{"allow":["GET"]}}],"collection":[{"href":"https:\/\/comite-ecologique-ariegeois.org\/index.php?rest_route=\/wp\/v2\/posts"}],"about":[{"href":"https:\/\/comite-ecologique-ariegeois.org\/index.php?rest_route=\/wp\/v2\/types\/post"}],"author":[{"embeddable":true,"href":"https:\/\/comite-ecologique-ariegeois.org\/index.php?rest_route=\/wp\/v2\/users\/7"}],"replies":[{"embeddable":true,"href":"https:\/\/comite-ecologique-ariegeois.org\/index.php?rest_route=%2Fwp%2Fv2%2Fcomments&post=3774"}],"version-history":[{"count":5,"href":"https:\/\/comite-ecologique-ariegeois.org\/index.php?rest_route=\/wp\/v2\/posts\/3774\/revisions"}],"predecessor-version":[{"id":7994,"href":"https:\/\/comite-ecologique-ariegeois.org\/index.php?rest_route=\/wp\/v2\/posts\/3774\/revisions\/7994"}],"wp:featuredmedia":[{"embeddable":true,"href":"https:\/\/comite-ecologique-ariegeois.org\/index.php?rest_route=\/wp\/v2\/media\/738"}],"wp:attachment":[{"href":"https:\/\/comite-ecologique-ariegeois.org\/index.php?rest_route=%2Fwp%2Fv2%2Fmedia&parent=3774"}],"wp:term":[{"taxonomy":"category","embeddable":true,"href":"https:\/\/comite-ecologique-ariegeois.org\/index.php?rest_route=%2Fwp%2Fv2%2Fcategories&post=3774"},{"taxonomy":"post_tag","embeddable":true,"href":"https:\/\/comite-ecologique-ariegeois.org\/index.php?rest_route=%2Fwp%2Fv2%2Ftags&post=3774"}],"curies":[{"name":"wp","href":"https:\/\/api.w.org\/{rel}","templated":true}]}}