{"id":3772,"date":"2024-11-04T19:43:22","date_gmt":"2024-11-04T18:43:22","guid":{"rendered":"https:\/\/comite-ecologique-ariegeois.org\/?p=3772"},"modified":"2025-02-10T21:07:10","modified_gmt":"2025-02-10T20:07:10","slug":"le-loup","status":"publish","type":"post","link":"https:\/\/comite-ecologique-ariegeois.org\/?p=3772","title":{"rendered":"Le loup"},"content":{"rendered":"\t\t<div data-elementor-type=\"wp-post\" data-elementor-id=\"3772\" class=\"elementor elementor-3772\">\n\t\t\t\t<div class=\"elementor-element elementor-element-406b59b9 e-flex e-con-boxed e-con e-parent\" data-id=\"406b59b9\" data-element_type=\"container\">\n\t\t\t\t\t<div class=\"e-con-inner\">\n\t\t\t\t<div class=\"elementor-element elementor-element-64270fa elementor-widget elementor-widget-text-editor\" data-id=\"64270fa\" data-element_type=\"widget\" data-widget_type=\"text-editor.default\">\n\t\t\t\t<div class=\"elementor-widget-container\">\n\t\t\t\t\t\t\t\t\t\n<p>Le loup, esp\u00e8ce extermin\u00e9e par l&rsquo;Homme dans les ann\u00e9es 30, a fait son grand retour naturel dans le Mercantour depuis l&rsquo;Italie dans les ann\u00e9es 1990.<\/p>\n\n<p><strong>Cette esp\u00e8ce est class\u00e9e comme \u00ab\u00a0prot\u00e9g\u00e9e\u00a0\u00bb dans la Convention de Berne.<\/strong><\/p>\n\n<p><strong>En Ari\u00e8ge, seuls des loups solitaires ont \u00e9t\u00e9 aper\u00e7us r\u00e9cemment.<\/strong><\/p>\n\n<p>Aujourd&rsquo;hui on comptabilise un millier de loups en France. Cela n&rsquo;est pas suffisant, selon les scientifiques, pour avoir un \u00e9tat de conservation favorable de l&rsquo;esp\u00e8ce.<\/p>\n\n<p>De plus, cette esp\u00e8ce fait l&rsquo;objet de tirs de r\u00e9gulation (tirs de d\u00e9fense simples, tirs de d\u00e9fense renforc\u00e9s, et tirs de pr\u00e9l\u00e8vement) pour lutter contre les attaques sur les troupeaux.\u00a0 Cependant, l&rsquo;efficacit\u00e9 de ces tirs n&rsquo;a pas \u00e9t\u00e9 prouv\u00e9e, bien au contraire, ils seraient plut\u00f4t contre-productifs.<\/p>\n<p>Le loup b\u00e9n\u00e9ficie d&rsquo;un Plan National d&rsquo;Action 2024-2029 qui assure de meilleures indemnisations des \u00e9leveurs en cas de pr\u00e9dation, une meilleure prise en charge des moyens de protection (bergers, cl\u00f4tures \u00e9lectrifi\u00e9es, chiens Patou). Or ce plan loup assouplit les conditions de tirs de r\u00e9gulation par des mesures souhait\u00e9es par les \u00e9leveurs que contestent devant le Conseil d&rsquo;Etat les associations ASPAS, Ferus, FNE, Humanit\u00e9 et biodiversit\u00e9, LPO.<\/p>\n<p><strong>L&rsquo;Etat autorise\u00a0 l&rsquo;abattage de 19 % de la population de loups chaque ann\u00e9e.<\/strong><\/p>\n\n<p><strong>Des actions concr\u00e8tes devront \u00eatre mises en place afin d&rsquo;assurer leur survie et \u00e9viter une nouvelle extermination.<\/strong><\/p>\n\t\t\t\t\t\t\t\t<\/div>\n\t\t\t\t<\/div>\n\t\t\t\t<div class=\"elementor-element elementor-element-b99c351 elementor-widget elementor-widget-button\" data-id=\"b99c351\" data-element_type=\"widget\" data-widget_type=\"button.default\">\n\t\t\t\t<div class=\"elementor-widget-container\">\n\t\t\t\t\t\t\t\t\t<div class=\"elementor-button-wrapper\">\n\t\t\t\t\t<a class=\"elementor-button elementor-button-link elementor-size-sm elementor-animation-grow\" href=\"https:\/\/comite-ecologique-ariegeois.org\/archiveSPIP2024\/mot\/loup.html\">\n\t\t\t\t\t\t<span class=\"elementor-button-content-wrapper\">\n\t\t\t\t\t\t\t\t\t<span class=\"elementor-button-text\">Articles sur le loup 2013-2020<\/span>\n\t\t\t\t\t<\/span>\n\t\t\t\t\t<\/a>\n\t\t\t\t<\/div>\n\t\t\t\t\t\t\t\t<\/div>\n\t\t\t\t<\/div>\n\t\t\t\t\t<\/div>\n\t\t\t\t<\/div>\n\t\t<div class=\"elementor-element elementor-element-89c43bf e-flex e-con-boxed e-con e-parent\" data-id=\"89c43bf\" data-element_type=\"container\">\n\t\t\t\t\t<div class=\"e-con-inner\">\n\t\t\t\t<div class=\"elementor-element elementor-element-98498f0 elementor-widget elementor-widget-button\" data-id=\"98498f0\" data-element_type=\"widget\" data-widget_type=\"button.default\">\n\t\t\t\t<div class=\"elementor-widget-container\">\n\t\t\t\t\t\t\t\t\t<div class=\"elementor-button-wrapper\">\n\t\t\t\t\t<a class=\"elementor-button elementor-button-link elementor-size-sm elementor-animation-grow\" href=\"https:\/\/fne.asso.fr\/communique-presse\/declassement-du-loup-un-choix-demagogique-qui-n-apporte-aucune-solution#:~:text=n%E2%80%99apporte%20aucune%20solution-,COMMUNIQU%C3%89%20DE%20PRESSE,-BIODIVERSIT%C3%89\">\n\t\t\t\t\t\t<span class=\"elementor-button-content-wrapper\">\n\t\t\t\t\t\t\t\t\t<span class=\"elementor-button-text\">Communiqu\u00e9 Groupe National Loup,     3 12 2024 : \u00ab D\u00e9classement du loup : un choix d\u00e9magogique qui n\u2019apporte aucune solution \u00bb <\/span>\n\t\t\t\t\t<\/span>\n\t\t\t\t\t<\/a>\n\t\t\t\t<\/div>\n\t\t\t\t\t\t\t\t<\/div>\n\t\t\t\t<\/div>\n\t\t\t\t\t<\/div>\n\t\t\t\t<\/div>\n\t\t\t\t<\/div>\n\t\t","protected":false},"excerpt":{"rendered":"<p>Le loup, esp\u00e8ce extermin\u00e9e par l&rsquo;Homme dans les ann\u00e9es 30, a fait son grand retour naturel dans le Mercantour depuis l&rsquo;Italie dans les ann\u00e9es 1990. Cette esp\u00e8ce est class\u00e9e comme \u00ab\u00a0prot\u00e9g\u00e9e\u00a0\u00bb dans la Convention de Berne. En Ari\u00e8ge, seuls des loups solitaires ont \u00e9t\u00e9 aper\u00e7us r\u00e9cemment. Aujourd&rsquo;hui on comptabilise un millier de loups en France.&hellip;&nbsp;<a href=\"https:\/\/comite-ecologique-ariegeois.org\/?p=3772\" rel=\"bookmark\">Lire la suite &raquo;<span class=\"screen-reader-text\">Le loup<\/span><\/a><\/p>\n","protected":false},"author":7,"featured_media":8456,"comment_status":"open","ping_status":"open","sticky":false,"template":"","format":"standard","meta":{"neve_meta_sidebar":"","neve_meta_container":"","neve_meta_enable_content_width":"","neve_meta_content_width":0,"neve_meta_title_alignment":"","neve_meta_author_avatar":"","neve_post_elements_order":"","neve_meta_disable_header":"","neve_meta_disable_footer":"","neve_meta_disable_title":"","footnotes":""},"categories":[1],"tags":[],"class_list":["post-3772","post","type-post","status-publish","format-standard","has-post-thumbnail","hentry","category-non-classe"],"yoast_head":"<!-- This site is optimized with the Yoast SEO plugin v26.4 - https:\/\/yoast.com\/wordpress\/plugins\/seo\/ -->\n<title>Le loup - Comit\u00e9 Ecologique Ari\u00e8geois<\/title>\n<meta name=\"robots\" content=\"index, follow, max-snippet:-1, max-image-preview:large, max-video-preview:-1\" \/>\n<link rel=\"canonical\" href=\"https:\/\/comite-ecologique-ariegeois.org\/?p=3772\" \/>\n<meta property=\"og:locale\" content=\"fr_FR\" \/>\n<meta property=\"og:type\" content=\"article\" \/>\n<meta property=\"og:title\" content=\"Le loup - Comit\u00e9 Ecologique Ari\u00e8geois\" \/>\n<meta property=\"og:description\" content=\"Le loup, esp\u00e8ce extermin\u00e9e par l&rsquo;Homme dans les ann\u00e9es 30, a fait son grand retour naturel dans le Mercantour depuis l&rsquo;Italie dans les ann\u00e9es 1990. Cette esp\u00e8ce est class\u00e9e comme \u00ab\u00a0prot\u00e9g\u00e9e\u00a0\u00bb dans la Convention de Berne. En Ari\u00e8ge, seuls des loups solitaires ont \u00e9t\u00e9 aper\u00e7us r\u00e9cemment. Aujourd&rsquo;hui on comptabilise un millier de loups en France.&hellip;&nbsp;Lire la suite &raquo;Le loup\" \/>\n<meta property=\"og:url\" content=\"https:\/\/comite-ecologique-ariegeois.org\/?p=3772\" \/>\n<meta property=\"og:site_name\" content=\"Comit\u00e9 Ecologique Ari\u00e8geois\" \/>\n<meta property=\"article:publisher\" content=\"https:\/\/www.facebook.com\/comite.ariegeois\/\" \/>\n<meta property=\"article:published_time\" content=\"2024-11-04T18:43:22+00:00\" \/>\n<meta property=\"article:modified_time\" content=\"2025-02-10T20:07:10+00:00\" \/>\n<meta property=\"og:image\" content=\"https:\/\/comite-ecologique-ariegeois.org\/wp-content\/uploads\/2025\/02\/Photo-Dessin-CEA_LOUP_NX_02-02-2025-1-1.jpg\" \/>\n\t<meta property=\"og:image:width\" content=\"1000\" \/>\n\t<meta property=\"og:image:height\" content=\"732\" \/>\n\t<meta property=\"og:image:type\" content=\"image\/jpeg\" \/>\n<meta name=\"author\" content=\"Natacha Delpoux\" \/>\n<meta name=\"twitter:card\" content=\"summary_large_image\" \/>\n<meta name=\"twitter:label1\" content=\"\u00c9crit par\" \/>\n\t<meta name=\"twitter:data1\" content=\"Natacha Delpoux\" \/>\n\t<meta name=\"twitter:label2\" content=\"Dur\u00e9e de lecture estim\u00e9e\" \/>\n\t<meta name=\"twitter:data2\" content=\"1 minute\" \/>\n<script type=\"application\/ld+json\" class=\"yoast-schema-graph\">{\"@context\":\"https:\/\/schema.org\",\"@graph\":[{\"@type\":\"Article\",\"@id\":\"https:\/\/comite-ecologique-ariegeois.org\/?p=3772#article\",\"isPartOf\":{\"@id\":\"https:\/\/comite-ecologique-ariegeois.org\/?p=3772\"},\"author\":{\"name\":\"Natacha Delpoux\",\"@id\":\"https:\/\/comite-ecologique-ariegeois.org\/#\/schema\/person\/1667fc345af6b3fd33655b1dc971a647\"},\"headline\":\"Le loup\",\"datePublished\":\"2024-11-04T18:43:22+00:00\",\"dateModified\":\"2025-02-10T20:07:10+00:00\",\"mainEntityOfPage\":{\"@id\":\"https:\/\/comite-ecologique-ariegeois.org\/?p=3772\"},\"wordCount\":277,\"commentCount\":0,\"publisher\":{\"@id\":\"https:\/\/comite-ecologique-ariegeois.org\/#organization\"},\"image\":{\"@id\":\"https:\/\/comite-ecologique-ariegeois.org\/?p=3772#primaryimage\"},\"thumbnailUrl\":\"https:\/\/comite-ecologique-ariegeois.org\/wp-content\/uploads\/2025\/02\/Photo-Dessin-CEA_LOUP_NX_02-02-2025-1-1.jpg\",\"inLanguage\":\"fr-FR\",\"potentialAction\":[{\"@type\":\"CommentAction\",\"name\":\"Comment\",\"target\":[\"https:\/\/comite-ecologique-ariegeois.org\/?p=3772#respond\"]}]},{\"@type\":\"WebPage\",\"@id\":\"https:\/\/comite-ecologique-ariegeois.org\/?p=3772\",\"url\":\"https:\/\/comite-ecologique-ariegeois.org\/?p=3772\",\"name\":\"Le loup - Comit\u00e9 Ecologique Ari\u00e8geois\",\"isPartOf\":{\"@id\":\"https:\/\/comite-ecologique-ariegeois.org\/#website\"},\"primaryImageOfPage\":{\"@id\":\"https:\/\/comite-ecologique-ariegeois.org\/?p=3772#primaryimage\"},\"image\":{\"@id\":\"https:\/\/comite-ecologique-ariegeois.org\/?p=3772#primaryimage\"},\"thumbnailUrl\":\"https:\/\/comite-ecologique-ariegeois.org\/wp-content\/uploads\/2025\/02\/Photo-Dessin-CEA_LOUP_NX_02-02-2025-1-1.jpg\",\"datePublished\":\"2024-11-04T18:43:22+00:00\",\"dateModified\":\"2025-02-10T20:07:10+00:00\",\"breadcrumb\":{\"@id\":\"https:\/\/comite-ecologique-ariegeois.org\/?p=3772#breadcrumb\"},\"inLanguage\":\"fr-FR\",\"potentialAction\":[{\"@type\":\"ReadAction\",\"target\":[\"https:\/\/comite-ecologique-ariegeois.org\/?p=3772\"]}]},{\"@type\":\"ImageObject\",\"inLanguage\":\"fr-FR\",\"@id\":\"https:\/\/comite-ecologique-ariegeois.org\/?p=3772#primaryimage\",\"url\":\"https:\/\/comite-ecologique-ariegeois.org\/wp-content\/uploads\/2025\/02\/Photo-Dessin-CEA_LOUP_NX_02-02-2025-1-1.jpg\",\"contentUrl\":\"https:\/\/comite-ecologique-ariegeois.org\/wp-content\/uploads\/2025\/02\/Photo-Dessin-CEA_LOUP_NX_02-02-2025-1-1.jpg\",\"width\":1000,\"height\":732},{\"@type\":\"BreadcrumbList\",\"@id\":\"https:\/\/comite-ecologique-ariegeois.org\/?p=3772#breadcrumb\",\"itemListElement\":[{\"@type\":\"ListItem\",\"position\":1,\"name\":\"Accueil\",\"item\":\"https:\/\/comite-ecologique-ariegeois.org\/\"},{\"@type\":\"ListItem\",\"position\":2,\"name\":\"Le loup\"}]},{\"@type\":\"WebSite\",\"@id\":\"https:\/\/comite-ecologique-ariegeois.org\/#website\",\"url\":\"https:\/\/comite-ecologique-ariegeois.org\/\",\"name\":\"Comit\u00e9 Ecologique Ari\u00e8geois\",\"description\":\"Assotiation de protection de la nature\",\"publisher\":{\"@id\":\"https:\/\/comite-ecologique-ariegeois.org\/#organization\"},\"potentialAction\":[{\"@type\":\"SearchAction\",\"target\":{\"@type\":\"EntryPoint\",\"urlTemplate\":\"https:\/\/comite-ecologique-ariegeois.org\/?s={search_term_string}\"},\"query-input\":{\"@type\":\"PropertyValueSpecification\",\"valueRequired\":true,\"valueName\":\"search_term_string\"}}],\"inLanguage\":\"fr-FR\"},{\"@type\":\"Organization\",\"@id\":\"https:\/\/comite-ecologique-ariegeois.org\/#organization\",\"name\":\"Comit\u00e9 Ecologique Ari\u00e8geois\",\"url\":\"https:\/\/comite-ecologique-ariegeois.org\/\",\"logo\":{\"@type\":\"ImageObject\",\"inLanguage\":\"fr-FR\",\"@id\":\"https:\/\/comite-ecologique-ariegeois.org\/#\/schema\/logo\/image\/\",\"url\":\"https:\/\/comite-ecologique-ariegeois.org\/wp-content\/uploads\/2025\/01\/logo_nouveau_cea_jpeg_250pix_02_03_24-a8816.jpg\",\"contentUrl\":\"https:\/\/comite-ecologique-ariegeois.org\/wp-content\/uploads\/2025\/01\/logo_nouveau_cea_jpeg_250pix_02_03_24-a8816.jpg\",\"width\":250,\"height\":250,\"caption\":\"Comit\u00e9 Ecologique Ari\u00e8geois\"},\"image\":{\"@id\":\"https:\/\/comite-ecologique-ariegeois.org\/#\/schema\/logo\/image\/\"},\"sameAs\":[\"https:\/\/www.facebook.com\/comite.ariegeois\/\",\"https:\/\/www.instagram.com\/comite.ecologique.ariegeois\/\"]},{\"@type\":\"Person\",\"@id\":\"https:\/\/comite-ecologique-ariegeois.org\/#\/schema\/person\/1667fc345af6b3fd33655b1dc971a647\",\"name\":\"Natacha Delpoux\",\"image\":{\"@type\":\"ImageObject\",\"inLanguage\":\"fr-FR\",\"@id\":\"https:\/\/comite-ecologique-ariegeois.org\/#\/schema\/person\/image\/\",\"url\":\"https:\/\/secure.gravatar.com\/avatar\/d13bc25aaeccd241b4c1c6f581386117c1cc9b78e4c07defe9140ff63754f418?s=96&d=mm&r=g\",\"contentUrl\":\"https:\/\/secure.gravatar.com\/avatar\/d13bc25aaeccd241b4c1c6f581386117c1cc9b78e4c07defe9140ff63754f418?s=96&d=mm&r=g\",\"caption\":\"Natacha Delpoux\"},\"url\":\"https:\/\/comite-ecologique-ariegeois.org\/?author=7\"}]}<\/script>\n<!-- \/ Yoast SEO plugin. -->","yoast_head_json":{"title":"Le loup - Comit\u00e9 Ecologique Ari\u00e8geois","robots":{"index":"index","follow":"follow","max-snippet":"max-snippet:-1","max-image-preview":"max-image-preview:large","max-video-preview":"max-video-preview:-1"},"canonical":"https:\/\/comite-ecologique-ariegeois.org\/?p=3772","og_locale":"fr_FR","og_type":"article","og_title":"Le loup - Comit\u00e9 Ecologique Ari\u00e8geois","og_description":"Le loup, esp\u00e8ce extermin\u00e9e par l&rsquo;Homme dans les ann\u00e9es 30, a fait son grand retour naturel dans le Mercantour depuis l&rsquo;Italie dans les ann\u00e9es 1990. Cette esp\u00e8ce est class\u00e9e comme \u00ab\u00a0prot\u00e9g\u00e9e\u00a0\u00bb dans la Convention de Berne. En Ari\u00e8ge, seuls des loups solitaires ont \u00e9t\u00e9 aper\u00e7us r\u00e9cemment. Aujourd&rsquo;hui on comptabilise un millier de loups en France.&hellip;&nbsp;Lire la suite &raquo;Le loup","og_url":"https:\/\/comite-ecologique-ariegeois.org\/?p=3772","og_site_name":"Comit\u00e9 Ecologique Ari\u00e8geois","article_publisher":"https:\/\/www.facebook.com\/comite.ariegeois\/","article_published_time":"2024-11-04T18:43:22+00:00","article_modified_time":"2025-02-10T20:07:10+00:00","og_image":[{"width":1000,"height":732,"url":"https:\/\/comite-ecologique-ariegeois.org\/wp-content\/uploads\/2025\/02\/Photo-Dessin-CEA_LOUP_NX_02-02-2025-1-1.jpg","type":"image\/jpeg"}],"author":"Natacha Delpoux","twitter_card":"summary_large_image","twitter_misc":{"\u00c9crit par":"Natacha Delpoux","Dur\u00e9e de lecture estim\u00e9e":"1 minute"},"schema":{"@context":"https:\/\/schema.org","@graph":[{"@type":"Article","@id":"https:\/\/comite-ecologique-ariegeois.org\/?p=3772#article","isPartOf":{"@id":"https:\/\/comite-ecologique-ariegeois.org\/?p=3772"},"author":{"name":"Natacha Delpoux","@id":"https:\/\/comite-ecologique-ariegeois.org\/#\/schema\/person\/1667fc345af6b3fd33655b1dc971a647"},"headline":"Le loup","datePublished":"2024-11-04T18:43:22+00:00","dateModified":"2025-02-10T20:07:10+00:00","mainEntityOfPage":{"@id":"https:\/\/comite-ecologique-ariegeois.org\/?p=3772"},"wordCount":277,"commentCount":0,"publisher":{"@id":"https:\/\/comite-ecologique-ariegeois.org\/#organization"},"image":{"@id":"https:\/\/comite-ecologique-ariegeois.org\/?p=3772#primaryimage"},"thumbnailUrl":"https:\/\/comite-ecologique-ariegeois.org\/wp-content\/uploads\/2025\/02\/Photo-Dessin-CEA_LOUP_NX_02-02-2025-1-1.jpg","inLanguage":"fr-FR","potentialAction":[{"@type":"CommentAction","name":"Comment","target":["https:\/\/comite-ecologique-ariegeois.org\/?p=3772#respond"]}]},{"@type":"WebPage","@id":"https:\/\/comite-ecologique-ariegeois.org\/?p=3772","url":"https:\/\/comite-ecologique-ariegeois.org\/?p=3772","name":"Le loup - Comit\u00e9 Ecologique Ari\u00e8geois","isPartOf":{"@id":"https:\/\/comite-ecologique-ariegeois.org\/#website"},"primaryImageOfPage":{"@id":"https:\/\/comite-ecologique-ariegeois.org\/?p=3772#primaryimage"},"image":{"@id":"https:\/\/comite-ecologique-ariegeois.org\/?p=3772#primaryimage"},"thumbnailUrl":"https:\/\/comite-ecologique-ariegeois.org\/wp-content\/uploads\/2025\/02\/Photo-Dessin-CEA_LOUP_NX_02-02-2025-1-1.jpg","datePublished":"2024-11-04T18:43:22+00:00","dateModified":"2025-02-10T20:07:10+00:00","breadcrumb":{"@id":"https:\/\/comite-ecologique-ariegeois.org\/?p=3772#breadcrumb"},"inLanguage":"fr-FR","potentialAction":[{"@type":"ReadAction","target":["https:\/\/comite-ecologique-ariegeois.org\/?p=3772"]}]},{"@type":"ImageObject","inLanguage":"fr-FR","@id":"https:\/\/comite-ecologique-ariegeois.org\/?p=3772#primaryimage","url":"https:\/\/comite-ecologique-ariegeois.org\/wp-content\/uploads\/2025\/02\/Photo-Dessin-CEA_LOUP_NX_02-02-2025-1-1.jpg","contentUrl":"https:\/\/comite-ecologique-ariegeois.org\/wp-content\/uploads\/2025\/02\/Photo-Dessin-CEA_LOUP_NX_02-02-2025-1-1.jpg","width":1000,"height":732},{"@type":"BreadcrumbList","@id":"https:\/\/comite-ecologique-ariegeois.org\/?p=3772#breadcrumb","itemListElement":[{"@type":"ListItem","position":1,"name":"Accueil","item":"https:\/\/comite-ecologique-ariegeois.org\/"},{"@type":"ListItem","position":2,"name":"Le loup"}]},{"@type":"WebSite","@id":"https:\/\/comite-ecologique-ariegeois.org\/#website","url":"https:\/\/comite-ecologique-ariegeois.org\/","name":"Comit\u00e9 Ecologique Ari\u00e8geois","description":"Assotiation de protection de la nature","publisher":{"@id":"https:\/\/comite-ecologique-ariegeois.org\/#organization"},"potentialAction":[{"@type":"SearchAction","target":{"@type":"EntryPoint","urlTemplate":"https:\/\/comite-ecologique-ariegeois.org\/?s={search_term_string}"},"query-input":{"@type":"PropertyValueSpecification","valueRequired":true,"valueName":"search_term_string"}}],"inLanguage":"fr-FR"},{"@type":"Organization","@id":"https:\/\/comite-ecologique-ariegeois.org\/#organization","name":"Comit\u00e9 Ecologique Ari\u00e8geois","url":"https:\/\/comite-ecologique-ariegeois.org\/","logo":{"@type":"ImageObject","inLanguage":"fr-FR","@id":"https:\/\/comite-ecologique-ariegeois.org\/#\/schema\/logo\/image\/","url":"https:\/\/comite-ecologique-ariegeois.org\/wp-content\/uploads\/2025\/01\/logo_nouveau_cea_jpeg_250pix_02_03_24-a8816.jpg","contentUrl":"https:\/\/comite-ecologique-ariegeois.org\/wp-content\/uploads\/2025\/01\/logo_nouveau_cea_jpeg_250pix_02_03_24-a8816.jpg","width":250,"height":250,"caption":"Comit\u00e9 Ecologique Ari\u00e8geois"},"image":{"@id":"https:\/\/comite-ecologique-ariegeois.org\/#\/schema\/logo\/image\/"},"sameAs":["https:\/\/www.facebook.com\/comite.ariegeois\/","https:\/\/www.instagram.com\/comite.ecologique.ariegeois\/"]},{"@type":"Person","@id":"https:\/\/comite-ecologique-ariegeois.org\/#\/schema\/person\/1667fc345af6b3fd33655b1dc971a647","name":"Natacha Delpoux","image":{"@type":"ImageObject","inLanguage":"fr-FR","@id":"https:\/\/comite-ecologique-ariegeois.org\/#\/schema\/person\/image\/","url":"https:\/\/secure.gravatar.com\/avatar\/d13bc25aaeccd241b4c1c6f581386117c1cc9b78e4c07defe9140ff63754f418?s=96&d=mm&r=g","contentUrl":"https:\/\/secure.gravatar.com\/avatar\/d13bc25aaeccd241b4c1c6f581386117c1cc9b78e4c07defe9140ff63754f418?s=96&d=mm&r=g","caption":"Natacha Delpoux"},"url":"https:\/\/comite-ecologique-ariegeois.org\/?author=7"}]}},"_links":{"self":[{"href":"https:\/\/comite-ecologique-ariegeois.org\/index.php?rest_route=\/wp\/v2\/posts\/3772","targetHints":{"allow":["GET"]}}],"collection":[{"href":"https:\/\/comite-ecologique-ariegeois.org\/index.php?rest_route=\/wp\/v2\/posts"}],"about":[{"href":"https:\/\/comite-ecologique-ariegeois.org\/index.php?rest_route=\/wp\/v2\/types\/post"}],"author":[{"embeddable":true,"href":"https:\/\/comite-ecologique-ariegeois.org\/index.php?rest_route=\/wp\/v2\/users\/7"}],"replies":[{"embeddable":true,"href":"https:\/\/comite-ecologique-ariegeois.org\/index.php?rest_route=%2Fwp%2Fv2%2Fcomments&post=3772"}],"version-history":[{"count":22,"href":"https:\/\/comite-ecologique-ariegeois.org\/index.php?rest_route=\/wp\/v2\/posts\/3772\/revisions"}],"predecessor-version":[{"id":6131,"href":"https:\/\/comite-ecologique-ariegeois.org\/index.php?rest_route=\/wp\/v2\/posts\/3772\/revisions\/6131"}],"wp:featuredmedia":[{"embeddable":true,"href":"https:\/\/comite-ecologique-ariegeois.org\/index.php?rest_route=\/wp\/v2\/media\/8456"}],"wp:attachment":[{"href":"https:\/\/comite-ecologique-ariegeois.org\/index.php?rest_route=%2Fwp%2Fv2%2Fmedia&parent=3772"}],"wp:term":[{"taxonomy":"category","embeddable":true,"href":"https:\/\/comite-ecologique-ariegeois.org\/index.php?rest_route=%2Fwp%2Fv2%2Fcategories&post=3772"},{"taxonomy":"post_tag","embeddable":true,"href":"https:\/\/comite-ecologique-ariegeois.org\/index.php?rest_route=%2Fwp%2Fv2%2Ftags&post=3772"}],"curies":[{"name":"wp","href":"https:\/\/api.w.org\/{rel}","templated":true}]}}