{"id":3770,"date":"2024-11-04T19:42:44","date_gmt":"2024-11-04T18:42:44","guid":{"rendered":"https:\/\/comite-ecologique-ariegeois.org\/?p=3770"},"modified":"2026-01-18T15:36:47","modified_gmt":"2026-01-18T14:36:47","slug":"lisard","status":"publish","type":"post","link":"https:\/\/comite-ecologique-ariegeois.org\/?p=3770","title":{"rendered":"L&rsquo;isard"},"content":{"rendered":"\t\t<div data-elementor-type=\"wp-post\" data-elementor-id=\"3770\" class=\"elementor elementor-3770\">\n\t\t\t\t<div class=\"elementor-element elementor-element-30d6873c e-flex e-con-boxed e-con e-parent\" data-id=\"30d6873c\" data-element_type=\"container\">\n\t\t\t\t\t<div class=\"e-con-inner\">\n\t\t\t\t<div class=\"elementor-element elementor-element-d648a33 elementor-widget elementor-widget-image\" data-id=\"d648a33\" data-element_type=\"widget\" data-widget_type=\"image.default\">\n\t\t\t\t<div class=\"elementor-widget-container\">\n\t\t\t\t\t\t\t\t\t\t\t\t\t\t\t<img fetchpriority=\"high\" decoding=\"async\" width=\"667\" height=\"1000\" src=\"https:\/\/comite-ecologique-ariegeois.org\/wp-content\/uploads\/2024\/11\/Fonta4.jpg\" class=\"attachment-large size-large wp-image-9309\" alt=\"\" srcset=\"https:\/\/comite-ecologique-ariegeois.org\/wp-content\/uploads\/2024\/11\/Fonta4.jpg 667w, https:\/\/comite-ecologique-ariegeois.org\/wp-content\/uploads\/2024\/11\/Fonta4-200x300.jpg 200w\" sizes=\"(max-width: 667px) 100vw, 667px\" \/>\t\t\t\t\t\t\t\t\t\t\t\t\t\t\t<\/div>\n\t\t\t\t<\/div>\n\t\t\t\t\t<\/div>\n\t\t\t\t<\/div>\n\t\t<div class=\"elementor-element elementor-element-e97f9e1 e-flex e-con-boxed e-con e-parent\" data-id=\"e97f9e1\" data-element_type=\"container\">\n\t\t\t\t\t<div class=\"e-con-inner\">\n\t\t\t\t<div class=\"elementor-element elementor-element-f96b86f elementor-widget elementor-widget-text-editor\" data-id=\"f96b86f\" data-element_type=\"widget\" data-widget_type=\"text-editor.default\">\n\t\t\t\t<div class=\"elementor-widget-container\">\n\t\t\t\t\t\t\t\t\t<p>L\u2019isard est une esp\u00e8ce embl\u00e9matique du patrimoine naturel pyr\u00e9n\u00e9en pouvant vivre de 800m d\u2019altitude jusqu\u2019\u00e0 3000m.<\/p><p>Menac\u00e9e d\u2019extinction dans les ann\u00e9es 1950, l\u00e0 aussi en raison d\u2019une chasse et d\u2019un braconnage intensif, cette esp\u00e8ce est d\u00e9sormais soumise \u00e0 un plan de chasse d\u00e9terminant les quotas pouvant \u00eatre pr\u00e9lev\u00e9s par les chasseurs.<\/p><p>Jusqu\u2019au milieu des ann\u00e9es 1990, l\u2019isard reprenait assez rapidement ses territoires historiques dans notre d\u00e9partement et sa population se d\u00e9veloppait correctement.<\/p><p>En 1994 l\u2019on comptait 7728 isards en Ari\u00e8ge. Depuis cette date, en raison de plusieurs \u00e9pid\u00e9mies (pestivirose, k\u00e9ratoconjonctivite, ehrlichiose etc\u2026, <strong>combin\u00e9es \u00e0 de la sur-chasse,<\/strong> mais aussi \u00e0 un braconnage cons\u00e9quent qui n\u2019a jamais cess\u00e9, les effectifs ont litt\u00e9ralement fondus. Aujourd\u2019hui, la population du d\u00e9partement ne d\u00e9passe gu\u00e8re 6000 individus, elle a donc baiss\u00e9 de 25 %.<\/p><p>Les densit\u00e9s d\u2019isards en montagne restent d\u00e9sormais toujours tr\u00e8s faibles \u00e0 part de rares secteurs. <br \/>De nouveaux territoires sont occup\u00e9s par l\u2019esp\u00e8ce de plus en plus bas en altitude. Massifs de pi\u00e9mont, <strong>secteurs bois\u00e9s de basse altitude<\/strong>, sont de plus en plus utilis\u00e9s par l\u2019isard\u00a0 non pas en raison d\u2019une augmentation de la population, comme certains aimeraient le faire croire, mais il y trouve une meilleure protection par rapport aux actes de chasse en automne mais aussi \u00e0 certains actes de braconnage en toutes saisons. Il n\u2019est pas exclu non plus que la forte fr\u00e9quentation humaine en \u00e9t\u00e9 ou des chaleurs d\u00e9sormais excessives d\u00e9rangent ces caprins et les poussent \u00e0 chercher des milieux plus tranquilles et mieux ombrag\u00e9s.<\/p><p>Dans les faits, le maximum des attributions de plan de chasse pour l\u2019isard est beaucoup trop \u00e9lev\u00e9 en Ari\u00e8ge depuis l\u2019an 2000 au moins et de mani\u00e8re r\u00e9currente. Ce maximum est contest\u00e9 par notre association depuis plus de vingt ans en Commission D\u00e9partementale de la Chasse et de la Faune Sauvage (CDCFS) sans que la situation n\u2019\u00e9volue de mani\u00e8re positive dans les faits.<\/p><p>C\u2019est pourquoi le CEA a attaqu\u00e9 au Tribunal Administratif en 2022 l\u2019arr\u00eat\u00e9 pr\u00e9fectoral fixant les fourchettes des plans de chasse aux grands gibiers pour la campagne 2022\/2023 en tant qu\u2019il autorise le pr\u00e9l\u00e8vement de 827 isards dans le d\u00e9partement de l\u2019Ari\u00e8ge. Jugement attendu pour 2025<\/p>\t\t\t\t\t\t\t\t<\/div>\n\t\t\t\t<\/div>\n\t\t\t\t\t<\/div>\n\t\t\t\t<\/div>\n\t\t\t\t<\/div>\n\t\t","protected":false},"excerpt":{"rendered":"<p>L\u2019isard est une esp\u00e8ce embl\u00e9matique du patrimoine naturel pyr\u00e9n\u00e9en pouvant vivre de 800m d\u2019altitude jusqu\u2019\u00e0 3000m. Menac\u00e9e d\u2019extinction dans les ann\u00e9es 1950, l\u00e0 aussi en raison d\u2019une chasse et d\u2019un braconnage intensif, cette esp\u00e8ce est d\u00e9sormais soumise \u00e0 un plan de chasse d\u00e9terminant les quotas pouvant \u00eatre pr\u00e9lev\u00e9s par les chasseurs. Jusqu\u2019au milieu des ann\u00e9es&hellip;&nbsp;<a href=\"https:\/\/comite-ecologique-ariegeois.org\/?p=3770\" rel=\"bookmark\">Lire la suite &raquo;<span class=\"screen-reader-text\">L&rsquo;isard<\/span><\/a><\/p>\n","protected":false},"author":12,"featured_media":9309,"comment_status":"open","ping_status":"open","sticky":false,"template":"","format":"standard","meta":{"neve_meta_sidebar":"","neve_meta_container":"","neve_meta_enable_content_width":"","neve_meta_content_width":0,"neve_meta_title_alignment":"","neve_meta_author_avatar":"","neve_post_elements_order":"","neve_meta_disable_header":"","neve_meta_disable_footer":"","neve_meta_disable_title":"","footnotes":""},"categories":[1],"tags":[],"class_list":["post-3770","post","type-post","status-publish","format-standard","has-post-thumbnail","hentry","category-non-classe"],"yoast_head":"<!-- This site is optimized with the Yoast SEO plugin v26.4 - https:\/\/yoast.com\/wordpress\/plugins\/seo\/ -->\n<title>L&#039;isard - Comit\u00e9 Ecologique Ari\u00e8geois<\/title>\n<meta name=\"robots\" content=\"index, follow, max-snippet:-1, max-image-preview:large, max-video-preview:-1\" \/>\n<link rel=\"canonical\" href=\"https:\/\/comite-ecologique-ariegeois.org\/?p=3770\" \/>\n<meta property=\"og:locale\" content=\"fr_FR\" \/>\n<meta property=\"og:type\" content=\"article\" \/>\n<meta property=\"og:title\" content=\"L&#039;isard - Comit\u00e9 Ecologique Ari\u00e8geois\" \/>\n<meta property=\"og:description\" content=\"L\u2019isard est une esp\u00e8ce embl\u00e9matique du patrimoine naturel pyr\u00e9n\u00e9en pouvant vivre de 800m d\u2019altitude jusqu\u2019\u00e0 3000m. Menac\u00e9e d\u2019extinction dans les ann\u00e9es 1950, l\u00e0 aussi en raison d\u2019une chasse et d\u2019un braconnage intensif, cette esp\u00e8ce est d\u00e9sormais soumise \u00e0 un plan de chasse d\u00e9terminant les quotas pouvant \u00eatre pr\u00e9lev\u00e9s par les chasseurs. Jusqu\u2019au milieu des ann\u00e9es&hellip;&nbsp;Lire la suite &raquo;L&rsquo;isard\" \/>\n<meta property=\"og:url\" content=\"https:\/\/comite-ecologique-ariegeois.org\/?p=3770\" \/>\n<meta property=\"og:site_name\" content=\"Comit\u00e9 Ecologique Ari\u00e8geois\" \/>\n<meta property=\"article:publisher\" content=\"https:\/\/www.facebook.com\/comite.ariegeois\/\" \/>\n<meta property=\"article:published_time\" content=\"2024-11-04T18:42:44+00:00\" \/>\n<meta property=\"article:modified_time\" content=\"2026-01-18T14:36:47+00:00\" \/>\n<meta property=\"og:image\" content=\"https:\/\/comite-ecologique-ariegeois.org\/wp-content\/uploads\/2024\/11\/Fonta4.jpg\" \/>\n\t<meta property=\"og:image:width\" content=\"667\" \/>\n\t<meta property=\"og:image:height\" content=\"1000\" \/>\n\t<meta property=\"og:image:type\" content=\"image\/jpeg\" \/>\n<meta name=\"author\" content=\"Thierry de Noblens\" \/>\n<meta name=\"twitter:card\" content=\"summary_large_image\" \/>\n<meta name=\"twitter:label1\" content=\"\u00c9crit par\" \/>\n\t<meta name=\"twitter:data1\" content=\"Thierry de Noblens\" \/>\n\t<meta name=\"twitter:label2\" content=\"Dur\u00e9e de lecture estim\u00e9e\" \/>\n\t<meta name=\"twitter:data2\" content=\"3 minutes\" \/>\n<script type=\"application\/ld+json\" class=\"yoast-schema-graph\">{\"@context\":\"https:\/\/schema.org\",\"@graph\":[{\"@type\":\"Article\",\"@id\":\"https:\/\/comite-ecologique-ariegeois.org\/?p=3770#article\",\"isPartOf\":{\"@id\":\"https:\/\/comite-ecologique-ariegeois.org\/?p=3770\"},\"author\":{\"name\":\"Thierry de Noblens\",\"@id\":\"https:\/\/comite-ecologique-ariegeois.org\/#\/schema\/person\/b7e5d45315905890ba115beac28c648b\"},\"headline\":\"L&rsquo;isard\",\"datePublished\":\"2024-11-04T18:42:44+00:00\",\"dateModified\":\"2026-01-18T14:36:47+00:00\",\"mainEntityOfPage\":{\"@id\":\"https:\/\/comite-ecologique-ariegeois.org\/?p=3770\"},\"wordCount\":407,\"commentCount\":0,\"publisher\":{\"@id\":\"https:\/\/comite-ecologique-ariegeois.org\/#organization\"},\"image\":{\"@id\":\"https:\/\/comite-ecologique-ariegeois.org\/?p=3770#primaryimage\"},\"thumbnailUrl\":\"https:\/\/comite-ecologique-ariegeois.org\/wp-content\/uploads\/2024\/11\/Fonta4.jpg\",\"inLanguage\":\"fr-FR\",\"potentialAction\":[{\"@type\":\"CommentAction\",\"name\":\"Comment\",\"target\":[\"https:\/\/comite-ecologique-ariegeois.org\/?p=3770#respond\"]}]},{\"@type\":\"WebPage\",\"@id\":\"https:\/\/comite-ecologique-ariegeois.org\/?p=3770\",\"url\":\"https:\/\/comite-ecologique-ariegeois.org\/?p=3770\",\"name\":\"L'isard - Comit\u00e9 Ecologique Ari\u00e8geois\",\"isPartOf\":{\"@id\":\"https:\/\/comite-ecologique-ariegeois.org\/#website\"},\"primaryImageOfPage\":{\"@id\":\"https:\/\/comite-ecologique-ariegeois.org\/?p=3770#primaryimage\"},\"image\":{\"@id\":\"https:\/\/comite-ecologique-ariegeois.org\/?p=3770#primaryimage\"},\"thumbnailUrl\":\"https:\/\/comite-ecologique-ariegeois.org\/wp-content\/uploads\/2024\/11\/Fonta4.jpg\",\"datePublished\":\"2024-11-04T18:42:44+00:00\",\"dateModified\":\"2026-01-18T14:36:47+00:00\",\"breadcrumb\":{\"@id\":\"https:\/\/comite-ecologique-ariegeois.org\/?p=3770#breadcrumb\"},\"inLanguage\":\"fr-FR\",\"potentialAction\":[{\"@type\":\"ReadAction\",\"target\":[\"https:\/\/comite-ecologique-ariegeois.org\/?p=3770\"]}]},{\"@type\":\"ImageObject\",\"inLanguage\":\"fr-FR\",\"@id\":\"https:\/\/comite-ecologique-ariegeois.org\/?p=3770#primaryimage\",\"url\":\"https:\/\/comite-ecologique-ariegeois.org\/wp-content\/uploads\/2024\/11\/Fonta4.jpg\",\"contentUrl\":\"https:\/\/comite-ecologique-ariegeois.org\/wp-content\/uploads\/2024\/11\/Fonta4.jpg\",\"width\":667,\"height\":1000},{\"@type\":\"BreadcrumbList\",\"@id\":\"https:\/\/comite-ecologique-ariegeois.org\/?p=3770#breadcrumb\",\"itemListElement\":[{\"@type\":\"ListItem\",\"position\":1,\"name\":\"Accueil\",\"item\":\"https:\/\/comite-ecologique-ariegeois.org\/\"},{\"@type\":\"ListItem\",\"position\":2,\"name\":\"L&rsquo;isard\"}]},{\"@type\":\"WebSite\",\"@id\":\"https:\/\/comite-ecologique-ariegeois.org\/#website\",\"url\":\"https:\/\/comite-ecologique-ariegeois.org\/\",\"name\":\"Comit\u00e9 Ecologique Ari\u00e8geois\",\"description\":\"Assotiation de protection de la nature\",\"publisher\":{\"@id\":\"https:\/\/comite-ecologique-ariegeois.org\/#organization\"},\"potentialAction\":[{\"@type\":\"SearchAction\",\"target\":{\"@type\":\"EntryPoint\",\"urlTemplate\":\"https:\/\/comite-ecologique-ariegeois.org\/?s={search_term_string}\"},\"query-input\":{\"@type\":\"PropertyValueSpecification\",\"valueRequired\":true,\"valueName\":\"search_term_string\"}}],\"inLanguage\":\"fr-FR\"},{\"@type\":\"Organization\",\"@id\":\"https:\/\/comite-ecologique-ariegeois.org\/#organization\",\"name\":\"Comit\u00e9 Ecologique Ari\u00e8geois\",\"url\":\"https:\/\/comite-ecologique-ariegeois.org\/\",\"logo\":{\"@type\":\"ImageObject\",\"inLanguage\":\"fr-FR\",\"@id\":\"https:\/\/comite-ecologique-ariegeois.org\/#\/schema\/logo\/image\/\",\"url\":\"https:\/\/comite-ecologique-ariegeois.org\/wp-content\/uploads\/2025\/01\/logo_nouveau_cea_jpeg_250pix_02_03_24-a8816.jpg\",\"contentUrl\":\"https:\/\/comite-ecologique-ariegeois.org\/wp-content\/uploads\/2025\/01\/logo_nouveau_cea_jpeg_250pix_02_03_24-a8816.jpg\",\"width\":250,\"height\":250,\"caption\":\"Comit\u00e9 Ecologique Ari\u00e8geois\"},\"image\":{\"@id\":\"https:\/\/comite-ecologique-ariegeois.org\/#\/schema\/logo\/image\/\"},\"sameAs\":[\"https:\/\/www.facebook.com\/comite.ariegeois\/\",\"https:\/\/www.instagram.com\/comite.ecologique.ariegeois\/\"]},{\"@type\":\"Person\",\"@id\":\"https:\/\/comite-ecologique-ariegeois.org\/#\/schema\/person\/b7e5d45315905890ba115beac28c648b\",\"name\":\"Thierry de Noblens\",\"image\":{\"@type\":\"ImageObject\",\"inLanguage\":\"fr-FR\",\"@id\":\"https:\/\/comite-ecologique-ariegeois.org\/#\/schema\/person\/image\/\",\"url\":\"https:\/\/secure.gravatar.com\/avatar\/213318839cda8eb1e33428b1075d632c04b7b9341d25f8b92dbf02508916b309?s=96&d=mm&r=g\",\"contentUrl\":\"https:\/\/secure.gravatar.com\/avatar\/213318839cda8eb1e33428b1075d632c04b7b9341d25f8b92dbf02508916b309?s=96&d=mm&r=g\",\"caption\":\"Thierry de Noblens\"},\"url\":\"https:\/\/comite-ecologique-ariegeois.org\/?author=12\"}]}<\/script>\n<!-- \/ Yoast SEO plugin. -->","yoast_head_json":{"title":"L'isard - Comit\u00e9 Ecologique Ari\u00e8geois","robots":{"index":"index","follow":"follow","max-snippet":"max-snippet:-1","max-image-preview":"max-image-preview:large","max-video-preview":"max-video-preview:-1"},"canonical":"https:\/\/comite-ecologique-ariegeois.org\/?p=3770","og_locale":"fr_FR","og_type":"article","og_title":"L'isard - Comit\u00e9 Ecologique Ari\u00e8geois","og_description":"L\u2019isard est une esp\u00e8ce embl\u00e9matique du patrimoine naturel pyr\u00e9n\u00e9en pouvant vivre de 800m d\u2019altitude jusqu\u2019\u00e0 3000m. Menac\u00e9e d\u2019extinction dans les ann\u00e9es 1950, l\u00e0 aussi en raison d\u2019une chasse et d\u2019un braconnage intensif, cette esp\u00e8ce est d\u00e9sormais soumise \u00e0 un plan de chasse d\u00e9terminant les quotas pouvant \u00eatre pr\u00e9lev\u00e9s par les chasseurs. Jusqu\u2019au milieu des ann\u00e9es&hellip;&nbsp;Lire la suite &raquo;L&rsquo;isard","og_url":"https:\/\/comite-ecologique-ariegeois.org\/?p=3770","og_site_name":"Comit\u00e9 Ecologique Ari\u00e8geois","article_publisher":"https:\/\/www.facebook.com\/comite.ariegeois\/","article_published_time":"2024-11-04T18:42:44+00:00","article_modified_time":"2026-01-18T14:36:47+00:00","og_image":[{"width":667,"height":1000,"url":"https:\/\/comite-ecologique-ariegeois.org\/wp-content\/uploads\/2024\/11\/Fonta4.jpg","type":"image\/jpeg"}],"author":"Thierry de Noblens","twitter_card":"summary_large_image","twitter_misc":{"\u00c9crit par":"Thierry de Noblens","Dur\u00e9e de lecture estim\u00e9e":"3 minutes"},"schema":{"@context":"https:\/\/schema.org","@graph":[{"@type":"Article","@id":"https:\/\/comite-ecologique-ariegeois.org\/?p=3770#article","isPartOf":{"@id":"https:\/\/comite-ecologique-ariegeois.org\/?p=3770"},"author":{"name":"Thierry de Noblens","@id":"https:\/\/comite-ecologique-ariegeois.org\/#\/schema\/person\/b7e5d45315905890ba115beac28c648b"},"headline":"L&rsquo;isard","datePublished":"2024-11-04T18:42:44+00:00","dateModified":"2026-01-18T14:36:47+00:00","mainEntityOfPage":{"@id":"https:\/\/comite-ecologique-ariegeois.org\/?p=3770"},"wordCount":407,"commentCount":0,"publisher":{"@id":"https:\/\/comite-ecologique-ariegeois.org\/#organization"},"image":{"@id":"https:\/\/comite-ecologique-ariegeois.org\/?p=3770#primaryimage"},"thumbnailUrl":"https:\/\/comite-ecologique-ariegeois.org\/wp-content\/uploads\/2024\/11\/Fonta4.jpg","inLanguage":"fr-FR","potentialAction":[{"@type":"CommentAction","name":"Comment","target":["https:\/\/comite-ecologique-ariegeois.org\/?p=3770#respond"]}]},{"@type":"WebPage","@id":"https:\/\/comite-ecologique-ariegeois.org\/?p=3770","url":"https:\/\/comite-ecologique-ariegeois.org\/?p=3770","name":"L'isard - Comit\u00e9 Ecologique Ari\u00e8geois","isPartOf":{"@id":"https:\/\/comite-ecologique-ariegeois.org\/#website"},"primaryImageOfPage":{"@id":"https:\/\/comite-ecologique-ariegeois.org\/?p=3770#primaryimage"},"image":{"@id":"https:\/\/comite-ecologique-ariegeois.org\/?p=3770#primaryimage"},"thumbnailUrl":"https:\/\/comite-ecologique-ariegeois.org\/wp-content\/uploads\/2024\/11\/Fonta4.jpg","datePublished":"2024-11-04T18:42:44+00:00","dateModified":"2026-01-18T14:36:47+00:00","breadcrumb":{"@id":"https:\/\/comite-ecologique-ariegeois.org\/?p=3770#breadcrumb"},"inLanguage":"fr-FR","potentialAction":[{"@type":"ReadAction","target":["https:\/\/comite-ecologique-ariegeois.org\/?p=3770"]}]},{"@type":"ImageObject","inLanguage":"fr-FR","@id":"https:\/\/comite-ecologique-ariegeois.org\/?p=3770#primaryimage","url":"https:\/\/comite-ecologique-ariegeois.org\/wp-content\/uploads\/2024\/11\/Fonta4.jpg","contentUrl":"https:\/\/comite-ecologique-ariegeois.org\/wp-content\/uploads\/2024\/11\/Fonta4.jpg","width":667,"height":1000},{"@type":"BreadcrumbList","@id":"https:\/\/comite-ecologique-ariegeois.org\/?p=3770#breadcrumb","itemListElement":[{"@type":"ListItem","position":1,"name":"Accueil","item":"https:\/\/comite-ecologique-ariegeois.org\/"},{"@type":"ListItem","position":2,"name":"L&rsquo;isard"}]},{"@type":"WebSite","@id":"https:\/\/comite-ecologique-ariegeois.org\/#website","url":"https:\/\/comite-ecologique-ariegeois.org\/","name":"Comit\u00e9 Ecologique Ari\u00e8geois","description":"Assotiation de protection de la nature","publisher":{"@id":"https:\/\/comite-ecologique-ariegeois.org\/#organization"},"potentialAction":[{"@type":"SearchAction","target":{"@type":"EntryPoint","urlTemplate":"https:\/\/comite-ecologique-ariegeois.org\/?s={search_term_string}"},"query-input":{"@type":"PropertyValueSpecification","valueRequired":true,"valueName":"search_term_string"}}],"inLanguage":"fr-FR"},{"@type":"Organization","@id":"https:\/\/comite-ecologique-ariegeois.org\/#organization","name":"Comit\u00e9 Ecologique Ari\u00e8geois","url":"https:\/\/comite-ecologique-ariegeois.org\/","logo":{"@type":"ImageObject","inLanguage":"fr-FR","@id":"https:\/\/comite-ecologique-ariegeois.org\/#\/schema\/logo\/image\/","url":"https:\/\/comite-ecologique-ariegeois.org\/wp-content\/uploads\/2025\/01\/logo_nouveau_cea_jpeg_250pix_02_03_24-a8816.jpg","contentUrl":"https:\/\/comite-ecologique-ariegeois.org\/wp-content\/uploads\/2025\/01\/logo_nouveau_cea_jpeg_250pix_02_03_24-a8816.jpg","width":250,"height":250,"caption":"Comit\u00e9 Ecologique Ari\u00e8geois"},"image":{"@id":"https:\/\/comite-ecologique-ariegeois.org\/#\/schema\/logo\/image\/"},"sameAs":["https:\/\/www.facebook.com\/comite.ariegeois\/","https:\/\/www.instagram.com\/comite.ecologique.ariegeois\/"]},{"@type":"Person","@id":"https:\/\/comite-ecologique-ariegeois.org\/#\/schema\/person\/b7e5d45315905890ba115beac28c648b","name":"Thierry de Noblens","image":{"@type":"ImageObject","inLanguage":"fr-FR","@id":"https:\/\/comite-ecologique-ariegeois.org\/#\/schema\/person\/image\/","url":"https:\/\/secure.gravatar.com\/avatar\/213318839cda8eb1e33428b1075d632c04b7b9341d25f8b92dbf02508916b309?s=96&d=mm&r=g","contentUrl":"https:\/\/secure.gravatar.com\/avatar\/213318839cda8eb1e33428b1075d632c04b7b9341d25f8b92dbf02508916b309?s=96&d=mm&r=g","caption":"Thierry de Noblens"},"url":"https:\/\/comite-ecologique-ariegeois.org\/?author=12"}]}},"_links":{"self":[{"href":"https:\/\/comite-ecologique-ariegeois.org\/index.php?rest_route=\/wp\/v2\/posts\/3770","targetHints":{"allow":["GET"]}}],"collection":[{"href":"https:\/\/comite-ecologique-ariegeois.org\/index.php?rest_route=\/wp\/v2\/posts"}],"about":[{"href":"https:\/\/comite-ecologique-ariegeois.org\/index.php?rest_route=\/wp\/v2\/types\/post"}],"author":[{"embeddable":true,"href":"https:\/\/comite-ecologique-ariegeois.org\/index.php?rest_route=\/wp\/v2\/users\/12"}],"replies":[{"embeddable":true,"href":"https:\/\/comite-ecologique-ariegeois.org\/index.php?rest_route=%2Fwp%2Fv2%2Fcomments&post=3770"}],"version-history":[{"count":16,"href":"https:\/\/comite-ecologique-ariegeois.org\/index.php?rest_route=\/wp\/v2\/posts\/3770\/revisions"}],"predecessor-version":[{"id":9320,"href":"https:\/\/comite-ecologique-ariegeois.org\/index.php?rest_route=\/wp\/v2\/posts\/3770\/revisions\/9320"}],"wp:featuredmedia":[{"embeddable":true,"href":"https:\/\/comite-ecologique-ariegeois.org\/index.php?rest_route=\/wp\/v2\/media\/9309"}],"wp:attachment":[{"href":"https:\/\/comite-ecologique-ariegeois.org\/index.php?rest_route=%2Fwp%2Fv2%2Fmedia&parent=3770"}],"wp:term":[{"taxonomy":"category","embeddable":true,"href":"https:\/\/comite-ecologique-ariegeois.org\/index.php?rest_route=%2Fwp%2Fv2%2Fcategories&post=3770"},{"taxonomy":"post_tag","embeddable":true,"href":"https:\/\/comite-ecologique-ariegeois.org\/index.php?rest_route=%2Fwp%2Fv2%2Ftags&post=3770"}],"curies":[{"name":"wp","href":"https:\/\/api.w.org\/{rel}","templated":true}]}}