{"id":3768,"date":"2024-11-04T19:42:07","date_gmt":"2024-11-04T18:42:07","guid":{"rendered":"https:\/\/comite-ecologique-ariegeois.org\/?p=3768"},"modified":"2025-01-07T21:08:31","modified_gmt":"2025-01-07T20:08:31","slug":"le-cormoran","status":"publish","type":"post","link":"https:\/\/comite-ecologique-ariegeois.org\/?p=3768","title":{"rendered":"Le cormoran"},"content":{"rendered":"\t\t<div data-elementor-type=\"wp-post\" data-elementor-id=\"3768\" class=\"elementor elementor-3768\">\n\t\t\t\t<div class=\"elementor-element elementor-element-3593df5b e-flex e-con-boxed e-con e-parent\" data-id=\"3593df5b\" data-element_type=\"container\">\n\t\t\t\t\t<div class=\"e-con-inner\">\n\t\t\t\t<div class=\"elementor-element elementor-element-c9e2ed4 elementor-widget elementor-widget-text-editor\" data-id=\"c9e2ed4\" data-element_type=\"widget\" data-widget_type=\"text-editor.default\">\n\t\t\t\t<div class=\"elementor-widget-container\">\n\t\t\t\t\t\t\t\t\t<p>Le Grand Cormoran est un oiseau piscivore, par ailleurs remarquable p\u00eacheur, pr\u00e9sent dans notre d\u00e9partement surtout en hiver depuis une quarantaine d\u2019ann\u00e9es et notamment au bord des cours d\u2019eau et lacs o\u00f9 il aime faire s\u00e9cher ses grandes ailes au soleil.<\/p>\n<p>La population du Grand Cormoran \u00e9tait estim\u00e9e \u00e0 moins de 1000 individus \u00e0 la fin des ann\u00e9es 1970 en France. A l\u2019\u00e9poque il \u00e9tait d\u00e9cim\u00e9 par les p\u00eacheurs qui le d\u00e9testaient. Il a fait partie des oiseaux prot\u00e9g\u00e9s sur l\u2019ensemble du territoire par la directive du Conseil de l\u2019Union europ\u00e9enne du 12 avril 1979 concernant la conservation des oiseaux sauvages (remplac\u00e9e depuis par <a href=\"https:\/\/eur-lex.europa.eu\/legal-content\/FR\/TXT\/?uri=CELEX:32009L0147\">la directive 2009\/147\/CE<\/a>). De part cette protection, la population de l\u2019esp\u00e8ce s\u2019est tr\u00e8s rapidement reconstitu\u00e9e, et en hivernage, il est apparu dans de nombreux d\u00e9partements, o\u00f9 il n\u2019avait jamais \u00e9t\u00e9 vu auparavant, semble-t-il. Parmi ces d\u00e9partements, l\u2019Ari\u00e8ge, o\u00f9 un dortoir assez important s\u2019est constitu\u00e9 dans les ann\u00e9es 1990 au bord du lac de Montbel. <strong>Les Grands Cormorans n\u2019ont jamais \u00e9t\u00e9 tr\u00e8s nombreux en Ari\u00e8ge, tout au plus quelques centaines d\u2019individus<\/strong>, mais leur pr\u00e9sence et leur capacit\u00e9 remarquable \u00e0 attraper toutes sortes de poissons a engendr\u00e9 comme d\u2019habitude un rejet total de la part des p\u00eacheurs et des r\u00e9flexions haineuses proches du d\u00e9lire. Malgr\u00e9 la protection de l\u2019esp\u00e8ce, des autorisations de destruction de cet oiseau ont \u00e9t\u00e9 tr\u00e8s t\u00f4t prises par arr\u00eat\u00e9 et d\u00e8s 2001, il \u00e9tait autoris\u00e9 de d\u00e9truire 80 cormorans sur les piscicultures de Montbel et des Cabannes. En 2003, cette autorisation \u00e9tait \u00e9largie aux eaux libres, si bien qu\u2019un arr\u00eat\u00e9 minist\u00e9riel pr\u00e9voyait la destruction de 120 cormorans sur les eaux libres plus 80 sur les deux piscicultures pr\u00e9cit\u00e9es, soit 200 oiseaux \u00e0 tuer chaque ann\u00e9e, ce qui \u00e9tait consid\u00e9rable en r\u00e9alit\u00e9. De plus, au tout d\u00e9but des ann\u00e9es 2000, de nombreux tirs ont \u00e9t\u00e9 effectu\u00e9s sur les oiseaux du dortoir de Montbel, initiative de l\u2019administration aussi stupide que contreproductive, puisque la population hivernante a rapidement \u00e9clat\u00e9e pour se r\u00e9partir en plus d\u2019une dizaine de dortoirs dans tout le d\u00e9partement, pour atteindre le nombre de 16 dortoirs au moins en 2021.<\/p>\n<p>Le dernier arr\u00eat\u00e9 minist\u00e9riel trisannuel 2019-2022 pr\u00e9voyait de tuer<strong> 265 grands cormorans par an<\/strong> (de la folie pure, un v\u00e9ritable massacre) soit 40 sur et autour des deux piscicultures et 225 en eaux libres (rivi\u00e8res et plans d\u2019eau), <strong>alors que le comptage d\u00e9partemental de janvier 2019 recensait au total 246 oiseaux.<\/strong> Autrement dit, il \u00e9tait question de pouvoir d\u00e9truire en 2019 plus de cormorans qu\u2019il n\u2019y en avait au total dans le d\u00e9partement. Absurdit\u00e9 sans nom, volont\u00e9 d\u2019\u00e9radiquer \u00e0 tout prix..<\/p>\n<p>Heureusement, suite \u00e0 plusieurs proc\u00e9dures judiciaires gagn\u00e9es par la LPO, en septembre 2022, un nouvel arr\u00eat\u00e9 minist\u00e9riel triennal \u00e9tait pris et pr\u00e9voyait uniquement la destruction de cormorans autour des piscicultures, soit pour l\u2019Ari\u00e8ge, 30 au total chaque ann\u00e9e pour les piscicultures de Montbel et les Cabannnes., arr\u00eat\u00e9 confirm\u00e9 par une d\u00e9cision en r\u00e9f\u00e9r\u00e9 du Conseil d\u2019Etat du 10 novembre 2022.<\/p>\n<p>Mais lorsque l\u2019affaire a \u00e9t\u00e9 examin\u00e9e sur le fond, le Conseil d\u2019Etat a cette fois prononc\u00e9 le 8 juillet 2024 l\u2019annulation de l\u2019arr\u00eat\u00e9 minist\u00e9riel, et ordonn\u00e9 l\u2019\u00e9diction d\u2019un arr\u00eat\u00e9 modificatif comprenant des plafonds d\u00e9partementaux de destruction de grands cormorans en eaux libres pour la p\u00e9riode 2022-2025. Tout en reconnaissant que le Grand cormoran n\u2019\u00e9tait pas le facteur principal expliquant le mauvais \u00e9tat de conservation de certaines esp\u00e8ces de poisson, le Conseil d\u2019Etat a consid\u00e9r\u00e9 que la pression de pr\u00e9dation qu\u2019il exerce appara\u00eet susceptible, dans certains contextes particuliers, de contribuer \u00e0 le d\u00e9grader davantage.<\/p>\n<p>Donc, nous voil\u00e0 repartis h\u00e9las, pour des arr\u00eat\u00e9s de destruction de cormorans sur les eaux libres en 2025, les plafonds d\u00e9partementaux seront fix\u00e9s par arr\u00eat\u00e9 pr\u00e9fectoral et ne pourront exc\u00e9der 20 % de la population estim\u00e9e dans le d\u00e9partement lors du dernier recensement national..<\/p>\n<p>En r\u00e9alit\u00e9, le Grand Cormoran a toute sa place en Ari\u00e8ge, d\u2019autant qu\u2019il y est pr\u00e9sent en petit nombre et faire de cet oiseau le bouc-\u00e9missaire de la r\u00e9gression des poissons d\u2019eau douce est un non-sens\u00a0et permet d\u2019\u00e9viter de remettre en question les causes principales: pollution et d\u00e9gradation de la qualit\u00e9 des eaux, barrages et discontinuit\u00e9 \u00e9cologique, pr\u00e9l\u00e8vements excessifs pour les conduites forc\u00e9es d\u2019hydro\u00e9lectricit\u00e9 et pour l\u2019irrigation, r\u00e9chauffement climatique et s\u00e9cheresses meurtri\u00e8res. L\u2019enjeu n\u2019est pas de sauvegarder le loisir de quelques p\u00eacheurs mais bien de pr\u00e9server la biodiversit\u00e9.\u00a0<\/p>\n<p>Bien \u00e9videmment, le Comit\u00e9 Ecologique Ari\u00e9geois se r\u00e9serve le droit d\u2019attaquer au Tribunal Administratif les futurs arr\u00eat\u00e9s pr\u00e9fectoraux concernant la destruction de ce bel oiseau sur les rivi\u00e8res et les plans d\u2019eau de notre d\u00e9partement. Ne perdons pas de vue que des m\u00e9thodes d\u2019effarouchement efficaces et non l\u00e9tales existent et devraient \u00eatre privil\u00e9gi\u00e9es, \u00e0 tout le moins autour des piscicultures de Montbel et les Cabannes.<\/p>\t\t\t\t\t\t\t\t<\/div>\n\t\t\t\t<\/div>\n\t\t\t\t\t<\/div>\n\t\t\t\t<\/div>\n\t\t\t\t<\/div>\n\t\t","protected":false},"excerpt":{"rendered":"<p>Le Grand Cormoran est un oiseau piscivore, par ailleurs remarquable p\u00eacheur, pr\u00e9sent dans notre d\u00e9partement surtout en hiver depuis une quarantaine d\u2019ann\u00e9es et notamment au bord des cours d\u2019eau et lacs o\u00f9 il aime faire s\u00e9cher ses grandes ailes au soleil. La population du Grand Cormoran \u00e9tait estim\u00e9e \u00e0 moins de 1000 individus \u00e0 la&hellip;&nbsp;<a href=\"https:\/\/comite-ecologique-ariegeois.org\/?p=3768\" rel=\"bookmark\">Lire la suite &raquo;<span class=\"screen-reader-text\">Le cormoran<\/span><\/a><\/p>\n","protected":false},"author":12,"featured_media":1042,"comment_status":"open","ping_status":"open","sticky":false,"template":"","format":"standard","meta":{"neve_meta_sidebar":"","neve_meta_container":"","neve_meta_enable_content_width":"","neve_meta_content_width":0,"neve_meta_title_alignment":"","neve_meta_author_avatar":"","neve_post_elements_order":"","neve_meta_disable_header":"","neve_meta_disable_footer":"","neve_meta_disable_title":"","footnotes":""},"categories":[1],"tags":[],"class_list":["post-3768","post","type-post","status-publish","format-standard","has-post-thumbnail","hentry","category-non-classe"],"yoast_head":"<!-- This site is optimized with the Yoast SEO plugin v26.4 - https:\/\/yoast.com\/wordpress\/plugins\/seo\/ -->\n<title>Le cormoran - Comit\u00e9 Ecologique Ari\u00e8geois<\/title>\n<meta name=\"robots\" content=\"index, follow, max-snippet:-1, max-image-preview:large, max-video-preview:-1\" \/>\n<link rel=\"canonical\" href=\"https:\/\/comite-ecologique-ariegeois.org\/?p=3768\" \/>\n<meta property=\"og:locale\" content=\"fr_FR\" \/>\n<meta property=\"og:type\" content=\"article\" \/>\n<meta property=\"og:title\" content=\"Le cormoran - Comit\u00e9 Ecologique Ari\u00e8geois\" \/>\n<meta property=\"og:description\" content=\"Le Grand Cormoran est un oiseau piscivore, par ailleurs remarquable p\u00eacheur, pr\u00e9sent dans notre d\u00e9partement surtout en hiver depuis une quarantaine d\u2019ann\u00e9es et notamment au bord des cours d\u2019eau et lacs o\u00f9 il aime faire s\u00e9cher ses grandes ailes au soleil. La population du Grand Cormoran \u00e9tait estim\u00e9e \u00e0 moins de 1000 individus \u00e0 la&hellip;&nbsp;Lire la suite &raquo;Le cormoran\" \/>\n<meta property=\"og:url\" content=\"https:\/\/comite-ecologique-ariegeois.org\/?p=3768\" \/>\n<meta property=\"og:site_name\" content=\"Comit\u00e9 Ecologique Ari\u00e8geois\" \/>\n<meta property=\"article:publisher\" content=\"https:\/\/www.facebook.com\/comite.ariegeois\/\" \/>\n<meta property=\"article:published_time\" content=\"2024-11-04T18:42:07+00:00\" \/>\n<meta property=\"article:modified_time\" content=\"2025-01-07T20:08:31+00:00\" \/>\n<meta property=\"og:image\" content=\"https:\/\/comite-ecologique-ariegeois.org\/wp-content\/uploads\/2024\/09\/Grand-Cormoran_NX_-scaled.jpg\" \/>\n\t<meta property=\"og:image:width\" content=\"2560\" \/>\n\t<meta property=\"og:image:height\" content=\"1623\" \/>\n\t<meta property=\"og:image:type\" content=\"image\/jpeg\" \/>\n<meta name=\"author\" content=\"Thierry de Noblens\" \/>\n<meta name=\"twitter:card\" content=\"summary_large_image\" \/>\n<meta name=\"twitter:label1\" content=\"\u00c9crit par\" \/>\n\t<meta name=\"twitter:data1\" content=\"Thierry de Noblens\" \/>\n\t<meta name=\"twitter:label2\" content=\"Dur\u00e9e de lecture estim\u00e9e\" \/>\n\t<meta name=\"twitter:data2\" content=\"4 minutes\" \/>\n<script type=\"application\/ld+json\" class=\"yoast-schema-graph\">{\"@context\":\"https:\/\/schema.org\",\"@graph\":[{\"@type\":\"Article\",\"@id\":\"https:\/\/comite-ecologique-ariegeois.org\/?p=3768#article\",\"isPartOf\":{\"@id\":\"https:\/\/comite-ecologique-ariegeois.org\/?p=3768\"},\"author\":{\"name\":\"Thierry de Noblens\",\"@id\":\"https:\/\/comite-ecologique-ariegeois.org\/#\/schema\/person\/b7e5d45315905890ba115beac28c648b\"},\"headline\":\"Le cormoran\",\"datePublished\":\"2024-11-04T18:42:07+00:00\",\"dateModified\":\"2025-01-07T20:08:31+00:00\",\"mainEntityOfPage\":{\"@id\":\"https:\/\/comite-ecologique-ariegeois.org\/?p=3768\"},\"wordCount\":899,\"commentCount\":0,\"publisher\":{\"@id\":\"https:\/\/comite-ecologique-ariegeois.org\/#organization\"},\"image\":{\"@id\":\"https:\/\/comite-ecologique-ariegeois.org\/?p=3768#primaryimage\"},\"thumbnailUrl\":\"https:\/\/comite-ecologique-ariegeois.org\/wp-content\/uploads\/2024\/09\/Grand-Cormoran_NX_-scaled.jpg\",\"inLanguage\":\"fr-FR\",\"potentialAction\":[{\"@type\":\"CommentAction\",\"name\":\"Comment\",\"target\":[\"https:\/\/comite-ecologique-ariegeois.org\/?p=3768#respond\"]}]},{\"@type\":\"WebPage\",\"@id\":\"https:\/\/comite-ecologique-ariegeois.org\/?p=3768\",\"url\":\"https:\/\/comite-ecologique-ariegeois.org\/?p=3768\",\"name\":\"Le cormoran - Comit\u00e9 Ecologique Ari\u00e8geois\",\"isPartOf\":{\"@id\":\"https:\/\/comite-ecologique-ariegeois.org\/#website\"},\"primaryImageOfPage\":{\"@id\":\"https:\/\/comite-ecologique-ariegeois.org\/?p=3768#primaryimage\"},\"image\":{\"@id\":\"https:\/\/comite-ecologique-ariegeois.org\/?p=3768#primaryimage\"},\"thumbnailUrl\":\"https:\/\/comite-ecologique-ariegeois.org\/wp-content\/uploads\/2024\/09\/Grand-Cormoran_NX_-scaled.jpg\",\"datePublished\":\"2024-11-04T18:42:07+00:00\",\"dateModified\":\"2025-01-07T20:08:31+00:00\",\"breadcrumb\":{\"@id\":\"https:\/\/comite-ecologique-ariegeois.org\/?p=3768#breadcrumb\"},\"inLanguage\":\"fr-FR\",\"potentialAction\":[{\"@type\":\"ReadAction\",\"target\":[\"https:\/\/comite-ecologique-ariegeois.org\/?p=3768\"]}]},{\"@type\":\"ImageObject\",\"inLanguage\":\"fr-FR\",\"@id\":\"https:\/\/comite-ecologique-ariegeois.org\/?p=3768#primaryimage\",\"url\":\"https:\/\/comite-ecologique-ariegeois.org\/wp-content\/uploads\/2024\/09\/Grand-Cormoran_NX_-scaled.jpg\",\"contentUrl\":\"https:\/\/comite-ecologique-ariegeois.org\/wp-content\/uploads\/2024\/09\/Grand-Cormoran_NX_-scaled.jpg\",\"width\":2560,\"height\":1623},{\"@type\":\"BreadcrumbList\",\"@id\":\"https:\/\/comite-ecologique-ariegeois.org\/?p=3768#breadcrumb\",\"itemListElement\":[{\"@type\":\"ListItem\",\"position\":1,\"name\":\"Accueil\",\"item\":\"https:\/\/comite-ecologique-ariegeois.org\/\"},{\"@type\":\"ListItem\",\"position\":2,\"name\":\"Le cormoran\"}]},{\"@type\":\"WebSite\",\"@id\":\"https:\/\/comite-ecologique-ariegeois.org\/#website\",\"url\":\"https:\/\/comite-ecologique-ariegeois.org\/\",\"name\":\"Comit\u00e9 Ecologique Ari\u00e8geois\",\"description\":\"Assotiation de protection de la nature\",\"publisher\":{\"@id\":\"https:\/\/comite-ecologique-ariegeois.org\/#organization\"},\"potentialAction\":[{\"@type\":\"SearchAction\",\"target\":{\"@type\":\"EntryPoint\",\"urlTemplate\":\"https:\/\/comite-ecologique-ariegeois.org\/?s={search_term_string}\"},\"query-input\":{\"@type\":\"PropertyValueSpecification\",\"valueRequired\":true,\"valueName\":\"search_term_string\"}}],\"inLanguage\":\"fr-FR\"},{\"@type\":\"Organization\",\"@id\":\"https:\/\/comite-ecologique-ariegeois.org\/#organization\",\"name\":\"Comit\u00e9 Ecologique Ari\u00e8geois\",\"url\":\"https:\/\/comite-ecologique-ariegeois.org\/\",\"logo\":{\"@type\":\"ImageObject\",\"inLanguage\":\"fr-FR\",\"@id\":\"https:\/\/comite-ecologique-ariegeois.org\/#\/schema\/logo\/image\/\",\"url\":\"https:\/\/comite-ecologique-ariegeois.org\/wp-content\/uploads\/2025\/01\/logo_nouveau_cea_jpeg_250pix_02_03_24-a8816.jpg\",\"contentUrl\":\"https:\/\/comite-ecologique-ariegeois.org\/wp-content\/uploads\/2025\/01\/logo_nouveau_cea_jpeg_250pix_02_03_24-a8816.jpg\",\"width\":250,\"height\":250,\"caption\":\"Comit\u00e9 Ecologique Ari\u00e8geois\"},\"image\":{\"@id\":\"https:\/\/comite-ecologique-ariegeois.org\/#\/schema\/logo\/image\/\"},\"sameAs\":[\"https:\/\/www.facebook.com\/comite.ariegeois\/\",\"https:\/\/www.instagram.com\/comite.ecologique.ariegeois\/\"]},{\"@type\":\"Person\",\"@id\":\"https:\/\/comite-ecologique-ariegeois.org\/#\/schema\/person\/b7e5d45315905890ba115beac28c648b\",\"name\":\"Thierry de Noblens\",\"image\":{\"@type\":\"ImageObject\",\"inLanguage\":\"fr-FR\",\"@id\":\"https:\/\/comite-ecologique-ariegeois.org\/#\/schema\/person\/image\/\",\"url\":\"https:\/\/secure.gravatar.com\/avatar\/213318839cda8eb1e33428b1075d632c04b7b9341d25f8b92dbf02508916b309?s=96&d=mm&r=g\",\"contentUrl\":\"https:\/\/secure.gravatar.com\/avatar\/213318839cda8eb1e33428b1075d632c04b7b9341d25f8b92dbf02508916b309?s=96&d=mm&r=g\",\"caption\":\"Thierry de Noblens\"},\"url\":\"https:\/\/comite-ecologique-ariegeois.org\/?author=12\"}]}<\/script>\n<!-- \/ Yoast SEO plugin. -->","yoast_head_json":{"title":"Le cormoran - Comit\u00e9 Ecologique Ari\u00e8geois","robots":{"index":"index","follow":"follow","max-snippet":"max-snippet:-1","max-image-preview":"max-image-preview:large","max-video-preview":"max-video-preview:-1"},"canonical":"https:\/\/comite-ecologique-ariegeois.org\/?p=3768","og_locale":"fr_FR","og_type":"article","og_title":"Le cormoran - Comit\u00e9 Ecologique Ari\u00e8geois","og_description":"Le Grand Cormoran est un oiseau piscivore, par ailleurs remarquable p\u00eacheur, pr\u00e9sent dans notre d\u00e9partement surtout en hiver depuis une quarantaine d\u2019ann\u00e9es et notamment au bord des cours d\u2019eau et lacs o\u00f9 il aime faire s\u00e9cher ses grandes ailes au soleil. La population du Grand Cormoran \u00e9tait estim\u00e9e \u00e0 moins de 1000 individus \u00e0 la&hellip;&nbsp;Lire la suite &raquo;Le cormoran","og_url":"https:\/\/comite-ecologique-ariegeois.org\/?p=3768","og_site_name":"Comit\u00e9 Ecologique Ari\u00e8geois","article_publisher":"https:\/\/www.facebook.com\/comite.ariegeois\/","article_published_time":"2024-11-04T18:42:07+00:00","article_modified_time":"2025-01-07T20:08:31+00:00","og_image":[{"width":2560,"height":1623,"url":"https:\/\/comite-ecologique-ariegeois.org\/wp-content\/uploads\/2024\/09\/Grand-Cormoran_NX_-scaled.jpg","type":"image\/jpeg"}],"author":"Thierry de Noblens","twitter_card":"summary_large_image","twitter_misc":{"\u00c9crit par":"Thierry de Noblens","Dur\u00e9e de lecture estim\u00e9e":"4 minutes"},"schema":{"@context":"https:\/\/schema.org","@graph":[{"@type":"Article","@id":"https:\/\/comite-ecologique-ariegeois.org\/?p=3768#article","isPartOf":{"@id":"https:\/\/comite-ecologique-ariegeois.org\/?p=3768"},"author":{"name":"Thierry de Noblens","@id":"https:\/\/comite-ecologique-ariegeois.org\/#\/schema\/person\/b7e5d45315905890ba115beac28c648b"},"headline":"Le cormoran","datePublished":"2024-11-04T18:42:07+00:00","dateModified":"2025-01-07T20:08:31+00:00","mainEntityOfPage":{"@id":"https:\/\/comite-ecologique-ariegeois.org\/?p=3768"},"wordCount":899,"commentCount":0,"publisher":{"@id":"https:\/\/comite-ecologique-ariegeois.org\/#organization"},"image":{"@id":"https:\/\/comite-ecologique-ariegeois.org\/?p=3768#primaryimage"},"thumbnailUrl":"https:\/\/comite-ecologique-ariegeois.org\/wp-content\/uploads\/2024\/09\/Grand-Cormoran_NX_-scaled.jpg","inLanguage":"fr-FR","potentialAction":[{"@type":"CommentAction","name":"Comment","target":["https:\/\/comite-ecologique-ariegeois.org\/?p=3768#respond"]}]},{"@type":"WebPage","@id":"https:\/\/comite-ecologique-ariegeois.org\/?p=3768","url":"https:\/\/comite-ecologique-ariegeois.org\/?p=3768","name":"Le cormoran - Comit\u00e9 Ecologique Ari\u00e8geois","isPartOf":{"@id":"https:\/\/comite-ecologique-ariegeois.org\/#website"},"primaryImageOfPage":{"@id":"https:\/\/comite-ecologique-ariegeois.org\/?p=3768#primaryimage"},"image":{"@id":"https:\/\/comite-ecologique-ariegeois.org\/?p=3768#primaryimage"},"thumbnailUrl":"https:\/\/comite-ecologique-ariegeois.org\/wp-content\/uploads\/2024\/09\/Grand-Cormoran_NX_-scaled.jpg","datePublished":"2024-11-04T18:42:07+00:00","dateModified":"2025-01-07T20:08:31+00:00","breadcrumb":{"@id":"https:\/\/comite-ecologique-ariegeois.org\/?p=3768#breadcrumb"},"inLanguage":"fr-FR","potentialAction":[{"@type":"ReadAction","target":["https:\/\/comite-ecologique-ariegeois.org\/?p=3768"]}]},{"@type":"ImageObject","inLanguage":"fr-FR","@id":"https:\/\/comite-ecologique-ariegeois.org\/?p=3768#primaryimage","url":"https:\/\/comite-ecologique-ariegeois.org\/wp-content\/uploads\/2024\/09\/Grand-Cormoran_NX_-scaled.jpg","contentUrl":"https:\/\/comite-ecologique-ariegeois.org\/wp-content\/uploads\/2024\/09\/Grand-Cormoran_NX_-scaled.jpg","width":2560,"height":1623},{"@type":"BreadcrumbList","@id":"https:\/\/comite-ecologique-ariegeois.org\/?p=3768#breadcrumb","itemListElement":[{"@type":"ListItem","position":1,"name":"Accueil","item":"https:\/\/comite-ecologique-ariegeois.org\/"},{"@type":"ListItem","position":2,"name":"Le cormoran"}]},{"@type":"WebSite","@id":"https:\/\/comite-ecologique-ariegeois.org\/#website","url":"https:\/\/comite-ecologique-ariegeois.org\/","name":"Comit\u00e9 Ecologique Ari\u00e8geois","description":"Assotiation de protection de la nature","publisher":{"@id":"https:\/\/comite-ecologique-ariegeois.org\/#organization"},"potentialAction":[{"@type":"SearchAction","target":{"@type":"EntryPoint","urlTemplate":"https:\/\/comite-ecologique-ariegeois.org\/?s={search_term_string}"},"query-input":{"@type":"PropertyValueSpecification","valueRequired":true,"valueName":"search_term_string"}}],"inLanguage":"fr-FR"},{"@type":"Organization","@id":"https:\/\/comite-ecologique-ariegeois.org\/#organization","name":"Comit\u00e9 Ecologique Ari\u00e8geois","url":"https:\/\/comite-ecologique-ariegeois.org\/","logo":{"@type":"ImageObject","inLanguage":"fr-FR","@id":"https:\/\/comite-ecologique-ariegeois.org\/#\/schema\/logo\/image\/","url":"https:\/\/comite-ecologique-ariegeois.org\/wp-content\/uploads\/2025\/01\/logo_nouveau_cea_jpeg_250pix_02_03_24-a8816.jpg","contentUrl":"https:\/\/comite-ecologique-ariegeois.org\/wp-content\/uploads\/2025\/01\/logo_nouveau_cea_jpeg_250pix_02_03_24-a8816.jpg","width":250,"height":250,"caption":"Comit\u00e9 Ecologique Ari\u00e8geois"},"image":{"@id":"https:\/\/comite-ecologique-ariegeois.org\/#\/schema\/logo\/image\/"},"sameAs":["https:\/\/www.facebook.com\/comite.ariegeois\/","https:\/\/www.instagram.com\/comite.ecologique.ariegeois\/"]},{"@type":"Person","@id":"https:\/\/comite-ecologique-ariegeois.org\/#\/schema\/person\/b7e5d45315905890ba115beac28c648b","name":"Thierry de Noblens","image":{"@type":"ImageObject","inLanguage":"fr-FR","@id":"https:\/\/comite-ecologique-ariegeois.org\/#\/schema\/person\/image\/","url":"https:\/\/secure.gravatar.com\/avatar\/213318839cda8eb1e33428b1075d632c04b7b9341d25f8b92dbf02508916b309?s=96&d=mm&r=g","contentUrl":"https:\/\/secure.gravatar.com\/avatar\/213318839cda8eb1e33428b1075d632c04b7b9341d25f8b92dbf02508916b309?s=96&d=mm&r=g","caption":"Thierry de Noblens"},"url":"https:\/\/comite-ecologique-ariegeois.org\/?author=12"}]}},"_links":{"self":[{"href":"https:\/\/comite-ecologique-ariegeois.org\/index.php?rest_route=\/wp\/v2\/posts\/3768","targetHints":{"allow":["GET"]}}],"collection":[{"href":"https:\/\/comite-ecologique-ariegeois.org\/index.php?rest_route=\/wp\/v2\/posts"}],"about":[{"href":"https:\/\/comite-ecologique-ariegeois.org\/index.php?rest_route=\/wp\/v2\/types\/post"}],"author":[{"embeddable":true,"href":"https:\/\/comite-ecologique-ariegeois.org\/index.php?rest_route=\/wp\/v2\/users\/12"}],"replies":[{"embeddable":true,"href":"https:\/\/comite-ecologique-ariegeois.org\/index.php?rest_route=%2Fwp%2Fv2%2Fcomments&post=3768"}],"version-history":[{"count":7,"href":"https:\/\/comite-ecologique-ariegeois.org\/index.php?rest_route=\/wp\/v2\/posts\/3768\/revisions"}],"predecessor-version":[{"id":7732,"href":"https:\/\/comite-ecologique-ariegeois.org\/index.php?rest_route=\/wp\/v2\/posts\/3768\/revisions\/7732"}],"wp:featuredmedia":[{"embeddable":true,"href":"https:\/\/comite-ecologique-ariegeois.org\/index.php?rest_route=\/wp\/v2\/media\/1042"}],"wp:attachment":[{"href":"https:\/\/comite-ecologique-ariegeois.org\/index.php?rest_route=%2Fwp%2Fv2%2Fmedia&parent=3768"}],"wp:term":[{"taxonomy":"category","embeddable":true,"href":"https:\/\/comite-ecologique-ariegeois.org\/index.php?rest_route=%2Fwp%2Fv2%2Fcategories&post=3768"},{"taxonomy":"post_tag","embeddable":true,"href":"https:\/\/comite-ecologique-ariegeois.org\/index.php?rest_route=%2Fwp%2Fv2%2Ftags&post=3768"}],"curies":[{"name":"wp","href":"https:\/\/api.w.org\/{rel}","templated":true}]}}