{"id":3762,"date":"2024-11-04T19:39:54","date_gmt":"2024-11-04T18:39:54","guid":{"rendered":"https:\/\/comite-ecologique-ariegeois.org\/?p=3762"},"modified":"2025-09-07T20:48:05","modified_gmt":"2025-09-07T18:48:05","slug":"le-bouquetin","status":"publish","type":"post","link":"https:\/\/comite-ecologique-ariegeois.org\/?p=3762","title":{"rendered":"Le bouquetin"},"content":{"rendered":"\t\t<div data-elementor-type=\"wp-post\" data-elementor-id=\"3762\" class=\"elementor elementor-3762\">\n\t\t\t\t<div class=\"elementor-element elementor-element-7942aecf e-flex e-con-boxed e-con e-parent\" data-id=\"7942aecf\" data-element_type=\"container\">\n\t\t\t\t\t<div class=\"e-con-inner\">\n\t\t\t\t<div class=\"elementor-element elementor-element-5f9d8bfe elementor-widget elementor-widget-text-editor\" data-id=\"5f9d8bfe\" data-element_type=\"widget\" data-widget_type=\"text-editor.default\">\n\t\t\t\t<div class=\"elementor-widget-container\">\n\t\t\t\t\t\t\t\t\t\n<p>Le bouquetin fait partie du patrimoine naturel des Pyr\u00e9n\u00e9es.\u00a0<\/p>\n\n<p>Sa population s&rsquo;est \u00e9teinte au XIX\u00e8me si\u00e8cle \u00e0 cause de la pratique de la chasse et d&rsquo;un braconnage intensif..\u00a0<\/p>\n\n<p>C&rsquo;est pourquoi, un projet de r\u00e9introduction en 2014 a \u00e9t\u00e9 men\u00e9 dans les Pyr\u00e9n\u00e9es ari\u00e9geoises (105 bouquetins r\u00e9introduits). Aujourd&rsquo;hui, on peut consid\u00e9rer que ce projet a \u00e9t\u00e9 un succ\u00e8s, puisque l&rsquo;on compte 230 bouquetins dans les Pyr\u00e9n\u00e9es ari\u00e9geoises.<\/p>\n\n<p>Des efforts devront \u00eatre poursuivis pour maintenir un \u00e9tat de conservation favorable de l&rsquo;esp\u00e8ce. Le CEA entend s&rsquo;y engager.\u00a0<\/p>\n\t\t\t\t\t\t\t\t<\/div>\n\t\t\t\t<\/div>\n\t\t\t\t\t<\/div>\n\t\t\t\t<\/div>\n\t\t<div class=\"elementor-element elementor-element-8e90443 e-flex e-con-boxed e-con e-parent\" data-id=\"8e90443\" data-element_type=\"container\">\n\t\t\t\t\t<div class=\"e-con-inner\">\n\t\t\t\t<div class=\"elementor-element elementor-element-e1988fb elementor-widget elementor-widget-button\" data-id=\"e1988fb\" data-element_type=\"widget\" data-widget_type=\"button.default\">\n\t\t\t\t<div class=\"elementor-widget-container\">\n\t\t\t\t\t\t\t\t\t<div class=\"elementor-button-wrapper\">\n\t\t\t\t\t<a class=\"elementor-button elementor-button-link elementor-size-sm elementor-animation-grow\" href=\"https:\/\/comite-ecologique-ariegeois.org\/archiveSPIP2024\/actions\/faune-flore-foret-chasse\/especes-animales\/bouquetins\/index.html\">\n\t\t\t\t\t\t<span class=\"elementor-button-content-wrapper\">\n\t\t\t\t\t\t\t\t\t<span class=\"elementor-button-text\">Articles sur le bouquetin (vers ancien site)<\/span>\n\t\t\t\t\t<\/span>\n\t\t\t\t\t<\/a>\n\t\t\t\t<\/div>\n\t\t\t\t\t\t\t\t<\/div>\n\t\t\t\t<\/div>\n\t\t\t\t\t<\/div>\n\t\t\t\t<\/div>\n\t\t\t\t<\/div>\n\t\t","protected":false},"excerpt":{"rendered":"<p>Le bouquetin fait partie du patrimoine naturel des Pyr\u00e9n\u00e9es.\u00a0 Sa population s&rsquo;est \u00e9teinte au XIX\u00e8me si\u00e8cle \u00e0 cause de la pratique de la chasse et d&rsquo;un braconnage intensif..\u00a0 C&rsquo;est pourquoi, un projet de r\u00e9introduction en 2014 a \u00e9t\u00e9 men\u00e9 dans les Pyr\u00e9n\u00e9es ari\u00e9geoises (105 bouquetins r\u00e9introduits). Aujourd&rsquo;hui, on peut consid\u00e9rer que ce projet a \u00e9t\u00e9&hellip;&nbsp;<a href=\"https:\/\/comite-ecologique-ariegeois.org\/?p=3762\" rel=\"bookmark\">Lire la suite &raquo;<span class=\"screen-reader-text\">Le bouquetin<\/span><\/a><\/p>\n","protected":false},"author":7,"featured_media":9301,"comment_status":"open","ping_status":"open","sticky":false,"template":"","format":"standard","meta":{"neve_meta_sidebar":"","neve_meta_container":"","neve_meta_enable_content_width":"","neve_meta_content_width":0,"neve_meta_title_alignment":"","neve_meta_author_avatar":"","neve_post_elements_order":"","neve_meta_disable_header":"","neve_meta_disable_footer":"","neve_meta_disable_title":"","footnotes":""},"categories":[1],"tags":[],"class_list":["post-3762","post","type-post","status-publish","format-standard","has-post-thumbnail","hentry","category-non-classe"],"yoast_head":"<!-- This site is optimized with the Yoast SEO plugin v26.4 - https:\/\/yoast.com\/wordpress\/plugins\/seo\/ -->\n<title>Le bouquetin - Comit\u00e9 Ecologique Ari\u00e8geois<\/title>\n<meta name=\"robots\" content=\"index, follow, max-snippet:-1, max-image-preview:large, max-video-preview:-1\" \/>\n<link rel=\"canonical\" href=\"https:\/\/comite-ecologique-ariegeois.org\/?p=3762\" \/>\n<meta property=\"og:locale\" content=\"fr_FR\" \/>\n<meta property=\"og:type\" content=\"article\" \/>\n<meta property=\"og:title\" content=\"Le bouquetin - Comit\u00e9 Ecologique Ari\u00e8geois\" \/>\n<meta property=\"og:description\" content=\"Le bouquetin fait partie du patrimoine naturel des Pyr\u00e9n\u00e9es.\u00a0 Sa population s&rsquo;est \u00e9teinte au XIX\u00e8me si\u00e8cle \u00e0 cause de la pratique de la chasse et d&rsquo;un braconnage intensif..\u00a0 C&rsquo;est pourquoi, un projet de r\u00e9introduction en 2014 a \u00e9t\u00e9 men\u00e9 dans les Pyr\u00e9n\u00e9es ari\u00e9geoises (105 bouquetins r\u00e9introduits). Aujourd&rsquo;hui, on peut consid\u00e9rer que ce projet a \u00e9t\u00e9&hellip;&nbsp;Lire la suite &raquo;Le bouquetin\" \/>\n<meta property=\"og:url\" content=\"https:\/\/comite-ecologique-ariegeois.org\/?p=3762\" \/>\n<meta property=\"og:site_name\" content=\"Comit\u00e9 Ecologique Ari\u00e8geois\" \/>\n<meta property=\"article:publisher\" content=\"https:\/\/www.facebook.com\/comite.ariegeois\/\" \/>\n<meta property=\"article:published_time\" content=\"2024-11-04T18:39:54+00:00\" \/>\n<meta property=\"article:modified_time\" content=\"2025-09-07T18:48:05+00:00\" \/>\n<meta property=\"og:image\" content=\"https:\/\/comite-ecologique-ariegeois.org\/wp-content\/uploads\/2025\/04\/Mont-beat10.jpg\" \/>\n\t<meta property=\"og:image:width\" content=\"1000\" \/>\n\t<meta property=\"og:image:height\" content=\"667\" \/>\n\t<meta property=\"og:image:type\" content=\"image\/jpeg\" \/>\n<meta name=\"author\" content=\"Natacha Delpoux\" \/>\n<meta name=\"twitter:card\" content=\"summary_large_image\" \/>\n<meta name=\"twitter:label1\" content=\"\u00c9crit par\" \/>\n\t<meta name=\"twitter:data1\" content=\"Natacha Delpoux\" \/>\n\t<meta name=\"twitter:label2\" content=\"Dur\u00e9e de lecture estim\u00e9e\" \/>\n\t<meta name=\"twitter:data2\" content=\"1 minute\" \/>\n<script type=\"application\/ld+json\" class=\"yoast-schema-graph\">{\"@context\":\"https:\/\/schema.org\",\"@graph\":[{\"@type\":\"Article\",\"@id\":\"https:\/\/comite-ecologique-ariegeois.org\/?p=3762#article\",\"isPartOf\":{\"@id\":\"https:\/\/comite-ecologique-ariegeois.org\/?p=3762\"},\"author\":{\"name\":\"Natacha Delpoux\",\"@id\":\"https:\/\/comite-ecologique-ariegeois.org\/#\/schema\/person\/1667fc345af6b3fd33655b1dc971a647\"},\"headline\":\"Le bouquetin\",\"datePublished\":\"2024-11-04T18:39:54+00:00\",\"dateModified\":\"2025-09-07T18:48:05+00:00\",\"mainEntityOfPage\":{\"@id\":\"https:\/\/comite-ecologique-ariegeois.org\/?p=3762\"},\"wordCount\":112,\"commentCount\":0,\"publisher\":{\"@id\":\"https:\/\/comite-ecologique-ariegeois.org\/#organization\"},\"image\":{\"@id\":\"https:\/\/comite-ecologique-ariegeois.org\/?p=3762#primaryimage\"},\"thumbnailUrl\":\"https:\/\/comite-ecologique-ariegeois.org\/wp-content\/uploads\/2025\/04\/Mont-beat10.jpg\",\"inLanguage\":\"fr-FR\",\"potentialAction\":[{\"@type\":\"CommentAction\",\"name\":\"Comment\",\"target\":[\"https:\/\/comite-ecologique-ariegeois.org\/?p=3762#respond\"]}]},{\"@type\":\"WebPage\",\"@id\":\"https:\/\/comite-ecologique-ariegeois.org\/?p=3762\",\"url\":\"https:\/\/comite-ecologique-ariegeois.org\/?p=3762\",\"name\":\"Le bouquetin - Comit\u00e9 Ecologique Ari\u00e8geois\",\"isPartOf\":{\"@id\":\"https:\/\/comite-ecologique-ariegeois.org\/#website\"},\"primaryImageOfPage\":{\"@id\":\"https:\/\/comite-ecologique-ariegeois.org\/?p=3762#primaryimage\"},\"image\":{\"@id\":\"https:\/\/comite-ecologique-ariegeois.org\/?p=3762#primaryimage\"},\"thumbnailUrl\":\"https:\/\/comite-ecologique-ariegeois.org\/wp-content\/uploads\/2025\/04\/Mont-beat10.jpg\",\"datePublished\":\"2024-11-04T18:39:54+00:00\",\"dateModified\":\"2025-09-07T18:48:05+00:00\",\"breadcrumb\":{\"@id\":\"https:\/\/comite-ecologique-ariegeois.org\/?p=3762#breadcrumb\"},\"inLanguage\":\"fr-FR\",\"potentialAction\":[{\"@type\":\"ReadAction\",\"target\":[\"https:\/\/comite-ecologique-ariegeois.org\/?p=3762\"]}]},{\"@type\":\"ImageObject\",\"inLanguage\":\"fr-FR\",\"@id\":\"https:\/\/comite-ecologique-ariegeois.org\/?p=3762#primaryimage\",\"url\":\"https:\/\/comite-ecologique-ariegeois.org\/wp-content\/uploads\/2025\/04\/Mont-beat10.jpg\",\"contentUrl\":\"https:\/\/comite-ecologique-ariegeois.org\/wp-content\/uploads\/2025\/04\/Mont-beat10.jpg\",\"width\":1000,\"height\":667},{\"@type\":\"BreadcrumbList\",\"@id\":\"https:\/\/comite-ecologique-ariegeois.org\/?p=3762#breadcrumb\",\"itemListElement\":[{\"@type\":\"ListItem\",\"position\":1,\"name\":\"Accueil\",\"item\":\"https:\/\/comite-ecologique-ariegeois.org\/\"},{\"@type\":\"ListItem\",\"position\":2,\"name\":\"Le bouquetin\"}]},{\"@type\":\"WebSite\",\"@id\":\"https:\/\/comite-ecologique-ariegeois.org\/#website\",\"url\":\"https:\/\/comite-ecologique-ariegeois.org\/\",\"name\":\"Comit\u00e9 Ecologique Ari\u00e8geois\",\"description\":\"Assotiation de protection de la nature\",\"publisher\":{\"@id\":\"https:\/\/comite-ecologique-ariegeois.org\/#organization\"},\"potentialAction\":[{\"@type\":\"SearchAction\",\"target\":{\"@type\":\"EntryPoint\",\"urlTemplate\":\"https:\/\/comite-ecologique-ariegeois.org\/?s={search_term_string}\"},\"query-input\":{\"@type\":\"PropertyValueSpecification\",\"valueRequired\":true,\"valueName\":\"search_term_string\"}}],\"inLanguage\":\"fr-FR\"},{\"@type\":\"Organization\",\"@id\":\"https:\/\/comite-ecologique-ariegeois.org\/#organization\",\"name\":\"Comit\u00e9 Ecologique Ari\u00e8geois\",\"url\":\"https:\/\/comite-ecologique-ariegeois.org\/\",\"logo\":{\"@type\":\"ImageObject\",\"inLanguage\":\"fr-FR\",\"@id\":\"https:\/\/comite-ecologique-ariegeois.org\/#\/schema\/logo\/image\/\",\"url\":\"https:\/\/comite-ecologique-ariegeois.org\/wp-content\/uploads\/2025\/01\/logo_nouveau_cea_jpeg_250pix_02_03_24-a8816.jpg\",\"contentUrl\":\"https:\/\/comite-ecologique-ariegeois.org\/wp-content\/uploads\/2025\/01\/logo_nouveau_cea_jpeg_250pix_02_03_24-a8816.jpg\",\"width\":250,\"height\":250,\"caption\":\"Comit\u00e9 Ecologique Ari\u00e8geois\"},\"image\":{\"@id\":\"https:\/\/comite-ecologique-ariegeois.org\/#\/schema\/logo\/image\/\"},\"sameAs\":[\"https:\/\/www.facebook.com\/comite.ariegeois\/\",\"https:\/\/www.instagram.com\/comite.ecologique.ariegeois\/\"]},{\"@type\":\"Person\",\"@id\":\"https:\/\/comite-ecologique-ariegeois.org\/#\/schema\/person\/1667fc345af6b3fd33655b1dc971a647\",\"name\":\"Natacha Delpoux\",\"image\":{\"@type\":\"ImageObject\",\"inLanguage\":\"fr-FR\",\"@id\":\"https:\/\/comite-ecologique-ariegeois.org\/#\/schema\/person\/image\/\",\"url\":\"https:\/\/secure.gravatar.com\/avatar\/d13bc25aaeccd241b4c1c6f581386117c1cc9b78e4c07defe9140ff63754f418?s=96&d=mm&r=g\",\"contentUrl\":\"https:\/\/secure.gravatar.com\/avatar\/d13bc25aaeccd241b4c1c6f581386117c1cc9b78e4c07defe9140ff63754f418?s=96&d=mm&r=g\",\"caption\":\"Natacha Delpoux\"},\"url\":\"https:\/\/comite-ecologique-ariegeois.org\/?author=7\"}]}<\/script>\n<!-- \/ Yoast SEO plugin. -->","yoast_head_json":{"title":"Le bouquetin - Comit\u00e9 Ecologique Ari\u00e8geois","robots":{"index":"index","follow":"follow","max-snippet":"max-snippet:-1","max-image-preview":"max-image-preview:large","max-video-preview":"max-video-preview:-1"},"canonical":"https:\/\/comite-ecologique-ariegeois.org\/?p=3762","og_locale":"fr_FR","og_type":"article","og_title":"Le bouquetin - Comit\u00e9 Ecologique Ari\u00e8geois","og_description":"Le bouquetin fait partie du patrimoine naturel des Pyr\u00e9n\u00e9es.\u00a0 Sa population s&rsquo;est \u00e9teinte au XIX\u00e8me si\u00e8cle \u00e0 cause de la pratique de la chasse et d&rsquo;un braconnage intensif..\u00a0 C&rsquo;est pourquoi, un projet de r\u00e9introduction en 2014 a \u00e9t\u00e9 men\u00e9 dans les Pyr\u00e9n\u00e9es ari\u00e9geoises (105 bouquetins r\u00e9introduits). Aujourd&rsquo;hui, on peut consid\u00e9rer que ce projet a \u00e9t\u00e9&hellip;&nbsp;Lire la suite &raquo;Le bouquetin","og_url":"https:\/\/comite-ecologique-ariegeois.org\/?p=3762","og_site_name":"Comit\u00e9 Ecologique Ari\u00e8geois","article_publisher":"https:\/\/www.facebook.com\/comite.ariegeois\/","article_published_time":"2024-11-04T18:39:54+00:00","article_modified_time":"2025-09-07T18:48:05+00:00","og_image":[{"width":1000,"height":667,"url":"https:\/\/comite-ecologique-ariegeois.org\/wp-content\/uploads\/2025\/04\/Mont-beat10.jpg","type":"image\/jpeg"}],"author":"Natacha Delpoux","twitter_card":"summary_large_image","twitter_misc":{"\u00c9crit par":"Natacha Delpoux","Dur\u00e9e de lecture estim\u00e9e":"1 minute"},"schema":{"@context":"https:\/\/schema.org","@graph":[{"@type":"Article","@id":"https:\/\/comite-ecologique-ariegeois.org\/?p=3762#article","isPartOf":{"@id":"https:\/\/comite-ecologique-ariegeois.org\/?p=3762"},"author":{"name":"Natacha Delpoux","@id":"https:\/\/comite-ecologique-ariegeois.org\/#\/schema\/person\/1667fc345af6b3fd33655b1dc971a647"},"headline":"Le bouquetin","datePublished":"2024-11-04T18:39:54+00:00","dateModified":"2025-09-07T18:48:05+00:00","mainEntityOfPage":{"@id":"https:\/\/comite-ecologique-ariegeois.org\/?p=3762"},"wordCount":112,"commentCount":0,"publisher":{"@id":"https:\/\/comite-ecologique-ariegeois.org\/#organization"},"image":{"@id":"https:\/\/comite-ecologique-ariegeois.org\/?p=3762#primaryimage"},"thumbnailUrl":"https:\/\/comite-ecologique-ariegeois.org\/wp-content\/uploads\/2025\/04\/Mont-beat10.jpg","inLanguage":"fr-FR","potentialAction":[{"@type":"CommentAction","name":"Comment","target":["https:\/\/comite-ecologique-ariegeois.org\/?p=3762#respond"]}]},{"@type":"WebPage","@id":"https:\/\/comite-ecologique-ariegeois.org\/?p=3762","url":"https:\/\/comite-ecologique-ariegeois.org\/?p=3762","name":"Le bouquetin - Comit\u00e9 Ecologique Ari\u00e8geois","isPartOf":{"@id":"https:\/\/comite-ecologique-ariegeois.org\/#website"},"primaryImageOfPage":{"@id":"https:\/\/comite-ecologique-ariegeois.org\/?p=3762#primaryimage"},"image":{"@id":"https:\/\/comite-ecologique-ariegeois.org\/?p=3762#primaryimage"},"thumbnailUrl":"https:\/\/comite-ecologique-ariegeois.org\/wp-content\/uploads\/2025\/04\/Mont-beat10.jpg","datePublished":"2024-11-04T18:39:54+00:00","dateModified":"2025-09-07T18:48:05+00:00","breadcrumb":{"@id":"https:\/\/comite-ecologique-ariegeois.org\/?p=3762#breadcrumb"},"inLanguage":"fr-FR","potentialAction":[{"@type":"ReadAction","target":["https:\/\/comite-ecologique-ariegeois.org\/?p=3762"]}]},{"@type":"ImageObject","inLanguage":"fr-FR","@id":"https:\/\/comite-ecologique-ariegeois.org\/?p=3762#primaryimage","url":"https:\/\/comite-ecologique-ariegeois.org\/wp-content\/uploads\/2025\/04\/Mont-beat10.jpg","contentUrl":"https:\/\/comite-ecologique-ariegeois.org\/wp-content\/uploads\/2025\/04\/Mont-beat10.jpg","width":1000,"height":667},{"@type":"BreadcrumbList","@id":"https:\/\/comite-ecologique-ariegeois.org\/?p=3762#breadcrumb","itemListElement":[{"@type":"ListItem","position":1,"name":"Accueil","item":"https:\/\/comite-ecologique-ariegeois.org\/"},{"@type":"ListItem","position":2,"name":"Le bouquetin"}]},{"@type":"WebSite","@id":"https:\/\/comite-ecologique-ariegeois.org\/#website","url":"https:\/\/comite-ecologique-ariegeois.org\/","name":"Comit\u00e9 Ecologique Ari\u00e8geois","description":"Assotiation de protection de la nature","publisher":{"@id":"https:\/\/comite-ecologique-ariegeois.org\/#organization"},"potentialAction":[{"@type":"SearchAction","target":{"@type":"EntryPoint","urlTemplate":"https:\/\/comite-ecologique-ariegeois.org\/?s={search_term_string}"},"query-input":{"@type":"PropertyValueSpecification","valueRequired":true,"valueName":"search_term_string"}}],"inLanguage":"fr-FR"},{"@type":"Organization","@id":"https:\/\/comite-ecologique-ariegeois.org\/#organization","name":"Comit\u00e9 Ecologique Ari\u00e8geois","url":"https:\/\/comite-ecologique-ariegeois.org\/","logo":{"@type":"ImageObject","inLanguage":"fr-FR","@id":"https:\/\/comite-ecologique-ariegeois.org\/#\/schema\/logo\/image\/","url":"https:\/\/comite-ecologique-ariegeois.org\/wp-content\/uploads\/2025\/01\/logo_nouveau_cea_jpeg_250pix_02_03_24-a8816.jpg","contentUrl":"https:\/\/comite-ecologique-ariegeois.org\/wp-content\/uploads\/2025\/01\/logo_nouveau_cea_jpeg_250pix_02_03_24-a8816.jpg","width":250,"height":250,"caption":"Comit\u00e9 Ecologique Ari\u00e8geois"},"image":{"@id":"https:\/\/comite-ecologique-ariegeois.org\/#\/schema\/logo\/image\/"},"sameAs":["https:\/\/www.facebook.com\/comite.ariegeois\/","https:\/\/www.instagram.com\/comite.ecologique.ariegeois\/"]},{"@type":"Person","@id":"https:\/\/comite-ecologique-ariegeois.org\/#\/schema\/person\/1667fc345af6b3fd33655b1dc971a647","name":"Natacha Delpoux","image":{"@type":"ImageObject","inLanguage":"fr-FR","@id":"https:\/\/comite-ecologique-ariegeois.org\/#\/schema\/person\/image\/","url":"https:\/\/secure.gravatar.com\/avatar\/d13bc25aaeccd241b4c1c6f581386117c1cc9b78e4c07defe9140ff63754f418?s=96&d=mm&r=g","contentUrl":"https:\/\/secure.gravatar.com\/avatar\/d13bc25aaeccd241b4c1c6f581386117c1cc9b78e4c07defe9140ff63754f418?s=96&d=mm&r=g","caption":"Natacha Delpoux"},"url":"https:\/\/comite-ecologique-ariegeois.org\/?author=7"}]}},"_links":{"self":[{"href":"https:\/\/comite-ecologique-ariegeois.org\/index.php?rest_route=\/wp\/v2\/posts\/3762","targetHints":{"allow":["GET"]}}],"collection":[{"href":"https:\/\/comite-ecologique-ariegeois.org\/index.php?rest_route=\/wp\/v2\/posts"}],"about":[{"href":"https:\/\/comite-ecologique-ariegeois.org\/index.php?rest_route=\/wp\/v2\/types\/post"}],"author":[{"embeddable":true,"href":"https:\/\/comite-ecologique-ariegeois.org\/index.php?rest_route=\/wp\/v2\/users\/7"}],"replies":[{"embeddable":true,"href":"https:\/\/comite-ecologique-ariegeois.org\/index.php?rest_route=%2Fwp%2Fv2%2Fcomments&post=3762"}],"version-history":[{"count":16,"href":"https:\/\/comite-ecologique-ariegeois.org\/index.php?rest_route=\/wp\/v2\/posts\/3762\/revisions"}],"predecessor-version":[{"id":10442,"href":"https:\/\/comite-ecologique-ariegeois.org\/index.php?rest_route=\/wp\/v2\/posts\/3762\/revisions\/10442"}],"wp:featuredmedia":[{"embeddable":true,"href":"https:\/\/comite-ecologique-ariegeois.org\/index.php?rest_route=\/wp\/v2\/media\/9301"}],"wp:attachment":[{"href":"https:\/\/comite-ecologique-ariegeois.org\/index.php?rest_route=%2Fwp%2Fv2%2Fmedia&parent=3762"}],"wp:term":[{"taxonomy":"category","embeddable":true,"href":"https:\/\/comite-ecologique-ariegeois.org\/index.php?rest_route=%2Fwp%2Fv2%2Fcategories&post=3762"},{"taxonomy":"post_tag","embeddable":true,"href":"https:\/\/comite-ecologique-ariegeois.org\/index.php?rest_route=%2Fwp%2Fv2%2Ftags&post=3762"}],"curies":[{"name":"wp","href":"https:\/\/api.w.org\/{rel}","templated":true}]}}