{"id":3760,"date":"2024-11-04T19:38:48","date_gmt":"2024-11-04T18:38:48","guid":{"rendered":"https:\/\/comite-ecologique-ariegeois.org\/?p=3760"},"modified":"2026-01-18T15:51:52","modified_gmt":"2026-01-18T14:51:52","slug":"les-grands-rapaces-gypaete-milan-noir-aigle-royal-vautours","status":"publish","type":"post","link":"https:\/\/comite-ecologique-ariegeois.org\/?p=3760","title":{"rendered":"Les grands rapaces pr\u00e9sents en Ari\u00e8ge"},"content":{"rendered":"\t\t<div data-elementor-type=\"wp-post\" data-elementor-id=\"3760\" class=\"elementor elementor-3760\">\n\t\t\t\t<div class=\"elementor-element elementor-element-2f3cc31 e-flex e-con-boxed e-con e-parent\" data-id=\"2f3cc31\" data-element_type=\"container\">\n\t\t\t\t\t<div class=\"e-con-inner\">\n\t\t\t\t<div class=\"elementor-element elementor-element-c366163 elementor-absolute elementor-widget elementor-widget-button\" data-id=\"c366163\" data-element_type=\"widget\" data-settings=\"{&quot;_position&quot;:&quot;absolute&quot;}\" data-widget_type=\"button.default\">\n\t\t\t\t<div class=\"elementor-widget-container\">\n\t\t\t\t\t\t\t\t\t<div class=\"elementor-button-wrapper\">\n\t\t\t\t\t<a class=\"elementor-button elementor-button-link elementor-size-sm elementor-animation-grow\" href=\"https:\/\/comite-ecologique-ariegeois.org\/archiveSPIP2024\/actions\/faune-flore-foret-chasse\/especes-animales\/vautours-gypaetes-aigles\/index.html\">\n\t\t\t\t\t\t<span class=\"elementor-button-content-wrapper\">\n\t\t\t\t\t\t\t\t\t<span class=\"elementor-button-text\">Articles 2014-2023 : \"Vautours-Gypaetes-Aigles\" <\/span>\n\t\t\t\t\t<\/span>\n\t\t\t\t\t<\/a>\n\t\t\t\t<\/div>\n\t\t\t\t\t\t\t\t<\/div>\n\t\t\t\t<\/div>\n\t\t\t\t<div class=\"elementor-element elementor-element-6f61574f elementor-widget elementor-widget-text-editor\" data-id=\"6f61574f\" data-element_type=\"widget\" data-widget_type=\"text-editor.default\">\n\t\t\t\t<div class=\"elementor-widget-container\">\n\t\t\t\t\t\t\t\t\t<p>\u00a0<\/p>\n<pre><strong>L'Ari\u00e8ge est chanceuse d'avoir une grande diversit\u00e9 de rapaces dans ses montagnes:<\/strong><\/pre>\n<p><!-- \/wp:paragraph --><\/p>\n<p><!-- wp:paragraph --><\/p>\n<p><strong>Les grands rapaces de montagne<\/strong> : vautours fauves, percnopt\u00e8res, gypa\u00e8tes<br \/>barbus, aigles royaux, hiboux grands-ducs, circa\u00e8tes, faucons p\u00e9lerin.<br \/>et en montagne, en for\u00eats de r\u00e9sineux, petits rapaces nocturnes: chouettes<br \/>de Tengmalm.<\/p>\n<p><!-- \/wp:paragraph --><\/p>\n<p><!-- wp:paragraph --><\/p>\n<p><strong>Les rapaces de plaine et pi\u00e9mont<\/strong> : aigles bott\u00e9s, milans royaux, milans noirs,<br \/>autours des palombes, faucons cr\u00e9cerelles, faucons hobereaux, \u00e9perviers.<\/p>\n<p><!-- \/wp:paragraph --><\/p>\n<p><!-- wp:paragraph --><\/p>\n<p><strong>Les rapaces nocturnes<\/strong> : hiboux grands-ducs (pi\u00e9mont), hiboux moyens-ducs, chouettes hulottes, chouettes effraies,\u00a0chev\u00eaches d&rsquo;Ath\u00e9na, chev\u00eachettes.<\/p>\n<p><!-- \/wp:paragraph --><\/p>\n<p><!-- wp:paragraph --><\/p>\n<p><strong>Cette diversit\u00e9 t\u00e9moigne d&rsquo;une bonne sant\u00e9 du milieu, et rend de nombreux services environnementaux.<\/strong><\/p>\n<p><!-- \/wp:paragraph --><\/p>\n<p><!-- wp:paragraph --><\/p>\n<p>Malheureusement, de nombreuses esp\u00e8ces de rapaces font l&rsquo;objet d&rsquo;actes de braconnage. Le CEA condamne cela et se constitue partie civile en cas de proc\u00e8s. Il est aussi tr\u00e8s pr\u00e9sent pour contester, devant le tribunal administratif, diff\u00e9rents arr\u00eat\u00e9s pr\u00e9fectoraux n\u00e9fastes pour la conservation de ces esp\u00e8ces de rapaces.<\/p>\n<p><strong>Le CEA s&rsquo;est fermement engag\u00e9 pour la protection des vautours fauves<\/strong>, notamment en contestant l&rsquo;arr\u00eat\u00e9 pr\u00e9fectoral en 2014 de la Pr\u00e9f\u00e8te de l&rsquo;Ari\u00e8ge, autorisant les tirs d&rsquo;effarouchement sur ces rapaces. Comme tous les autres rapaces, le Vautour fauve est une esp\u00e8ce prot\u00e9g\u00e9e par la loi fran\u00e7aise. Ses populations sont en France circonscrites au massif montagneux des Pyr\u00e9n\u00e9es, des grands causses et du sud des Alpes. Les vautours ont un r\u00f4le \u00e9cologique important. Ils \u00e9liminent les animaux morts des troupeaux pr\u00e9sents en montagne. \u00ab\u00a0Culs de sac \u00e9pid\u00e9miologiques\u00a0\u00bb, les vautours sont des \u00e9quarisseurs naturels s\u00fbrs et gratuits pour le monde pastoral. C&rsquo;est pour cela que dans plusieurs dizaines de sites en France ( Aveyron, Loz\u00e8re, Gard, Dr\u00f4me, Aude, Pyr\u00e9n\u00e9es Atlantiques&#8230;) des placettes d&rsquo;\u00e9quarrissage naturel sont g\u00e9r\u00e9es par des \u00e9leveurs. Apr\u00e8s une mise en d\u00e9lib\u00e9r\u00e9 de 3 semaines, les juges ont confirm\u00e9 et valid\u00e9 cette analyse. Ils ont estim\u00e9 qu&rsquo;il n&rsquo;y avait pas de perturbation importante induite par les Vautours fauves sur les activit\u00e9s agropastorales de l&rsquo;Ari\u00e8ge. En effet, le motif de d\u00e9rogation retenu par le Pr\u00e9fet (n\u00e9cessit\u00e9 de pr\u00e9venir des dommages importants \u00e0 l&rsquo;\u00e9levage) a \u00e9t\u00e9 jug\u00e9 irrecevable puisqu&rsquo;aucun dommage cons\u00e9quent ne peut \u00eatre imputable aux Vautours Fauves en Ari\u00e8ge.<\/p>\n<p><strong>Pour en finir avec les fausses informations sur les vautours fauves accus\u00e9s \u00e0 tort d&rsquo;attaques sur du b\u00e9tail vivant, <a href=\"https:\/\/merlin.fne.asso.fr\/civicrm\/mailing\/url?u=33938&amp;qid=9780561\">cet article<\/a> tr\u00e8s complet de France Nature Environnement du 15\/06\/2022 : \u00a0<em>\u00ab\u00a0Vautours : trois id\u00e9es re\u00e7ues sur cet oiseau m\u00e9connu.\u00a0\u00bb<\/em><\/strong><\/p>\n<p><strong>Le Gypa\u00e8te \u00e9galement b\u00e9n\u00e9ficie du soutien du CEA :\u00a0<\/strong>le 19 octobre 2018, la mairie de Couflens, le CEA et la LPO ont obtenu du juge administratif la suspension de l&rsquo;ex\u00e9cution de l&rsquo;arr\u00eat\u00e9 pr\u00e9fectoral autorisant une intense campagne de recherches par h\u00e9licopt\u00e8re, soit une s\u00e9rie de survols 5 \u00e0 6h par jours en lignes espac\u00e9es de 40m et \u00e0 tr\u00e8s basse altitude sur le secteur class\u00e9 Zone de protection sp\u00e9ciale &#8211; site Natura 2000 Massif du Mont Vallier. Ce succ\u00e8s juridique a stopp\u00e9 de justesse une s\u00e9rie de perturbations (sonores et visuelles) d&rsquo;une violence sans pr\u00e9c\u00e9dent pour l&rsquo;avifaune montagnarde exceptionnelle \u00e0 qui est d\u00fb le classement. En effet, le 19 octobre, jour de l&rsquo;audience au Tribunal, l&rsquo;h\u00e9licopt\u00e8re d\u00e9collait depuis Oust et survolait les cr\u00eates de Salau. La pr\u00e9servation des grands oiseaux et en particulier du Gypa\u00e8te en situation critique sur ce territoire, est un v\u00e9ritable enjeu.<\/p>\n<p><strong><span style=\"color: var( --e-global-color-text ); text-align: var(--text-align); background-color: var(--nv-site-bg); font-size: var(--bodyfontsize); letter-spacing: var(--bodyletterspacing); text-transform: var(--bodytexttransform);\">Le CEA organise aussi des randonn\u00e9es avec accompagnateurs, pour offrir \u00e0 ses adh\u00e9rents la possibilit\u00e9 d&rsquo;observer cette belle diversit\u00e9 de rapaces ! <a href=\"https:\/\/comite-ecologique-ariegeois.org\/?page_id=336\">Voir \u00e0 Sorties Nature<\/a><\/span><\/strong><\/p>\n<p><!-- \/wp:paragraph --><\/p>\t\t\t\t\t\t\t\t<\/div>\n\t\t\t\t<\/div>\n\t\t\t\t\t<\/div>\n\t\t\t\t<\/div>\n\t\t<div class=\"elementor-element elementor-element-2c90fc2 e-flex e-con-boxed e-con e-parent\" data-id=\"2c90fc2\" data-element_type=\"container\">\n\t\t\t\t\t<div class=\"e-con-inner\">\n\t\t\t\t<div class=\"elementor-element elementor-element-7e06502 elementor-absolute elementor-widget elementor-widget-button\" data-id=\"7e06502\" data-element_type=\"widget\" data-settings=\"{&quot;_position&quot;:&quot;absolute&quot;}\" data-widget_type=\"button.default\">\n\t\t\t\t<div class=\"elementor-widget-container\">\n\t\t\t\t\t\t\t\t\t<div class=\"elementor-button-wrapper\">\n\t\t\t\t\t<a class=\"elementor-button elementor-button-link elementor-size-sm elementor-animation-grow\" href=\"https:\/\/soundcloud.com\/radiotransparence937\/alternatives-ecologiques-oiseaux-dariege?utm_source=comite-ecologique-ariegeois.org&#038;utm_campaign=wtshare&#038;utm_medium=widget&#038;utm_content=https%253A%252F%252Fsoundcloud.com%252Fradiotransparence937%252Falternatives-ecologiques-oiseaux-dariege\">\n\t\t\t\t\t\t<span class=\"elementor-button-content-wrapper\">\n\t\t\t\t\t\t\t\t\t<span class=\"elementor-button-text\">Emision radio CEA, 7 10 2024 : \"Les Oiseaux d'Ari\u00e8ge\"<\/span>\n\t\t\t\t\t<\/span>\n\t\t\t\t\t<\/a>\n\t\t\t\t<\/div>\n\t\t\t\t\t\t\t\t<\/div>\n\t\t\t\t<\/div>\n\t\t\t\t\t<\/div>\n\t\t\t\t<\/div>\n\t\t\t\t<\/div>\n\t\t","protected":false},"excerpt":{"rendered":"<p>Articles 2014-2023 : \u00ab\u00a0Vautours-Gypaetes-Aigles\u00a0\u00bb \u00a0 L&rsquo;Ari\u00e8ge est chanceuse d&rsquo;avoir une grande diversit\u00e9 de rapaces dans ses montagnes: Les grands rapaces de montagne : vautours fauves, percnopt\u00e8res, gypa\u00e8tesbarbus, aigles royaux, hiboux grands-ducs, circa\u00e8tes, faucons p\u00e9lerin.et en montagne, en for\u00eats de r\u00e9sineux, petits rapaces nocturnes: chouettesde Tengmalm. Les rapaces de plaine et pi\u00e9mont : aigles bott\u00e9s, milans&hellip;&nbsp;<a href=\"https:\/\/comite-ecologique-ariegeois.org\/?p=3760\" rel=\"bookmark\">Lire la suite &raquo;<span class=\"screen-reader-text\">Les grands rapaces pr\u00e9sents en Ari\u00e8ge<\/span><\/a><\/p>\n","protected":false},"author":3,"featured_media":9293,"comment_status":"open","ping_status":"open","sticky":false,"template":"","format":"standard","meta":{"neve_meta_sidebar":"","neve_meta_container":"","neve_meta_enable_content_width":"","neve_meta_content_width":0,"neve_meta_title_alignment":"","neve_meta_author_avatar":"","neve_post_elements_order":"","neve_meta_disable_header":"","neve_meta_disable_footer":"","neve_meta_disable_title":"","footnotes":""},"categories":[1],"tags":[],"class_list":["post-3760","post","type-post","status-publish","format-standard","has-post-thumbnail","hentry","category-non-classe"],"yoast_head":"<!-- This site is optimized with the Yoast SEO plugin v26.4 - https:\/\/yoast.com\/wordpress\/plugins\/seo\/ -->\n<title>Les grands rapaces pr\u00e9sents en Ari\u00e8ge - Comit\u00e9 Ecologique Ari\u00e8geois<\/title>\n<meta name=\"robots\" content=\"index, follow, max-snippet:-1, max-image-preview:large, max-video-preview:-1\" \/>\n<link rel=\"canonical\" href=\"https:\/\/comite-ecologique-ariegeois.org\/?p=3760\" \/>\n<meta property=\"og:locale\" content=\"fr_FR\" \/>\n<meta property=\"og:type\" content=\"article\" \/>\n<meta property=\"og:title\" content=\"Les grands rapaces pr\u00e9sents en Ari\u00e8ge - Comit\u00e9 Ecologique Ari\u00e8geois\" \/>\n<meta property=\"og:description\" content=\"Articles 2014-2023 : \u00ab\u00a0Vautours-Gypaetes-Aigles\u00a0\u00bb \u00a0 L&#039;Ari\u00e8ge est chanceuse d&#039;avoir une grande diversit\u00e9 de rapaces dans ses montagnes: Les grands rapaces de montagne : vautours fauves, percnopt\u00e8res, gypa\u00e8tesbarbus, aigles royaux, hiboux grands-ducs, circa\u00e8tes, faucons p\u00e9lerin.et en montagne, en for\u00eats de r\u00e9sineux, petits rapaces nocturnes: chouettesde Tengmalm. Les rapaces de plaine et pi\u00e9mont : aigles bott\u00e9s, milans&hellip;&nbsp;Lire la suite &raquo;Les grands rapaces pr\u00e9sents en Ari\u00e8ge\" \/>\n<meta property=\"og:url\" content=\"https:\/\/comite-ecologique-ariegeois.org\/?p=3760\" \/>\n<meta property=\"og:site_name\" content=\"Comit\u00e9 Ecologique Ari\u00e8geois\" \/>\n<meta property=\"article:publisher\" content=\"https:\/\/www.facebook.com\/comite.ariegeois\/\" \/>\n<meta property=\"article:published_time\" content=\"2024-11-04T18:38:48+00:00\" \/>\n<meta property=\"article:modified_time\" content=\"2026-01-18T14:51:52+00:00\" \/>\n<meta property=\"og:image\" content=\"https:\/\/comite-ecologique-ariegeois.org\/wp-content\/uploads\/2025\/04\/col-de-pause6.jpg\" \/>\n\t<meta property=\"og:image:width\" content=\"1000\" \/>\n\t<meta property=\"og:image:height\" content=\"667\" \/>\n\t<meta property=\"og:image:type\" content=\"image\/jpeg\" \/>\n<meta name=\"author\" content=\"Marcel Ricordeau\" \/>\n<meta name=\"twitter:card\" content=\"summary_large_image\" \/>\n<meta name=\"twitter:label1\" content=\"\u00c9crit par\" \/>\n\t<meta name=\"twitter:data1\" content=\"Marcel Ricordeau\" \/>\n\t<meta name=\"twitter:label2\" content=\"Dur\u00e9e de lecture estim\u00e9e\" \/>\n\t<meta name=\"twitter:data2\" content=\"3 minutes\" \/>\n<script type=\"application\/ld+json\" class=\"yoast-schema-graph\">{\"@context\":\"https:\/\/schema.org\",\"@graph\":[{\"@type\":\"Article\",\"@id\":\"https:\/\/comite-ecologique-ariegeois.org\/?p=3760#article\",\"isPartOf\":{\"@id\":\"https:\/\/comite-ecologique-ariegeois.org\/?p=3760\"},\"author\":{\"name\":\"Marcel Ricordeau\",\"@id\":\"https:\/\/comite-ecologique-ariegeois.org\/#\/schema\/person\/505f799679c3c172520d33603f3e6227\"},\"headline\":\"Les grands rapaces pr\u00e9sents en Ari\u00e8ge\",\"datePublished\":\"2024-11-04T18:38:48+00:00\",\"dateModified\":\"2026-01-18T14:51:52+00:00\",\"mainEntityOfPage\":{\"@id\":\"https:\/\/comite-ecologique-ariegeois.org\/?p=3760\"},\"wordCount\":642,\"commentCount\":0,\"publisher\":{\"@id\":\"https:\/\/comite-ecologique-ariegeois.org\/#organization\"},\"image\":{\"@id\":\"https:\/\/comite-ecologique-ariegeois.org\/?p=3760#primaryimage\"},\"thumbnailUrl\":\"https:\/\/comite-ecologique-ariegeois.org\/wp-content\/uploads\/2025\/04\/col-de-pause6.jpg\",\"inLanguage\":\"fr-FR\",\"potentialAction\":[{\"@type\":\"CommentAction\",\"name\":\"Comment\",\"target\":[\"https:\/\/comite-ecologique-ariegeois.org\/?p=3760#respond\"]}]},{\"@type\":\"WebPage\",\"@id\":\"https:\/\/comite-ecologique-ariegeois.org\/?p=3760\",\"url\":\"https:\/\/comite-ecologique-ariegeois.org\/?p=3760\",\"name\":\"Les grands rapaces pr\u00e9sents en Ari\u00e8ge - Comit\u00e9 Ecologique Ari\u00e8geois\",\"isPartOf\":{\"@id\":\"https:\/\/comite-ecologique-ariegeois.org\/#website\"},\"primaryImageOfPage\":{\"@id\":\"https:\/\/comite-ecologique-ariegeois.org\/?p=3760#primaryimage\"},\"image\":{\"@id\":\"https:\/\/comite-ecologique-ariegeois.org\/?p=3760#primaryimage\"},\"thumbnailUrl\":\"https:\/\/comite-ecologique-ariegeois.org\/wp-content\/uploads\/2025\/04\/col-de-pause6.jpg\",\"datePublished\":\"2024-11-04T18:38:48+00:00\",\"dateModified\":\"2026-01-18T14:51:52+00:00\",\"breadcrumb\":{\"@id\":\"https:\/\/comite-ecologique-ariegeois.org\/?p=3760#breadcrumb\"},\"inLanguage\":\"fr-FR\",\"potentialAction\":[{\"@type\":\"ReadAction\",\"target\":[\"https:\/\/comite-ecologique-ariegeois.org\/?p=3760\"]}]},{\"@type\":\"ImageObject\",\"inLanguage\":\"fr-FR\",\"@id\":\"https:\/\/comite-ecologique-ariegeois.org\/?p=3760#primaryimage\",\"url\":\"https:\/\/comite-ecologique-ariegeois.org\/wp-content\/uploads\/2025\/04\/col-de-pause6.jpg\",\"contentUrl\":\"https:\/\/comite-ecologique-ariegeois.org\/wp-content\/uploads\/2025\/04\/col-de-pause6.jpg\",\"width\":1000,\"height\":667},{\"@type\":\"BreadcrumbList\",\"@id\":\"https:\/\/comite-ecologique-ariegeois.org\/?p=3760#breadcrumb\",\"itemListElement\":[{\"@type\":\"ListItem\",\"position\":1,\"name\":\"Accueil\",\"item\":\"https:\/\/comite-ecologique-ariegeois.org\/\"},{\"@type\":\"ListItem\",\"position\":2,\"name\":\"Les grands rapaces pr\u00e9sents en Ari\u00e8ge\"}]},{\"@type\":\"WebSite\",\"@id\":\"https:\/\/comite-ecologique-ariegeois.org\/#website\",\"url\":\"https:\/\/comite-ecologique-ariegeois.org\/\",\"name\":\"Comit\u00e9 Ecologique Ari\u00e8geois\",\"description\":\"Assotiation de protection de la nature\",\"publisher\":{\"@id\":\"https:\/\/comite-ecologique-ariegeois.org\/#organization\"},\"potentialAction\":[{\"@type\":\"SearchAction\",\"target\":{\"@type\":\"EntryPoint\",\"urlTemplate\":\"https:\/\/comite-ecologique-ariegeois.org\/?s={search_term_string}\"},\"query-input\":{\"@type\":\"PropertyValueSpecification\",\"valueRequired\":true,\"valueName\":\"search_term_string\"}}],\"inLanguage\":\"fr-FR\"},{\"@type\":\"Organization\",\"@id\":\"https:\/\/comite-ecologique-ariegeois.org\/#organization\",\"name\":\"Comit\u00e9 Ecologique Ari\u00e8geois\",\"url\":\"https:\/\/comite-ecologique-ariegeois.org\/\",\"logo\":{\"@type\":\"ImageObject\",\"inLanguage\":\"fr-FR\",\"@id\":\"https:\/\/comite-ecologique-ariegeois.org\/#\/schema\/logo\/image\/\",\"url\":\"https:\/\/comite-ecologique-ariegeois.org\/wp-content\/uploads\/2025\/01\/logo_nouveau_cea_jpeg_250pix_02_03_24-a8816.jpg\",\"contentUrl\":\"https:\/\/comite-ecologique-ariegeois.org\/wp-content\/uploads\/2025\/01\/logo_nouveau_cea_jpeg_250pix_02_03_24-a8816.jpg\",\"width\":250,\"height\":250,\"caption\":\"Comit\u00e9 Ecologique Ari\u00e8geois\"},\"image\":{\"@id\":\"https:\/\/comite-ecologique-ariegeois.org\/#\/schema\/logo\/image\/\"},\"sameAs\":[\"https:\/\/www.facebook.com\/comite.ariegeois\/\",\"https:\/\/www.instagram.com\/comite.ecologique.ariegeois\/\"]},{\"@type\":\"Person\",\"@id\":\"https:\/\/comite-ecologique-ariegeois.org\/#\/schema\/person\/505f799679c3c172520d33603f3e6227\",\"name\":\"Marcel Ricordeau\",\"image\":{\"@type\":\"ImageObject\",\"inLanguage\":\"fr-FR\",\"@id\":\"https:\/\/comite-ecologique-ariegeois.org\/#\/schema\/person\/image\/\",\"url\":\"https:\/\/secure.gravatar.com\/avatar\/776c60076784f8ebc406a675208874f54109d681dd9b90f317a9354387b9a1cc?s=96&d=mm&r=g\",\"contentUrl\":\"https:\/\/secure.gravatar.com\/avatar\/776c60076784f8ebc406a675208874f54109d681dd9b90f317a9354387b9a1cc?s=96&d=mm&r=g\",\"caption\":\"Marcel Ricordeau\"},\"url\":\"https:\/\/comite-ecologique-ariegeois.org\/?author=3\"}]}<\/script>\n<!-- \/ Yoast SEO plugin. -->","yoast_head_json":{"title":"Les grands rapaces pr\u00e9sents en Ari\u00e8ge - Comit\u00e9 Ecologique Ari\u00e8geois","robots":{"index":"index","follow":"follow","max-snippet":"max-snippet:-1","max-image-preview":"max-image-preview:large","max-video-preview":"max-video-preview:-1"},"canonical":"https:\/\/comite-ecologique-ariegeois.org\/?p=3760","og_locale":"fr_FR","og_type":"article","og_title":"Les grands rapaces pr\u00e9sents en Ari\u00e8ge - Comit\u00e9 Ecologique Ari\u00e8geois","og_description":"Articles 2014-2023 : \u00ab\u00a0Vautours-Gypaetes-Aigles\u00a0\u00bb \u00a0 L'Ari\u00e8ge est chanceuse d'avoir une grande diversit\u00e9 de rapaces dans ses montagnes: Les grands rapaces de montagne : vautours fauves, percnopt\u00e8res, gypa\u00e8tesbarbus, aigles royaux, hiboux grands-ducs, circa\u00e8tes, faucons p\u00e9lerin.et en montagne, en for\u00eats de r\u00e9sineux, petits rapaces nocturnes: chouettesde Tengmalm. Les rapaces de plaine et pi\u00e9mont : aigles bott\u00e9s, milans&hellip;&nbsp;Lire la suite &raquo;Les grands rapaces pr\u00e9sents en Ari\u00e8ge","og_url":"https:\/\/comite-ecologique-ariegeois.org\/?p=3760","og_site_name":"Comit\u00e9 Ecologique Ari\u00e8geois","article_publisher":"https:\/\/www.facebook.com\/comite.ariegeois\/","article_published_time":"2024-11-04T18:38:48+00:00","article_modified_time":"2026-01-18T14:51:52+00:00","og_image":[{"width":1000,"height":667,"url":"https:\/\/comite-ecologique-ariegeois.org\/wp-content\/uploads\/2025\/04\/col-de-pause6.jpg","type":"image\/jpeg"}],"author":"Marcel Ricordeau","twitter_card":"summary_large_image","twitter_misc":{"\u00c9crit par":"Marcel Ricordeau","Dur\u00e9e de lecture estim\u00e9e":"3 minutes"},"schema":{"@context":"https:\/\/schema.org","@graph":[{"@type":"Article","@id":"https:\/\/comite-ecologique-ariegeois.org\/?p=3760#article","isPartOf":{"@id":"https:\/\/comite-ecologique-ariegeois.org\/?p=3760"},"author":{"name":"Marcel Ricordeau","@id":"https:\/\/comite-ecologique-ariegeois.org\/#\/schema\/person\/505f799679c3c172520d33603f3e6227"},"headline":"Les grands rapaces pr\u00e9sents en Ari\u00e8ge","datePublished":"2024-11-04T18:38:48+00:00","dateModified":"2026-01-18T14:51:52+00:00","mainEntityOfPage":{"@id":"https:\/\/comite-ecologique-ariegeois.org\/?p=3760"},"wordCount":642,"commentCount":0,"publisher":{"@id":"https:\/\/comite-ecologique-ariegeois.org\/#organization"},"image":{"@id":"https:\/\/comite-ecologique-ariegeois.org\/?p=3760#primaryimage"},"thumbnailUrl":"https:\/\/comite-ecologique-ariegeois.org\/wp-content\/uploads\/2025\/04\/col-de-pause6.jpg","inLanguage":"fr-FR","potentialAction":[{"@type":"CommentAction","name":"Comment","target":["https:\/\/comite-ecologique-ariegeois.org\/?p=3760#respond"]}]},{"@type":"WebPage","@id":"https:\/\/comite-ecologique-ariegeois.org\/?p=3760","url":"https:\/\/comite-ecologique-ariegeois.org\/?p=3760","name":"Les grands rapaces pr\u00e9sents en Ari\u00e8ge - Comit\u00e9 Ecologique Ari\u00e8geois","isPartOf":{"@id":"https:\/\/comite-ecologique-ariegeois.org\/#website"},"primaryImageOfPage":{"@id":"https:\/\/comite-ecologique-ariegeois.org\/?p=3760#primaryimage"},"image":{"@id":"https:\/\/comite-ecologique-ariegeois.org\/?p=3760#primaryimage"},"thumbnailUrl":"https:\/\/comite-ecologique-ariegeois.org\/wp-content\/uploads\/2025\/04\/col-de-pause6.jpg","datePublished":"2024-11-04T18:38:48+00:00","dateModified":"2026-01-18T14:51:52+00:00","breadcrumb":{"@id":"https:\/\/comite-ecologique-ariegeois.org\/?p=3760#breadcrumb"},"inLanguage":"fr-FR","potentialAction":[{"@type":"ReadAction","target":["https:\/\/comite-ecologique-ariegeois.org\/?p=3760"]}]},{"@type":"ImageObject","inLanguage":"fr-FR","@id":"https:\/\/comite-ecologique-ariegeois.org\/?p=3760#primaryimage","url":"https:\/\/comite-ecologique-ariegeois.org\/wp-content\/uploads\/2025\/04\/col-de-pause6.jpg","contentUrl":"https:\/\/comite-ecologique-ariegeois.org\/wp-content\/uploads\/2025\/04\/col-de-pause6.jpg","width":1000,"height":667},{"@type":"BreadcrumbList","@id":"https:\/\/comite-ecologique-ariegeois.org\/?p=3760#breadcrumb","itemListElement":[{"@type":"ListItem","position":1,"name":"Accueil","item":"https:\/\/comite-ecologique-ariegeois.org\/"},{"@type":"ListItem","position":2,"name":"Les grands rapaces pr\u00e9sents en Ari\u00e8ge"}]},{"@type":"WebSite","@id":"https:\/\/comite-ecologique-ariegeois.org\/#website","url":"https:\/\/comite-ecologique-ariegeois.org\/","name":"Comit\u00e9 Ecologique Ari\u00e8geois","description":"Assotiation de protection de la nature","publisher":{"@id":"https:\/\/comite-ecologique-ariegeois.org\/#organization"},"potentialAction":[{"@type":"SearchAction","target":{"@type":"EntryPoint","urlTemplate":"https:\/\/comite-ecologique-ariegeois.org\/?s={search_term_string}"},"query-input":{"@type":"PropertyValueSpecification","valueRequired":true,"valueName":"search_term_string"}}],"inLanguage":"fr-FR"},{"@type":"Organization","@id":"https:\/\/comite-ecologique-ariegeois.org\/#organization","name":"Comit\u00e9 Ecologique Ari\u00e8geois","url":"https:\/\/comite-ecologique-ariegeois.org\/","logo":{"@type":"ImageObject","inLanguage":"fr-FR","@id":"https:\/\/comite-ecologique-ariegeois.org\/#\/schema\/logo\/image\/","url":"https:\/\/comite-ecologique-ariegeois.org\/wp-content\/uploads\/2025\/01\/logo_nouveau_cea_jpeg_250pix_02_03_24-a8816.jpg","contentUrl":"https:\/\/comite-ecologique-ariegeois.org\/wp-content\/uploads\/2025\/01\/logo_nouveau_cea_jpeg_250pix_02_03_24-a8816.jpg","width":250,"height":250,"caption":"Comit\u00e9 Ecologique Ari\u00e8geois"},"image":{"@id":"https:\/\/comite-ecologique-ariegeois.org\/#\/schema\/logo\/image\/"},"sameAs":["https:\/\/www.facebook.com\/comite.ariegeois\/","https:\/\/www.instagram.com\/comite.ecologique.ariegeois\/"]},{"@type":"Person","@id":"https:\/\/comite-ecologique-ariegeois.org\/#\/schema\/person\/505f799679c3c172520d33603f3e6227","name":"Marcel Ricordeau","image":{"@type":"ImageObject","inLanguage":"fr-FR","@id":"https:\/\/comite-ecologique-ariegeois.org\/#\/schema\/person\/image\/","url":"https:\/\/secure.gravatar.com\/avatar\/776c60076784f8ebc406a675208874f54109d681dd9b90f317a9354387b9a1cc?s=96&d=mm&r=g","contentUrl":"https:\/\/secure.gravatar.com\/avatar\/776c60076784f8ebc406a675208874f54109d681dd9b90f317a9354387b9a1cc?s=96&d=mm&r=g","caption":"Marcel Ricordeau"},"url":"https:\/\/comite-ecologique-ariegeois.org\/?author=3"}]}},"_links":{"self":[{"href":"https:\/\/comite-ecologique-ariegeois.org\/index.php?rest_route=\/wp\/v2\/posts\/3760","targetHints":{"allow":["GET"]}}],"collection":[{"href":"https:\/\/comite-ecologique-ariegeois.org\/index.php?rest_route=\/wp\/v2\/posts"}],"about":[{"href":"https:\/\/comite-ecologique-ariegeois.org\/index.php?rest_route=\/wp\/v2\/types\/post"}],"author":[{"embeddable":true,"href":"https:\/\/comite-ecologique-ariegeois.org\/index.php?rest_route=\/wp\/v2\/users\/3"}],"replies":[{"embeddable":true,"href":"https:\/\/comite-ecologique-ariegeois.org\/index.php?rest_route=%2Fwp%2Fv2%2Fcomments&post=3760"}],"version-history":[{"count":98,"href":"https:\/\/comite-ecologique-ariegeois.org\/index.php?rest_route=\/wp\/v2\/posts\/3760\/revisions"}],"predecessor-version":[{"id":10899,"href":"https:\/\/comite-ecologique-ariegeois.org\/index.php?rest_route=\/wp\/v2\/posts\/3760\/revisions\/10899"}],"wp:featuredmedia":[{"embeddable":true,"href":"https:\/\/comite-ecologique-ariegeois.org\/index.php?rest_route=\/wp\/v2\/media\/9293"}],"wp:attachment":[{"href":"https:\/\/comite-ecologique-ariegeois.org\/index.php?rest_route=%2Fwp%2Fv2%2Fmedia&parent=3760"}],"wp:term":[{"taxonomy":"category","embeddable":true,"href":"https:\/\/comite-ecologique-ariegeois.org\/index.php?rest_route=%2Fwp%2Fv2%2Fcategories&post=3760"},{"taxonomy":"post_tag","embeddable":true,"href":"https:\/\/comite-ecologique-ariegeois.org\/index.php?rest_route=%2Fwp%2Fv2%2Ftags&post=3760"}],"curies":[{"name":"wp","href":"https:\/\/api.w.org\/{rel}","templated":true}]}}