{"id":3756,"date":"2024-11-04T19:36:08","date_gmt":"2024-11-04T18:36:08","guid":{"rendered":"https:\/\/comite-ecologique-ariegeois.org\/?p=3756"},"modified":"2025-04-21T11:53:31","modified_gmt":"2025-04-21T09:53:31","slug":"les-cervides","status":"publish","type":"post","link":"https:\/\/comite-ecologique-ariegeois.org\/?p=3756","title":{"rendered":"Les cervid\u00e9s"},"content":{"rendered":"\t\t<div data-elementor-type=\"wp-post\" data-elementor-id=\"3756\" class=\"elementor elementor-3756\">\n\t\t\t\t<div class=\"elementor-element elementor-element-7f0e1d53 e-flex e-con-boxed e-con e-parent\" data-id=\"7f0e1d53\" data-element_type=\"container\">\n\t\t\t\t\t<div class=\"e-con-inner\">\n\t\t\t\t<div class=\"elementor-element elementor-element-3cb6a84c elementor-widget elementor-widget-text-editor\" data-id=\"3cb6a84c\" data-element_type=\"widget\" data-widget_type=\"text-editor.default\">\n\t\t\t\t<div class=\"elementor-widget-container\">\n\t\t\t\t\t\t\t\t\t<p>Le cerf Elaphe fait l&rsquo;objet d&rsquo;un plan de chasse obligatoire depuis 1979.<\/p>\n<p><!-- \/wp:paragraph --><\/p>\n<p><!-- wp:paragraph --><\/p>\n<p>Cette r\u00e8glementation survient dans un objectif de r\u00e9gulation de l&rsquo;esp\u00e8ce et de meilleure gestion des for\u00eats.<\/p>\n<p><!-- \/wp:paragraph --><\/p>\n<p><!-- wp:paragraph --><\/p>\n<p>Cependant, la chasse de cette esp\u00e8ce est autoris\u00e9e durant la p\u00e9riode de reproduction (le brame), c&rsquo;est \u00e0 dire\u00a0 lorsque le cerf est dans un \u00e9tat de vuln\u00e9rabilit\u00e9.<\/p>\n<p><!-- \/wp:paragraph --><\/p>\n<p><!-- wp:paragraph --><\/p>\n<p>Le CEA, avec d&rsquo;autres collectifs, s&rsquo;oppose \u00e0 cette pratique jug\u00e9e \u00ab\u00a0trop facile\u00a0\u00bb qui ne laisse aucune chance \u00e0 l&rsquo;esp\u00e8ce.<\/p>\n<p>Le \u00ab\u00a0chasseur\u00a0\u00bb, en qu\u00eate de troph\u00e9e (la t\u00eate du cerf d\u00e9coup\u00e9e sur la b\u00eate abattue est emport\u00e9e pour \u00eatre empaill\u00e9e afin d&rsquo;orner un mur de salon&#8230;) a \u00e9galement le droit de tirer sur les plus beaux sp\u00e9cimens de cerfs bramant en s&rsquo;acquittant d&rsquo;une taxe de pr\u00e9l\u00e8vement alimentant soit les caisses de l&rsquo;ONF, organisateur de cette pratique \u00e9hont\u00e9e dans les for\u00eats domaniales, soit les caisses des Associations de chasse, qui sous-traitent cette chasse au troph\u00e9e \u00e0 des riches \u00e9trangers, sur des terrains priv\u00e9s.\u00a0<\/p>\n<p>Sans oublier certaines organisations priv\u00e9es qui exploitent la fili\u00e8re touristique pour une client\u00e8le toujours en recherche de sensations.\u00a0<\/p>\n<p>En septembre 2021, le CEA avait initi\u00e9 une p\u00e9tition nationale \u00ab\u00a0STOP A LA CHASSE DU CERF AU BRAME !\u00a0\u00bb avec le soutien de l&rsquo;ASPAS, qui avait recueilli plus de 70 000 signatures.\u00a0<\/p>\n<p>Lien vers la \u00ab\u00a0P\u00e9tition CEA stop \u00e0 la chasse du cerf au brame\u00a0\u00bb, 10\/09\/21 :\u00a0<span style=\"text-align: var(--text-align); letter-spacing: var(--bodyletterspacing); text-transform: var(--bodytexttransform); font-weight: bold; color: #008000; font-family: Arial, Helvetica, sans-serif; font-size: small; background-color: #ffffff;\">\u00a0<\/span><a style=\"font-weight: var( --e-global-typography-text-font-weight ); text-align: var(--text-align); letter-spacing: var(--bodyletterspacing); text-transform: var(--bodytexttransform); --linkdeco: underline; color: #1155cc; font-family: Arial, Helvetica, sans-serif; font-size: small; background-color: #ffffff;\" href=\"https:\/\/comite-ecologique-ariegeois.org\/wp-content\/uploads\/2024\/11\/Petition-CEA-Stop-a-la-chasse-du-cerf-au-brame_10-09-21.docx\" target=\"_blank\" rel=\"noopener\" data-saferedirecturl=\"https:\/\/www.google.com\/url?q=https:\/\/comite-ecologique-ariegeois.org\/wp-content\/uploads\/2024\/11\/Petition-CEA-Stop-a-la-chasse-du-cerf-au-brame_10-09-21.docx&amp;source=gmail&amp;ust=1732984901160000&amp;usg=AOvVaw3TJl2jSm0DzJMmuWPpYYGx\">https:\/\/comite-ecologique-ariegeois.org\/<wbr \/>wp-content\/uploads\/2024\/11\/<wbr \/>Petition-CEA-Stop-a-la-chasse-<wbr \/>du-cerf-au-brame_10-09-21.docx<\/a><\/p>\n<p>Aussi, via l&rsquo;association de protection par le droit, l&rsquo;APRAD, nous avons fait passer \u00e0 Reporterre et \u00e0 une liste d&rsquo;autres m\u00e9dias, une tribune en d\u00e9fense du cerf au brame contre la chasse, y compris la chasse aux troph\u00e9es, dont il est victime chaque ann\u00e9e. Presqu&rsquo;une douzaine d&rsquo;associations nationales dont l&rsquo;ASPAS et ONE VOICE, ont accept\u00e9 de signer cette tribune avec le CEA. Notre tribune est parue le 16 octobre :\u00a0<a style=\"font-family: Arial, Helvetica, sans-serif; font-size: small; font-weight: bold; text-align: var(--text-align); letter-spacing: var(--bodyletterspacing); text-transform: var(--bodytexttransform); --linkdeco: underline; color: #1155cc;\" href=\"https:\/\/reporterre.net\/Interdisons-la-chasse-lors-du-brame-du-cerf#forums\" target=\"_blank\" rel=\"noopener\" data-saferedirecturl=\"https:\/\/www.google.com\/url?q=https:\/\/reporterre.net\/Interdisons-la-chasse-lors-du-brame-du-cerf%23forums&amp;source=gmail&amp;ust=1732984901160000&amp;usg=AOvVaw12Ba853T9UgMeEFlTKqSFO\">https:\/\/reporterre.net\/<wbr \/>Interdisons-la-chasse-lors-du-<wbr \/>brame-du-cerf#forums<\/a><span style=\"font-family: Arial, Helvetica, sans-serif; font-size: small; font-weight: var( --e-global-typography-text-font-weight ); text-align: var(--text-align); letter-spacing: var(--bodyletterspacing); text-transform: var(--bodytexttransform); color: #008000;\"><b>\u00a0 \u00a0<\/b><\/span><img decoding=\"async\" style=\"color: #222222; font-family: Arial, Helvetica, sans-serif; font-size: small; font-weight: var( --e-global-typography-text-font-weight ); text-align: var(--text-align); letter-spacing: var(--bodyletterspacing); text-transform: var(--bodytexttransform);\" src=\"https:\/\/ci3.googleusercontent.com\/meips\/ADKq_NYTx4vhkcErGPkGGOwUxjPFkvDtVIQIv3JjDhWyH-qToiJIhEbfZMaX8hydhbgUO_7W9Hc2=s0-d-e1-ft#https:\/\/i.imgur.com\/3Wa2ljv.jpg\" alt=\"logo\" width=\"106\" height=\"58\" data-bit=\"iit\" \/><\/p>\n<p>Nous tenons \u00e0 pr\u00e9ciser que notre demande porte sur l&rsquo;interdiction de la chasse du cerf au brame (dans l&rsquo;action du brame) et non pas sur la chasse du cerf pendant le brame comme parfois \u00e9crit.<\/p>\n<p><!-- \/wp:paragraph --><\/p>\t\t\t\t\t\t\t\t<\/div>\n\t\t\t\t<\/div>\n\t\t\t\t\t<\/div>\n\t\t\t\t<\/div>\n\t\t\t\t<\/div>\n\t\t","protected":false},"excerpt":{"rendered":"<p>Le cerf Elaphe fait l&rsquo;objet d&rsquo;un plan de chasse obligatoire depuis 1979. Cette r\u00e8glementation survient dans un objectif de r\u00e9gulation de l&rsquo;esp\u00e8ce et de meilleure gestion des for\u00eats. Cependant, la chasse de cette esp\u00e8ce est autoris\u00e9e durant la p\u00e9riode de reproduction (le brame), c&rsquo;est \u00e0 dire\u00a0 lorsque le cerf est dans un \u00e9tat de vuln\u00e9rabilit\u00e9.&hellip;&nbsp;<a href=\"https:\/\/comite-ecologique-ariegeois.org\/?p=3756\" rel=\"bookmark\">Lire la suite &raquo;<span class=\"screen-reader-text\">Les cervid\u00e9s<\/span><\/a><\/p>\n","protected":false},"author":7,"featured_media":9387,"comment_status":"open","ping_status":"open","sticky":false,"template":"","format":"standard","meta":{"neve_meta_sidebar":"","neve_meta_container":"","neve_meta_enable_content_width":"","neve_meta_content_width":0,"neve_meta_title_alignment":"","neve_meta_author_avatar":"","neve_post_elements_order":"","neve_meta_disable_header":"","neve_meta_disable_footer":"","neve_meta_disable_title":"","footnotes":""},"categories":[1],"tags":[],"class_list":["post-3756","post","type-post","status-publish","format-standard","has-post-thumbnail","hentry","category-non-classe"],"yoast_head":"<!-- This site is optimized with the Yoast SEO plugin v26.4 - https:\/\/yoast.com\/wordpress\/plugins\/seo\/ -->\n<title>Les cervid\u00e9s - Comit\u00e9 Ecologique Ari\u00e8geois<\/title>\n<meta name=\"robots\" content=\"index, follow, max-snippet:-1, max-image-preview:large, max-video-preview:-1\" \/>\n<link rel=\"canonical\" href=\"https:\/\/comite-ecologique-ariegeois.org\/?p=3756\" \/>\n<meta property=\"og:locale\" content=\"fr_FR\" \/>\n<meta property=\"og:type\" content=\"article\" \/>\n<meta property=\"og:title\" content=\"Les cervid\u00e9s - Comit\u00e9 Ecologique Ari\u00e8geois\" \/>\n<meta property=\"og:description\" content=\"Le cerf Elaphe fait l&rsquo;objet d&rsquo;un plan de chasse obligatoire depuis 1979. Cette r\u00e8glementation survient dans un objectif de r\u00e9gulation de l&rsquo;esp\u00e8ce et de meilleure gestion des for\u00eats. Cependant, la chasse de cette esp\u00e8ce est autoris\u00e9e durant la p\u00e9riode de reproduction (le brame), c&rsquo;est \u00e0 dire\u00a0 lorsque le cerf est dans un \u00e9tat de vuln\u00e9rabilit\u00e9.&hellip;&nbsp;Lire la suite &raquo;Les cervid\u00e9s\" \/>\n<meta property=\"og:url\" content=\"https:\/\/comite-ecologique-ariegeois.org\/?p=3756\" \/>\n<meta property=\"og:site_name\" content=\"Comit\u00e9 Ecologique Ari\u00e8geois\" \/>\n<meta property=\"article:publisher\" content=\"https:\/\/www.facebook.com\/comite.ariegeois\/\" \/>\n<meta property=\"article:published_time\" content=\"2024-11-04T18:36:08+00:00\" \/>\n<meta property=\"article:modified_time\" content=\"2025-04-21T09:53:31+00:00\" \/>\n<meta property=\"og:image\" content=\"https:\/\/comite-ecologique-ariegeois.org\/wp-content\/uploads\/2024\/11\/Portet-d-aspet.jpg\" \/>\n\t<meta property=\"og:image:width\" content=\"1000\" \/>\n\t<meta property=\"og:image:height\" content=\"667\" \/>\n\t<meta property=\"og:image:type\" content=\"image\/jpeg\" \/>\n<meta name=\"author\" content=\"Natacha Delpoux\" \/>\n<meta name=\"twitter:card\" content=\"summary_large_image\" \/>\n<meta name=\"twitter:label1\" content=\"\u00c9crit par\" \/>\n\t<meta name=\"twitter:data1\" content=\"Natacha Delpoux\" \/>\n\t<meta name=\"twitter:label2\" content=\"Dur\u00e9e de lecture estim\u00e9e\" \/>\n\t<meta name=\"twitter:data2\" content=\"3 minutes\" \/>\n<script type=\"application\/ld+json\" class=\"yoast-schema-graph\">{\"@context\":\"https:\/\/schema.org\",\"@graph\":[{\"@type\":\"Article\",\"@id\":\"https:\/\/comite-ecologique-ariegeois.org\/?p=3756#article\",\"isPartOf\":{\"@id\":\"https:\/\/comite-ecologique-ariegeois.org\/?p=3756\"},\"author\":{\"name\":\"Natacha Delpoux\",\"@id\":\"https:\/\/comite-ecologique-ariegeois.org\/#\/schema\/person\/1667fc345af6b3fd33655b1dc971a647\"},\"headline\":\"Les cervid\u00e9s\",\"datePublished\":\"2024-11-04T18:36:08+00:00\",\"dateModified\":\"2025-04-21T09:53:31+00:00\",\"mainEntityOfPage\":{\"@id\":\"https:\/\/comite-ecologique-ariegeois.org\/?p=3756\"},\"wordCount\":381,\"commentCount\":0,\"publisher\":{\"@id\":\"https:\/\/comite-ecologique-ariegeois.org\/#organization\"},\"image\":{\"@id\":\"https:\/\/comite-ecologique-ariegeois.org\/?p=3756#primaryimage\"},\"thumbnailUrl\":\"https:\/\/comite-ecologique-ariegeois.org\/wp-content\/uploads\/2024\/11\/Portet-d-aspet.jpg\",\"inLanguage\":\"fr-FR\",\"potentialAction\":[{\"@type\":\"CommentAction\",\"name\":\"Comment\",\"target\":[\"https:\/\/comite-ecologique-ariegeois.org\/?p=3756#respond\"]}]},{\"@type\":\"WebPage\",\"@id\":\"https:\/\/comite-ecologique-ariegeois.org\/?p=3756\",\"url\":\"https:\/\/comite-ecologique-ariegeois.org\/?p=3756\",\"name\":\"Les cervid\u00e9s - Comit\u00e9 Ecologique Ari\u00e8geois\",\"isPartOf\":{\"@id\":\"https:\/\/comite-ecologique-ariegeois.org\/#website\"},\"primaryImageOfPage\":{\"@id\":\"https:\/\/comite-ecologique-ariegeois.org\/?p=3756#primaryimage\"},\"image\":{\"@id\":\"https:\/\/comite-ecologique-ariegeois.org\/?p=3756#primaryimage\"},\"thumbnailUrl\":\"https:\/\/comite-ecologique-ariegeois.org\/wp-content\/uploads\/2024\/11\/Portet-d-aspet.jpg\",\"datePublished\":\"2024-11-04T18:36:08+00:00\",\"dateModified\":\"2025-04-21T09:53:31+00:00\",\"breadcrumb\":{\"@id\":\"https:\/\/comite-ecologique-ariegeois.org\/?p=3756#breadcrumb\"},\"inLanguage\":\"fr-FR\",\"potentialAction\":[{\"@type\":\"ReadAction\",\"target\":[\"https:\/\/comite-ecologique-ariegeois.org\/?p=3756\"]}]},{\"@type\":\"ImageObject\",\"inLanguage\":\"fr-FR\",\"@id\":\"https:\/\/comite-ecologique-ariegeois.org\/?p=3756#primaryimage\",\"url\":\"https:\/\/comite-ecologique-ariegeois.org\/wp-content\/uploads\/2024\/11\/Portet-d-aspet.jpg\",\"contentUrl\":\"https:\/\/comite-ecologique-ariegeois.org\/wp-content\/uploads\/2024\/11\/Portet-d-aspet.jpg\",\"width\":1000,\"height\":667},{\"@type\":\"BreadcrumbList\",\"@id\":\"https:\/\/comite-ecologique-ariegeois.org\/?p=3756#breadcrumb\",\"itemListElement\":[{\"@type\":\"ListItem\",\"position\":1,\"name\":\"Accueil\",\"item\":\"https:\/\/comite-ecologique-ariegeois.org\/\"},{\"@type\":\"ListItem\",\"position\":2,\"name\":\"Les cervid\u00e9s\"}]},{\"@type\":\"WebSite\",\"@id\":\"https:\/\/comite-ecologique-ariegeois.org\/#website\",\"url\":\"https:\/\/comite-ecologique-ariegeois.org\/\",\"name\":\"Comit\u00e9 Ecologique Ari\u00e8geois\",\"description\":\"Assotiation de protection de la nature\",\"publisher\":{\"@id\":\"https:\/\/comite-ecologique-ariegeois.org\/#organization\"},\"potentialAction\":[{\"@type\":\"SearchAction\",\"target\":{\"@type\":\"EntryPoint\",\"urlTemplate\":\"https:\/\/comite-ecologique-ariegeois.org\/?s={search_term_string}\"},\"query-input\":{\"@type\":\"PropertyValueSpecification\",\"valueRequired\":true,\"valueName\":\"search_term_string\"}}],\"inLanguage\":\"fr-FR\"},{\"@type\":\"Organization\",\"@id\":\"https:\/\/comite-ecologique-ariegeois.org\/#organization\",\"name\":\"Comit\u00e9 Ecologique Ari\u00e8geois\",\"url\":\"https:\/\/comite-ecologique-ariegeois.org\/\",\"logo\":{\"@type\":\"ImageObject\",\"inLanguage\":\"fr-FR\",\"@id\":\"https:\/\/comite-ecologique-ariegeois.org\/#\/schema\/logo\/image\/\",\"url\":\"https:\/\/comite-ecologique-ariegeois.org\/wp-content\/uploads\/2025\/01\/logo_nouveau_cea_jpeg_250pix_02_03_24-a8816.jpg\",\"contentUrl\":\"https:\/\/comite-ecologique-ariegeois.org\/wp-content\/uploads\/2025\/01\/logo_nouveau_cea_jpeg_250pix_02_03_24-a8816.jpg\",\"width\":250,\"height\":250,\"caption\":\"Comit\u00e9 Ecologique Ari\u00e8geois\"},\"image\":{\"@id\":\"https:\/\/comite-ecologique-ariegeois.org\/#\/schema\/logo\/image\/\"},\"sameAs\":[\"https:\/\/www.facebook.com\/comite.ariegeois\/\",\"https:\/\/www.instagram.com\/comite.ecologique.ariegeois\/\"]},{\"@type\":\"Person\",\"@id\":\"https:\/\/comite-ecologique-ariegeois.org\/#\/schema\/person\/1667fc345af6b3fd33655b1dc971a647\",\"name\":\"Natacha Delpoux\",\"image\":{\"@type\":\"ImageObject\",\"inLanguage\":\"fr-FR\",\"@id\":\"https:\/\/comite-ecologique-ariegeois.org\/#\/schema\/person\/image\/\",\"url\":\"https:\/\/secure.gravatar.com\/avatar\/d13bc25aaeccd241b4c1c6f581386117c1cc9b78e4c07defe9140ff63754f418?s=96&d=mm&r=g\",\"contentUrl\":\"https:\/\/secure.gravatar.com\/avatar\/d13bc25aaeccd241b4c1c6f581386117c1cc9b78e4c07defe9140ff63754f418?s=96&d=mm&r=g\",\"caption\":\"Natacha Delpoux\"},\"url\":\"https:\/\/comite-ecologique-ariegeois.org\/?author=7\"}]}<\/script>\n<!-- \/ Yoast SEO plugin. -->","yoast_head_json":{"title":"Les cervid\u00e9s - Comit\u00e9 Ecologique Ari\u00e8geois","robots":{"index":"index","follow":"follow","max-snippet":"max-snippet:-1","max-image-preview":"max-image-preview:large","max-video-preview":"max-video-preview:-1"},"canonical":"https:\/\/comite-ecologique-ariegeois.org\/?p=3756","og_locale":"fr_FR","og_type":"article","og_title":"Les cervid\u00e9s - Comit\u00e9 Ecologique Ari\u00e8geois","og_description":"Le cerf Elaphe fait l&rsquo;objet d&rsquo;un plan de chasse obligatoire depuis 1979. Cette r\u00e8glementation survient dans un objectif de r\u00e9gulation de l&rsquo;esp\u00e8ce et de meilleure gestion des for\u00eats. Cependant, la chasse de cette esp\u00e8ce est autoris\u00e9e durant la p\u00e9riode de reproduction (le brame), c&rsquo;est \u00e0 dire\u00a0 lorsque le cerf est dans un \u00e9tat de vuln\u00e9rabilit\u00e9.&hellip;&nbsp;Lire la suite &raquo;Les cervid\u00e9s","og_url":"https:\/\/comite-ecologique-ariegeois.org\/?p=3756","og_site_name":"Comit\u00e9 Ecologique Ari\u00e8geois","article_publisher":"https:\/\/www.facebook.com\/comite.ariegeois\/","article_published_time":"2024-11-04T18:36:08+00:00","article_modified_time":"2025-04-21T09:53:31+00:00","og_image":[{"width":1000,"height":667,"url":"https:\/\/comite-ecologique-ariegeois.org\/wp-content\/uploads\/2024\/11\/Portet-d-aspet.jpg","type":"image\/jpeg"}],"author":"Natacha Delpoux","twitter_card":"summary_large_image","twitter_misc":{"\u00c9crit par":"Natacha Delpoux","Dur\u00e9e de lecture estim\u00e9e":"3 minutes"},"schema":{"@context":"https:\/\/schema.org","@graph":[{"@type":"Article","@id":"https:\/\/comite-ecologique-ariegeois.org\/?p=3756#article","isPartOf":{"@id":"https:\/\/comite-ecologique-ariegeois.org\/?p=3756"},"author":{"name":"Natacha Delpoux","@id":"https:\/\/comite-ecologique-ariegeois.org\/#\/schema\/person\/1667fc345af6b3fd33655b1dc971a647"},"headline":"Les cervid\u00e9s","datePublished":"2024-11-04T18:36:08+00:00","dateModified":"2025-04-21T09:53:31+00:00","mainEntityOfPage":{"@id":"https:\/\/comite-ecologique-ariegeois.org\/?p=3756"},"wordCount":381,"commentCount":0,"publisher":{"@id":"https:\/\/comite-ecologique-ariegeois.org\/#organization"},"image":{"@id":"https:\/\/comite-ecologique-ariegeois.org\/?p=3756#primaryimage"},"thumbnailUrl":"https:\/\/comite-ecologique-ariegeois.org\/wp-content\/uploads\/2024\/11\/Portet-d-aspet.jpg","inLanguage":"fr-FR","potentialAction":[{"@type":"CommentAction","name":"Comment","target":["https:\/\/comite-ecologique-ariegeois.org\/?p=3756#respond"]}]},{"@type":"WebPage","@id":"https:\/\/comite-ecologique-ariegeois.org\/?p=3756","url":"https:\/\/comite-ecologique-ariegeois.org\/?p=3756","name":"Les cervid\u00e9s - Comit\u00e9 Ecologique Ari\u00e8geois","isPartOf":{"@id":"https:\/\/comite-ecologique-ariegeois.org\/#website"},"primaryImageOfPage":{"@id":"https:\/\/comite-ecologique-ariegeois.org\/?p=3756#primaryimage"},"image":{"@id":"https:\/\/comite-ecologique-ariegeois.org\/?p=3756#primaryimage"},"thumbnailUrl":"https:\/\/comite-ecologique-ariegeois.org\/wp-content\/uploads\/2024\/11\/Portet-d-aspet.jpg","datePublished":"2024-11-04T18:36:08+00:00","dateModified":"2025-04-21T09:53:31+00:00","breadcrumb":{"@id":"https:\/\/comite-ecologique-ariegeois.org\/?p=3756#breadcrumb"},"inLanguage":"fr-FR","potentialAction":[{"@type":"ReadAction","target":["https:\/\/comite-ecologique-ariegeois.org\/?p=3756"]}]},{"@type":"ImageObject","inLanguage":"fr-FR","@id":"https:\/\/comite-ecologique-ariegeois.org\/?p=3756#primaryimage","url":"https:\/\/comite-ecologique-ariegeois.org\/wp-content\/uploads\/2024\/11\/Portet-d-aspet.jpg","contentUrl":"https:\/\/comite-ecologique-ariegeois.org\/wp-content\/uploads\/2024\/11\/Portet-d-aspet.jpg","width":1000,"height":667},{"@type":"BreadcrumbList","@id":"https:\/\/comite-ecologique-ariegeois.org\/?p=3756#breadcrumb","itemListElement":[{"@type":"ListItem","position":1,"name":"Accueil","item":"https:\/\/comite-ecologique-ariegeois.org\/"},{"@type":"ListItem","position":2,"name":"Les cervid\u00e9s"}]},{"@type":"WebSite","@id":"https:\/\/comite-ecologique-ariegeois.org\/#website","url":"https:\/\/comite-ecologique-ariegeois.org\/","name":"Comit\u00e9 Ecologique Ari\u00e8geois","description":"Assotiation de protection de la nature","publisher":{"@id":"https:\/\/comite-ecologique-ariegeois.org\/#organization"},"potentialAction":[{"@type":"SearchAction","target":{"@type":"EntryPoint","urlTemplate":"https:\/\/comite-ecologique-ariegeois.org\/?s={search_term_string}"},"query-input":{"@type":"PropertyValueSpecification","valueRequired":true,"valueName":"search_term_string"}}],"inLanguage":"fr-FR"},{"@type":"Organization","@id":"https:\/\/comite-ecologique-ariegeois.org\/#organization","name":"Comit\u00e9 Ecologique Ari\u00e8geois","url":"https:\/\/comite-ecologique-ariegeois.org\/","logo":{"@type":"ImageObject","inLanguage":"fr-FR","@id":"https:\/\/comite-ecologique-ariegeois.org\/#\/schema\/logo\/image\/","url":"https:\/\/comite-ecologique-ariegeois.org\/wp-content\/uploads\/2025\/01\/logo_nouveau_cea_jpeg_250pix_02_03_24-a8816.jpg","contentUrl":"https:\/\/comite-ecologique-ariegeois.org\/wp-content\/uploads\/2025\/01\/logo_nouveau_cea_jpeg_250pix_02_03_24-a8816.jpg","width":250,"height":250,"caption":"Comit\u00e9 Ecologique Ari\u00e8geois"},"image":{"@id":"https:\/\/comite-ecologique-ariegeois.org\/#\/schema\/logo\/image\/"},"sameAs":["https:\/\/www.facebook.com\/comite.ariegeois\/","https:\/\/www.instagram.com\/comite.ecologique.ariegeois\/"]},{"@type":"Person","@id":"https:\/\/comite-ecologique-ariegeois.org\/#\/schema\/person\/1667fc345af6b3fd33655b1dc971a647","name":"Natacha Delpoux","image":{"@type":"ImageObject","inLanguage":"fr-FR","@id":"https:\/\/comite-ecologique-ariegeois.org\/#\/schema\/person\/image\/","url":"https:\/\/secure.gravatar.com\/avatar\/d13bc25aaeccd241b4c1c6f581386117c1cc9b78e4c07defe9140ff63754f418?s=96&d=mm&r=g","contentUrl":"https:\/\/secure.gravatar.com\/avatar\/d13bc25aaeccd241b4c1c6f581386117c1cc9b78e4c07defe9140ff63754f418?s=96&d=mm&r=g","caption":"Natacha Delpoux"},"url":"https:\/\/comite-ecologique-ariegeois.org\/?author=7"}]}},"_links":{"self":[{"href":"https:\/\/comite-ecologique-ariegeois.org\/index.php?rest_route=\/wp\/v2\/posts\/3756","targetHints":{"allow":["GET"]}}],"collection":[{"href":"https:\/\/comite-ecologique-ariegeois.org\/index.php?rest_route=\/wp\/v2\/posts"}],"about":[{"href":"https:\/\/comite-ecologique-ariegeois.org\/index.php?rest_route=\/wp\/v2\/types\/post"}],"author":[{"embeddable":true,"href":"https:\/\/comite-ecologique-ariegeois.org\/index.php?rest_route=\/wp\/v2\/users\/7"}],"replies":[{"embeddable":true,"href":"https:\/\/comite-ecologique-ariegeois.org\/index.php?rest_route=%2Fwp%2Fv2%2Fcomments&post=3756"}],"version-history":[{"count":10,"href":"https:\/\/comite-ecologique-ariegeois.org\/index.php?rest_route=\/wp\/v2\/posts\/3756\/revisions"}],"predecessor-version":[{"id":7725,"href":"https:\/\/comite-ecologique-ariegeois.org\/index.php?rest_route=\/wp\/v2\/posts\/3756\/revisions\/7725"}],"wp:featuredmedia":[{"embeddable":true,"href":"https:\/\/comite-ecologique-ariegeois.org\/index.php?rest_route=\/wp\/v2\/media\/9387"}],"wp:attachment":[{"href":"https:\/\/comite-ecologique-ariegeois.org\/index.php?rest_route=%2Fwp%2Fv2%2Fmedia&parent=3756"}],"wp:term":[{"taxonomy":"category","embeddable":true,"href":"https:\/\/comite-ecologique-ariegeois.org\/index.php?rest_route=%2Fwp%2Fv2%2Fcategories&post=3756"},{"taxonomy":"post_tag","embeddable":true,"href":"https:\/\/comite-ecologique-ariegeois.org\/index.php?rest_route=%2Fwp%2Fv2%2Ftags&post=3756"}],"curies":[{"name":"wp","href":"https:\/\/api.w.org\/{rel}","templated":true}]}}