{"id":3754,"date":"2024-11-04T19:35:14","date_gmt":"2024-11-04T18:35:14","guid":{"rendered":"https:\/\/comite-ecologique-ariegeois.org\/?p=3754"},"modified":"2025-11-08T19:37:51","modified_gmt":"2025-11-08T18:37:51","slug":"les-abeilles","status":"publish","type":"post","link":"https:\/\/comite-ecologique-ariegeois.org\/?p=3754","title":{"rendered":"Les abeilles"},"content":{"rendered":"\t\t<div data-elementor-type=\"wp-post\" data-elementor-id=\"3754\" class=\"elementor elementor-3754\">\n\t\t\t\t<div class=\"elementor-element elementor-element-6b5f795a e-flex e-con-boxed e-con e-parent\" data-id=\"6b5f795a\" data-element_type=\"container\">\n\t\t\t\t\t<div class=\"e-con-inner\">\n\t\t\t\t<div class=\"elementor-element elementor-element-ddcfb9d elementor-widget elementor-widget-text-editor\" data-id=\"ddcfb9d\" data-element_type=\"widget\" data-widget_type=\"text-editor.default\">\n\t\t\t\t<div class=\"elementor-widget-container\">\n\t\t\t\t\t\t\t\t\t<p><\/p>\n<p><em>\u00ab\u00a0Si les abeilles disparaissaient, l&rsquo;Homme n&rsquo;aurait plus que quatre ans \u00e0 vivre\u00a0\u00bb.\u00a0<\/em><\/p>\n<p><\/p>\n<p><strong>Cette citation fait prendre conscience de l&rsquo;importance de prot\u00e9ger les abeilles pour notre survie.<\/strong> Elles sont les gardiennes de la biodiversit\u00e9 et de nos \u00e9cosyst\u00e8mes. Leur r\u00f4le est d&rsquo;une importance cruciale puisqu&rsquo;elles participent activement \u00e0 la pollinisation entre diff\u00e9rentes esp\u00e8ces de fleurs.\u00a0<\/p>\n<p>L&rsquo; abeille la plus connue est l&rsquo;abeille dite \u00ab\u00a0domestique\u00a0\u00bb car l&rsquo;Homme tire une production des activit\u00e9s de celle-ci\u00a0 en pratiquant l&rsquo;apiculture. Cependant la m\u00eame abeille survit aussi \u00e0 l&rsquo;\u00e9tat sauvage, dans des coins retir\u00e9s. L&rsquo; Abeille noire\u00a0 (Apis Mellifera Mellifera) \u00e9tait l&rsquo;esp\u00e8ce d&rsquo;origine tr\u00e8s ancienne pr\u00e9sente en France et ailleurs en Europe, dont certaines colonies demeuraient sauvages tandis que d&rsquo;autres vivaient dans les ruches sous une forme &#8211; relative &#8211; de contr\u00f4le humain. Assez r\u00e9cemment,\u00a0 l&rsquo;apiculture est pass\u00e9e \u00e0 la s\u00e9lection des reines et de leur f\u00e9condation.\u00a0<\/p>\n<p>D\u00e9sormais l&rsquo;abeille noire, hormis les initiatives de pr\u00e9servation existantes, est devenue absente des ruchers classiques o\u00f9 l&rsquo;on trouve\u00a0 soit des races choisies pour certaines de leurs qualit\u00e9s telles que l&rsquo;italienne (photo &#8211; vignette \u00e0 la page Biodiversit\u00e9) ou des races hybrid\u00e9es. En Ari\u00e8ge l&rsquo;abeille noire, parfois consid\u00e9r\u00e9e comme \u00ab\u00a0embl\u00e9matique,\u00a0\u00bb est end\u00e9mique et tr\u00e8s importante pour la pollinisation de nos vergers et potagers. Cette abeille est menac\u00e9e d&rsquo;extinction en raison des nombreuses importations d&rsquo;esp\u00e8ces \u00e9trang\u00e8res non adapt\u00e9es \u00e0 cet environnement et n\u00e9cessitant un fort nourrissement.\u00a0<\/p>\n<p><strong>Peu d&rsquo;entre nous savent qu&rsquo;il existe aussi de tr\u00e8s nombreuses races d&rsquo;abeilles sauvages. La photo ci-dessus<\/strong> <strong>est celle d&rsquo;une abeille sauvage d&rsquo;une esp\u00e8ce de grande taille.<\/strong> (Il en existe de plus grandes encore comme l&rsquo;abeille charpenti\u00e8re toute noire).\u00a0 Elles ne vivent pas en colonies, elles logent souvent en solitaires dans des terriers. <strong>Elles participent activement \u00e0 la pollinisation ainsi que bien d&rsquo;autres insectes, gu\u00eapes, mouches, syrphes, papillons&#8230;<\/strong><\/p>\n<p><\/p>\n<p><strong>Les abeilles subissent actuellement beaucoup trop de pressions en raison des impacts des pratiques agricoles intensives, des monocultures (pauvret\u00e9 de la production florale disponible), et surtout des pesticides (notamment r\u00e9-autorisation des n\u00e9onicotino\u00efdes). Le r\u00e9chauffement climatique (hausse des temp\u00e9ratures, multiplication des s\u00e9cheresses\/inondations et perturbations sur les saisons des floraisons) vient de plus perturber la vie des abeilles. Enfin il y a la pr\u00e9sence du parasite le Varoa qui affaiblit les populations et depuis peu, celle du frelon asiatique qui pr\u00e9date.\u00a0<\/strong><\/p>\n<p><\/p>\n<p><\/p>\n<p><\/p>\n<p><strong>Il est temps d&rsquo;agir pour pr\u00e9server cet insecte pollinisateur pour assurer notre survie.<\/strong>\u00a0<\/p>\n<p><\/p>\t\t\t\t\t\t\t\t<\/div>\n\t\t\t\t<\/div>\n\t\t\t\t\t<\/div>\n\t\t\t\t<\/div>\n\t\t<div class=\"elementor-element elementor-element-70ab5c3 e-flex e-con-boxed e-con e-parent\" data-id=\"70ab5c3\" data-element_type=\"container\">\n\t\t\t\t\t<div class=\"e-con-inner\">\n\t\t\t\t<div class=\"elementor-element elementor-element-2b47812 elementor-widget elementor-widget-button\" data-id=\"2b47812\" data-element_type=\"widget\" data-widget_type=\"button.default\">\n\t\t\t\t<div class=\"elementor-widget-container\">\n\t\t\t\t\t\t\t\t\t<div class=\"elementor-button-wrapper\">\n\t\t\t\t\t<a class=\"elementor-button elementor-button-link elementor-size-sm elementor-animation-grow\" href=\"https:\/\/reporterre.net\/Les-abeilles-sauvages-plus-sensibles-aux-pesticides-que-les-abeilles-domestiques\" target=\"_blank\">\n\t\t\t\t\t\t<span class=\"elementor-button-content-wrapper\">\n\t\t\t\t\t\t\t\t\t<span class=\"elementor-button-text\">Article : \"Les abeilles sauvages, victimes oubli\u00e9es des pesticides\"<\/span>\n\t\t\t\t\t<\/span>\n\t\t\t\t\t<\/a>\n\t\t\t\t<\/div>\n\t\t\t\t\t\t\t\t<\/div>\n\t\t\t\t<\/div>\n\t\t\t\t<div class=\"elementor-element elementor-element-909dbca elementor-widget elementor-widget-button\" data-id=\"909dbca\" data-element_type=\"widget\" data-widget_type=\"button.default\">\n\t\t\t\t<div class=\"elementor-widget-container\">\n\t\t\t\t\t\t\t\t\t<div class=\"elementor-button-wrapper\">\n\t\t\t\t\t<a class=\"elementor-button elementor-button-link elementor-size-sm elementor-animation-grow\" href=\"https:\/\/www.inrae.fr\/actualites\/cavites-arbres-preserver-colonies-dabeilles-sauvages\" target=\"_blank\">\n\t\t\t\t\t\t<span class=\"elementor-button-content-wrapper\">\n\t\t\t\t\t\t\t\t\t<span class=\"elementor-button-text\">Article : \"Des cavit\u00e9s dans les arbres pour pr\u00e9server les colonies d'abeilles sauvages\"<\/span>\n\t\t\t\t\t<\/span>\n\t\t\t\t\t<\/a>\n\t\t\t\t<\/div>\n\t\t\t\t\t\t\t\t<\/div>\n\t\t\t\t<\/div>\n\t\t\t\t<div class=\"elementor-element elementor-element-797c819 elementor-widget elementor-widget-button\" data-id=\"797c819\" data-element_type=\"widget\" data-widget_type=\"button.default\">\n\t\t\t\t<div class=\"elementor-widget-container\">\n\t\t\t\t\t\t\t\t\t<div class=\"elementor-button-wrapper\">\n\t\t\t\t\t<a class=\"elementor-button elementor-button-link elementor-size-sm elementor-animation-grow\" href=\"https:\/\/www.lemonde.fr\/idees\/article\/2014\/04\/13\/declin-des-abeilles-les-mots-qui-fachent_4400314_3232.html\" target=\"_blank\">\n\t\t\t\t\t\t<span class=\"elementor-button-content-wrapper\">\n\t\t\t\t\t\t\t\t\t<span class=\"elementor-button-text\">Article : \"D\u00e9clin des abeilles : les mots qui f\u00e2chent\"<\/span>\n\t\t\t\t\t<\/span>\n\t\t\t\t\t<\/a>\n\t\t\t\t<\/div>\n\t\t\t\t\t\t\t\t<\/div>\n\t\t\t\t<\/div>\n\t\t\t\t<div class=\"elementor-element elementor-element-bef8790 elementor-widget elementor-widget-button\" data-id=\"bef8790\" data-element_type=\"widget\" data-widget_type=\"button.default\">\n\t\t\t\t<div class=\"elementor-widget-container\">\n\t\t\t\t\t\t\t\t\t<div class=\"elementor-button-wrapper\">\n\t\t\t\t\t<a class=\"elementor-button elementor-button-link elementor-size-sm elementor-animation-grow\" href=\"https:\/\/soundcloud.com\/radiotransparence937\/alternatives-ecologiques-les-abeilles-sentinelle-de-lenvironnement?utm_source=comite-ecologique-ariegeois.org&#038;utm_campaign=wtshare&#038;utm_medium=widget&#038;utm_content=https%253A%252F%252Fsoundcloud.com%252Fradiotransparence937%252Falternatives-ecologiques-les-abeilles-sentinelle-de-lenvironnement#:~:text=Alternatives%20Ecologiques%20Les%20Abeilles%20Sentinelle%20De%20L%27environnement\" target=\"_blank\">\n\t\t\t\t\t\t<span class=\"elementor-button-content-wrapper\">\n\t\t\t\t\t\t\t\t\t<span class=\"elementor-button-text\">Emission CEA 7\/04\/2022 : \"Les Abeilles sentinelles de l\u2019Environnement\"<\/span>\n\t\t\t\t\t<\/span>\n\t\t\t\t\t<\/a>\n\t\t\t\t<\/div>\n\t\t\t\t\t\t\t\t<\/div>\n\t\t\t\t<\/div>\n\t\t\t\t\t<\/div>\n\t\t\t\t<\/div>\n\t\t\t\t<\/div>\n\t\t","protected":false},"excerpt":{"rendered":"<p>\u00ab\u00a0Si les abeilles disparaissaient, l&rsquo;Homme n&rsquo;aurait plus que quatre ans \u00e0 vivre\u00a0\u00bb.\u00a0 Cette citation fait prendre conscience de l&rsquo;importance de prot\u00e9ger les abeilles pour notre survie. Elles sont les gardiennes de la biodiversit\u00e9 et de nos \u00e9cosyst\u00e8mes. Leur r\u00f4le est d&rsquo;une importance cruciale puisqu&rsquo;elles participent activement \u00e0 la pollinisation entre diff\u00e9rentes esp\u00e8ces de fleurs.\u00a0 L&rsquo;&hellip;&nbsp;<a href=\"https:\/\/comite-ecologique-ariegeois.org\/?p=3754\" rel=\"bookmark\">Lire la suite &raquo;<span class=\"screen-reader-text\">Les abeilles<\/span><\/a><\/p>\n","protected":false},"author":7,"featured_media":1043,"comment_status":"open","ping_status":"open","sticky":false,"template":"","format":"standard","meta":{"neve_meta_sidebar":"","neve_meta_container":"","neve_meta_enable_content_width":"","neve_meta_content_width":0,"neve_meta_title_alignment":"","neve_meta_author_avatar":"","neve_post_elements_order":"","neve_meta_disable_header":"","neve_meta_disable_footer":"","neve_meta_disable_title":"","footnotes":""},"categories":[1],"tags":[],"class_list":["post-3754","post","type-post","status-publish","format-standard","has-post-thumbnail","hentry","category-non-classe"],"yoast_head":"<!-- This site is optimized with the Yoast SEO plugin v26.4 - https:\/\/yoast.com\/wordpress\/plugins\/seo\/ -->\n<title>Les abeilles - Comit\u00e9 Ecologique Ari\u00e8geois<\/title>\n<meta name=\"robots\" content=\"index, follow, max-snippet:-1, max-image-preview:large, max-video-preview:-1\" \/>\n<link rel=\"canonical\" href=\"https:\/\/comite-ecologique-ariegeois.org\/?p=3754\" \/>\n<meta property=\"og:locale\" content=\"fr_FR\" \/>\n<meta property=\"og:type\" content=\"article\" \/>\n<meta property=\"og:title\" content=\"Les abeilles - Comit\u00e9 Ecologique Ari\u00e8geois\" \/>\n<meta property=\"og:description\" content=\"\u00ab\u00a0Si les abeilles disparaissaient, l&rsquo;Homme n&rsquo;aurait plus que quatre ans \u00e0 vivre\u00a0\u00bb.\u00a0 Cette citation fait prendre conscience de l&rsquo;importance de prot\u00e9ger les abeilles pour notre survie. Elles sont les gardiennes de la biodiversit\u00e9 et de nos \u00e9cosyst\u00e8mes. Leur r\u00f4le est d&rsquo;une importance cruciale puisqu&rsquo;elles participent activement \u00e0 la pollinisation entre diff\u00e9rentes esp\u00e8ces de fleurs.\u00a0 L&rsquo;&hellip;&nbsp;Lire la suite &raquo;Les abeilles\" \/>\n<meta property=\"og:url\" content=\"https:\/\/comite-ecologique-ariegeois.org\/?p=3754\" \/>\n<meta property=\"og:site_name\" content=\"Comit\u00e9 Ecologique Ari\u00e8geois\" \/>\n<meta property=\"article:publisher\" content=\"https:\/\/www.facebook.com\/comite.ariegeois\/\" \/>\n<meta property=\"article:published_time\" content=\"2024-11-04T18:35:14+00:00\" \/>\n<meta property=\"article:modified_time\" content=\"2025-11-08T18:37:51+00:00\" \/>\n<meta property=\"og:image\" content=\"https:\/\/comite-ecologique-ariegeois.org\/wp-content\/uploads\/2024\/09\/Abeille-sauvage-2_NX.jpg\" \/>\n\t<meta property=\"og:image:width\" content=\"2130\" \/>\n\t<meta property=\"og:image:height\" content=\"1477\" \/>\n\t<meta property=\"og:image:type\" content=\"image\/jpeg\" \/>\n<meta name=\"author\" content=\"Natacha Delpoux\" \/>\n<meta name=\"twitter:card\" content=\"summary_large_image\" \/>\n<meta name=\"twitter:label1\" content=\"\u00c9crit par\" \/>\n\t<meta name=\"twitter:data1\" content=\"Natacha Delpoux\" \/>\n\t<meta name=\"twitter:label2\" content=\"Dur\u00e9e de lecture estim\u00e9e\" \/>\n\t<meta name=\"twitter:data2\" content=\"2 minutes\" \/>\n<script type=\"application\/ld+json\" class=\"yoast-schema-graph\">{\"@context\":\"https:\/\/schema.org\",\"@graph\":[{\"@type\":\"Article\",\"@id\":\"https:\/\/comite-ecologique-ariegeois.org\/?p=3754#article\",\"isPartOf\":{\"@id\":\"https:\/\/comite-ecologique-ariegeois.org\/?p=3754\"},\"author\":{\"name\":\"Natacha Delpoux\",\"@id\":\"https:\/\/comite-ecologique-ariegeois.org\/#\/schema\/person\/1667fc345af6b3fd33655b1dc971a647\"},\"headline\":\"Les abeilles\",\"datePublished\":\"2024-11-04T18:35:14+00:00\",\"dateModified\":\"2025-11-08T18:37:51+00:00\",\"mainEntityOfPage\":{\"@id\":\"https:\/\/comite-ecologique-ariegeois.org\/?p=3754\"},\"wordCount\":493,\"commentCount\":1,\"publisher\":{\"@id\":\"https:\/\/comite-ecologique-ariegeois.org\/#organization\"},\"image\":{\"@id\":\"https:\/\/comite-ecologique-ariegeois.org\/?p=3754#primaryimage\"},\"thumbnailUrl\":\"https:\/\/comite-ecologique-ariegeois.org\/wp-content\/uploads\/2024\/09\/Abeille-sauvage-2_NX.jpg\",\"inLanguage\":\"fr-FR\",\"potentialAction\":[{\"@type\":\"CommentAction\",\"name\":\"Comment\",\"target\":[\"https:\/\/comite-ecologique-ariegeois.org\/?p=3754#respond\"]}]},{\"@type\":\"WebPage\",\"@id\":\"https:\/\/comite-ecologique-ariegeois.org\/?p=3754\",\"url\":\"https:\/\/comite-ecologique-ariegeois.org\/?p=3754\",\"name\":\"Les abeilles - Comit\u00e9 Ecologique Ari\u00e8geois\",\"isPartOf\":{\"@id\":\"https:\/\/comite-ecologique-ariegeois.org\/#website\"},\"primaryImageOfPage\":{\"@id\":\"https:\/\/comite-ecologique-ariegeois.org\/?p=3754#primaryimage\"},\"image\":{\"@id\":\"https:\/\/comite-ecologique-ariegeois.org\/?p=3754#primaryimage\"},\"thumbnailUrl\":\"https:\/\/comite-ecologique-ariegeois.org\/wp-content\/uploads\/2024\/09\/Abeille-sauvage-2_NX.jpg\",\"datePublished\":\"2024-11-04T18:35:14+00:00\",\"dateModified\":\"2025-11-08T18:37:51+00:00\",\"breadcrumb\":{\"@id\":\"https:\/\/comite-ecologique-ariegeois.org\/?p=3754#breadcrumb\"},\"inLanguage\":\"fr-FR\",\"potentialAction\":[{\"@type\":\"ReadAction\",\"target\":[\"https:\/\/comite-ecologique-ariegeois.org\/?p=3754\"]}]},{\"@type\":\"ImageObject\",\"inLanguage\":\"fr-FR\",\"@id\":\"https:\/\/comite-ecologique-ariegeois.org\/?p=3754#primaryimage\",\"url\":\"https:\/\/comite-ecologique-ariegeois.org\/wp-content\/uploads\/2024\/09\/Abeille-sauvage-2_NX.jpg\",\"contentUrl\":\"https:\/\/comite-ecologique-ariegeois.org\/wp-content\/uploads\/2024\/09\/Abeille-sauvage-2_NX.jpg\",\"width\":2130,\"height\":1477},{\"@type\":\"BreadcrumbList\",\"@id\":\"https:\/\/comite-ecologique-ariegeois.org\/?p=3754#breadcrumb\",\"itemListElement\":[{\"@type\":\"ListItem\",\"position\":1,\"name\":\"Accueil\",\"item\":\"https:\/\/comite-ecologique-ariegeois.org\/\"},{\"@type\":\"ListItem\",\"position\":2,\"name\":\"Les abeilles\"}]},{\"@type\":\"WebSite\",\"@id\":\"https:\/\/comite-ecologique-ariegeois.org\/#website\",\"url\":\"https:\/\/comite-ecologique-ariegeois.org\/\",\"name\":\"Comit\u00e9 Ecologique Ari\u00e8geois\",\"description\":\"Assotiation de protection de la nature\",\"publisher\":{\"@id\":\"https:\/\/comite-ecologique-ariegeois.org\/#organization\"},\"potentialAction\":[{\"@type\":\"SearchAction\",\"target\":{\"@type\":\"EntryPoint\",\"urlTemplate\":\"https:\/\/comite-ecologique-ariegeois.org\/?s={search_term_string}\"},\"query-input\":{\"@type\":\"PropertyValueSpecification\",\"valueRequired\":true,\"valueName\":\"search_term_string\"}}],\"inLanguage\":\"fr-FR\"},{\"@type\":\"Organization\",\"@id\":\"https:\/\/comite-ecologique-ariegeois.org\/#organization\",\"name\":\"Comit\u00e9 Ecologique Ari\u00e8geois\",\"url\":\"https:\/\/comite-ecologique-ariegeois.org\/\",\"logo\":{\"@type\":\"ImageObject\",\"inLanguage\":\"fr-FR\",\"@id\":\"https:\/\/comite-ecologique-ariegeois.org\/#\/schema\/logo\/image\/\",\"url\":\"https:\/\/comite-ecologique-ariegeois.org\/wp-content\/uploads\/2025\/01\/logo_nouveau_cea_jpeg_250pix_02_03_24-a8816.jpg\",\"contentUrl\":\"https:\/\/comite-ecologique-ariegeois.org\/wp-content\/uploads\/2025\/01\/logo_nouveau_cea_jpeg_250pix_02_03_24-a8816.jpg\",\"width\":250,\"height\":250,\"caption\":\"Comit\u00e9 Ecologique Ari\u00e8geois\"},\"image\":{\"@id\":\"https:\/\/comite-ecologique-ariegeois.org\/#\/schema\/logo\/image\/\"},\"sameAs\":[\"https:\/\/www.facebook.com\/comite.ariegeois\/\",\"https:\/\/www.instagram.com\/comite.ecologique.ariegeois\/\"]},{\"@type\":\"Person\",\"@id\":\"https:\/\/comite-ecologique-ariegeois.org\/#\/schema\/person\/1667fc345af6b3fd33655b1dc971a647\",\"name\":\"Natacha Delpoux\",\"image\":{\"@type\":\"ImageObject\",\"inLanguage\":\"fr-FR\",\"@id\":\"https:\/\/comite-ecologique-ariegeois.org\/#\/schema\/person\/image\/\",\"url\":\"https:\/\/secure.gravatar.com\/avatar\/d13bc25aaeccd241b4c1c6f581386117c1cc9b78e4c07defe9140ff63754f418?s=96&d=mm&r=g\",\"contentUrl\":\"https:\/\/secure.gravatar.com\/avatar\/d13bc25aaeccd241b4c1c6f581386117c1cc9b78e4c07defe9140ff63754f418?s=96&d=mm&r=g\",\"caption\":\"Natacha Delpoux\"},\"url\":\"https:\/\/comite-ecologique-ariegeois.org\/?author=7\"}]}<\/script>\n<!-- \/ Yoast SEO plugin. -->","yoast_head_json":{"title":"Les abeilles - Comit\u00e9 Ecologique Ari\u00e8geois","robots":{"index":"index","follow":"follow","max-snippet":"max-snippet:-1","max-image-preview":"max-image-preview:large","max-video-preview":"max-video-preview:-1"},"canonical":"https:\/\/comite-ecologique-ariegeois.org\/?p=3754","og_locale":"fr_FR","og_type":"article","og_title":"Les abeilles - Comit\u00e9 Ecologique Ari\u00e8geois","og_description":"\u00ab\u00a0Si les abeilles disparaissaient, l&rsquo;Homme n&rsquo;aurait plus que quatre ans \u00e0 vivre\u00a0\u00bb.\u00a0 Cette citation fait prendre conscience de l&rsquo;importance de prot\u00e9ger les abeilles pour notre survie. Elles sont les gardiennes de la biodiversit\u00e9 et de nos \u00e9cosyst\u00e8mes. Leur r\u00f4le est d&rsquo;une importance cruciale puisqu&rsquo;elles participent activement \u00e0 la pollinisation entre diff\u00e9rentes esp\u00e8ces de fleurs.\u00a0 L&rsquo;&hellip;&nbsp;Lire la suite &raquo;Les abeilles","og_url":"https:\/\/comite-ecologique-ariegeois.org\/?p=3754","og_site_name":"Comit\u00e9 Ecologique Ari\u00e8geois","article_publisher":"https:\/\/www.facebook.com\/comite.ariegeois\/","article_published_time":"2024-11-04T18:35:14+00:00","article_modified_time":"2025-11-08T18:37:51+00:00","og_image":[{"width":2130,"height":1477,"url":"https:\/\/comite-ecologique-ariegeois.org\/wp-content\/uploads\/2024\/09\/Abeille-sauvage-2_NX.jpg","type":"image\/jpeg"}],"author":"Natacha Delpoux","twitter_card":"summary_large_image","twitter_misc":{"\u00c9crit par":"Natacha Delpoux","Dur\u00e9e de lecture estim\u00e9e":"2 minutes"},"schema":{"@context":"https:\/\/schema.org","@graph":[{"@type":"Article","@id":"https:\/\/comite-ecologique-ariegeois.org\/?p=3754#article","isPartOf":{"@id":"https:\/\/comite-ecologique-ariegeois.org\/?p=3754"},"author":{"name":"Natacha Delpoux","@id":"https:\/\/comite-ecologique-ariegeois.org\/#\/schema\/person\/1667fc345af6b3fd33655b1dc971a647"},"headline":"Les abeilles","datePublished":"2024-11-04T18:35:14+00:00","dateModified":"2025-11-08T18:37:51+00:00","mainEntityOfPage":{"@id":"https:\/\/comite-ecologique-ariegeois.org\/?p=3754"},"wordCount":493,"commentCount":1,"publisher":{"@id":"https:\/\/comite-ecologique-ariegeois.org\/#organization"},"image":{"@id":"https:\/\/comite-ecologique-ariegeois.org\/?p=3754#primaryimage"},"thumbnailUrl":"https:\/\/comite-ecologique-ariegeois.org\/wp-content\/uploads\/2024\/09\/Abeille-sauvage-2_NX.jpg","inLanguage":"fr-FR","potentialAction":[{"@type":"CommentAction","name":"Comment","target":["https:\/\/comite-ecologique-ariegeois.org\/?p=3754#respond"]}]},{"@type":"WebPage","@id":"https:\/\/comite-ecologique-ariegeois.org\/?p=3754","url":"https:\/\/comite-ecologique-ariegeois.org\/?p=3754","name":"Les abeilles - Comit\u00e9 Ecologique Ari\u00e8geois","isPartOf":{"@id":"https:\/\/comite-ecologique-ariegeois.org\/#website"},"primaryImageOfPage":{"@id":"https:\/\/comite-ecologique-ariegeois.org\/?p=3754#primaryimage"},"image":{"@id":"https:\/\/comite-ecologique-ariegeois.org\/?p=3754#primaryimage"},"thumbnailUrl":"https:\/\/comite-ecologique-ariegeois.org\/wp-content\/uploads\/2024\/09\/Abeille-sauvage-2_NX.jpg","datePublished":"2024-11-04T18:35:14+00:00","dateModified":"2025-11-08T18:37:51+00:00","breadcrumb":{"@id":"https:\/\/comite-ecologique-ariegeois.org\/?p=3754#breadcrumb"},"inLanguage":"fr-FR","potentialAction":[{"@type":"ReadAction","target":["https:\/\/comite-ecologique-ariegeois.org\/?p=3754"]}]},{"@type":"ImageObject","inLanguage":"fr-FR","@id":"https:\/\/comite-ecologique-ariegeois.org\/?p=3754#primaryimage","url":"https:\/\/comite-ecologique-ariegeois.org\/wp-content\/uploads\/2024\/09\/Abeille-sauvage-2_NX.jpg","contentUrl":"https:\/\/comite-ecologique-ariegeois.org\/wp-content\/uploads\/2024\/09\/Abeille-sauvage-2_NX.jpg","width":2130,"height":1477},{"@type":"BreadcrumbList","@id":"https:\/\/comite-ecologique-ariegeois.org\/?p=3754#breadcrumb","itemListElement":[{"@type":"ListItem","position":1,"name":"Accueil","item":"https:\/\/comite-ecologique-ariegeois.org\/"},{"@type":"ListItem","position":2,"name":"Les abeilles"}]},{"@type":"WebSite","@id":"https:\/\/comite-ecologique-ariegeois.org\/#website","url":"https:\/\/comite-ecologique-ariegeois.org\/","name":"Comit\u00e9 Ecologique Ari\u00e8geois","description":"Assotiation de protection de la nature","publisher":{"@id":"https:\/\/comite-ecologique-ariegeois.org\/#organization"},"potentialAction":[{"@type":"SearchAction","target":{"@type":"EntryPoint","urlTemplate":"https:\/\/comite-ecologique-ariegeois.org\/?s={search_term_string}"},"query-input":{"@type":"PropertyValueSpecification","valueRequired":true,"valueName":"search_term_string"}}],"inLanguage":"fr-FR"},{"@type":"Organization","@id":"https:\/\/comite-ecologique-ariegeois.org\/#organization","name":"Comit\u00e9 Ecologique Ari\u00e8geois","url":"https:\/\/comite-ecologique-ariegeois.org\/","logo":{"@type":"ImageObject","inLanguage":"fr-FR","@id":"https:\/\/comite-ecologique-ariegeois.org\/#\/schema\/logo\/image\/","url":"https:\/\/comite-ecologique-ariegeois.org\/wp-content\/uploads\/2025\/01\/logo_nouveau_cea_jpeg_250pix_02_03_24-a8816.jpg","contentUrl":"https:\/\/comite-ecologique-ariegeois.org\/wp-content\/uploads\/2025\/01\/logo_nouveau_cea_jpeg_250pix_02_03_24-a8816.jpg","width":250,"height":250,"caption":"Comit\u00e9 Ecologique Ari\u00e8geois"},"image":{"@id":"https:\/\/comite-ecologique-ariegeois.org\/#\/schema\/logo\/image\/"},"sameAs":["https:\/\/www.facebook.com\/comite.ariegeois\/","https:\/\/www.instagram.com\/comite.ecologique.ariegeois\/"]},{"@type":"Person","@id":"https:\/\/comite-ecologique-ariegeois.org\/#\/schema\/person\/1667fc345af6b3fd33655b1dc971a647","name":"Natacha Delpoux","image":{"@type":"ImageObject","inLanguage":"fr-FR","@id":"https:\/\/comite-ecologique-ariegeois.org\/#\/schema\/person\/image\/","url":"https:\/\/secure.gravatar.com\/avatar\/d13bc25aaeccd241b4c1c6f581386117c1cc9b78e4c07defe9140ff63754f418?s=96&d=mm&r=g","contentUrl":"https:\/\/secure.gravatar.com\/avatar\/d13bc25aaeccd241b4c1c6f581386117c1cc9b78e4c07defe9140ff63754f418?s=96&d=mm&r=g","caption":"Natacha Delpoux"},"url":"https:\/\/comite-ecologique-ariegeois.org\/?author=7"}]}},"_links":{"self":[{"href":"https:\/\/comite-ecologique-ariegeois.org\/index.php?rest_route=\/wp\/v2\/posts\/3754","targetHints":{"allow":["GET"]}}],"collection":[{"href":"https:\/\/comite-ecologique-ariegeois.org\/index.php?rest_route=\/wp\/v2\/posts"}],"about":[{"href":"https:\/\/comite-ecologique-ariegeois.org\/index.php?rest_route=\/wp\/v2\/types\/post"}],"author":[{"embeddable":true,"href":"https:\/\/comite-ecologique-ariegeois.org\/index.php?rest_route=\/wp\/v2\/users\/7"}],"replies":[{"embeddable":true,"href":"https:\/\/comite-ecologique-ariegeois.org\/index.php?rest_route=%2Fwp%2Fv2%2Fcomments&post=3754"}],"version-history":[{"count":58,"href":"https:\/\/comite-ecologique-ariegeois.org\/index.php?rest_route=\/wp\/v2\/posts\/3754\/revisions"}],"predecessor-version":[{"id":10591,"href":"https:\/\/comite-ecologique-ariegeois.org\/index.php?rest_route=\/wp\/v2\/posts\/3754\/revisions\/10591"}],"wp:featuredmedia":[{"embeddable":true,"href":"https:\/\/comite-ecologique-ariegeois.org\/index.php?rest_route=\/wp\/v2\/media\/1043"}],"wp:attachment":[{"href":"https:\/\/comite-ecologique-ariegeois.org\/index.php?rest_route=%2Fwp%2Fv2%2Fmedia&parent=3754"}],"wp:term":[{"taxonomy":"category","embeddable":true,"href":"https:\/\/comite-ecologique-ariegeois.org\/index.php?rest_route=%2Fwp%2Fv2%2Fcategories&post=3754"},{"taxonomy":"post_tag","embeddable":true,"href":"https:\/\/comite-ecologique-ariegeois.org\/index.php?rest_route=%2Fwp%2Fv2%2Ftags&post=3754"}],"curies":[{"name":"wp","href":"https:\/\/api.w.org\/{rel}","templated":true}]}}