{"id":3752,"date":"2024-11-04T19:33:57","date_gmt":"2024-11-04T18:33:57","guid":{"rendered":"https:\/\/comite-ecologique-ariegeois.org\/?p=3752"},"modified":"2026-03-15T10:28:25","modified_gmt":"2026-03-15T09:28:25","slug":"les-galliformes-de-montagne","status":"publish","type":"post","link":"https:\/\/comite-ecologique-ariegeois.org\/?p=3752","title":{"rendered":"Les galliformes de montagne"},"content":{"rendered":"\t\t<div data-elementor-type=\"wp-post\" data-elementor-id=\"3752\" class=\"elementor elementor-3752\">\n\t\t\t\t<div class=\"elementor-element elementor-element-70fb7f83 e-flex e-con-boxed e-con e-parent\" data-id=\"70fb7f83\" data-element_type=\"container\">\n\t\t\t\t\t<div class=\"e-con-inner\">\n\t\t\t\t<div class=\"elementor-element elementor-element-49e1874f elementor-widget elementor-widget-text-editor\" data-id=\"49e1874f\" data-element_type=\"widget\" data-widget_type=\"text-editor.default\">\n\t\t\t\t<div class=\"elementor-widget-container\">\n\t\t\t\t\t\t\t\t\t<p><span style=\"font-family: Arial;\">Le Grand T\u00e9tras, le Lagop\u00e8de Alpin et la Perdrix grise des Pyr\u00e9n\u00e9es sont des esp\u00e8ces embl\u00e9matiques de l\u2019Ari\u00e8ge.<\/span><\/p>\n<p><span style=\"font-family: Arial;\">Menac\u00e9es par de multiples facteurs (chasse, activit\u00e9s touristiques, r\u00e9chauffement climatique, nouveaux pr\u00e9dateurs en montagne, collisions avec les cl\u00f4tures pastorales ou les c\u00e2bles de remont\u00e9es m\u00e9caniques,\u2026.), ces esp\u00e8ces subissent une r\u00e9gression tr\u00e8s importante de leurs populations <\/span><\/p>\n<p><span style=\"font-family: Arial;\">Leur conservation d\u00e9pend de nos actions, de notre mobilisation et de notre envie de faire conna\u00eetre aux g\u00e9n\u00e9rations futures cette biodiversit\u00e9 qui nous entoure.\u00a0<\/span><\/p>\n<p><span style=\"font-family: Arial;\">Leur survie d\u00e9pend de nous, mais aussi d\u2019une volont\u00e9 de l\u2019\u00c9tat de mettre en \u0153uvre une politique de pr\u00e9servation rigoureuse des milieux et de ces trois esp\u00e8ces, comme en Autriche pour le Grand T\u00e9tras<\/span><\/p>\n<p><span style=\"font-family: Arial;\">C\u2019est pourquoi, le CEA se mobilise, juridiquement, depuis 2008 pour obtenir l\u2019arr\u00eat de la chasse de ces esp\u00e8ces. Cette activit\u00e9 influence grandement l\u2019affaiblissement des populations de galliformes, soit directement par les oiseaux tu\u00e9s ou bless\u00e9s, soit indirectement en augmentant fortement le stress et la distance de fuite de ces galliformes, facteur qui contribue \u00e0 l\u2019\u00e9puisement de beaucoup d\u2019entre eux quand ils sont d\u00e9rang\u00e9s, notamment en hiver, par la fr\u00e9quentation humaine (ski de piste ou hors piste, randonn\u00e9es en raquettes ou \u00e0 ski)<\/span><\/p>\n\t\t\t\t\t\t\t\t<\/div>\n\t\t\t\t<\/div>\n\t\t\t\t\t<\/div>\n\t\t\t\t<\/div>\n\t\t<div class=\"elementor-element elementor-element-c13157d e-flex e-con-boxed e-con e-parent\" data-id=\"c13157d\" data-element_type=\"container\">\n\t\t\t\t\t<div class=\"e-con-inner\">\n\t\t\t\t<div class=\"elementor-element elementor-element-5de05b4 elementor-align-center elementor-widget elementor-widget-button\" data-id=\"5de05b4\" data-element_type=\"widget\" data-widget_type=\"button.default\">\n\t\t\t\t<div class=\"elementor-widget-container\">\n\t\t\t\t\t\t\t\t\t<div class=\"elementor-button-wrapper\">\n\t\t\t\t\t<a class=\"elementor-button elementor-button-link elementor-size-sm\" href=\"https:\/\/comite-ecologique-ariegeois.org\/archiveSPIP2024\/actions\/faune-flore-foret-chasse\/especes-animales\/tetras-lagopedes-perdrix\/index.html\">\n\t\t\t\t\t\t<span class=\"elementor-button-content-wrapper\">\n\t\t\t\t\t\t\t\t\t<span class=\"elementor-button-text\">Articles sur les galliformes (archives)<\/span>\n\t\t\t\t\t<\/span>\n\t\t\t\t\t<\/a>\n\t\t\t\t<\/div>\n\t\t\t\t\t\t\t\t<\/div>\n\t\t\t\t<\/div>\n\t\t\t\t\t<\/div>\n\t\t\t\t<\/div>\n\t\t<div class=\"elementor-element elementor-element-6037d77 e-flex e-con-boxed e-con e-parent\" data-id=\"6037d77\" data-element_type=\"container\">\n\t\t\t\t\t<div class=\"e-con-inner\">\n\t\t\t\t<div class=\"elementor-element elementor-element-7914107 elementor-widget elementor-widget-image\" data-id=\"7914107\" data-element_type=\"widget\" data-widget_type=\"image.default\">\n\t\t\t\t<div class=\"elementor-widget-container\">\n\t\t\t\t\t\t\t\t\t\t\t\t\t\t\t<img fetchpriority=\"high\" decoding=\"async\" width=\"1024\" height=\"550\" src=\"https:\/\/comite-ecologique-ariegeois.org\/wp-content\/uploads\/2024\/11\/Photo-CEA-Habitat-Gd-Tetras_NX-scaled-e1773566859106-1024x550.jpg\" class=\"attachment-large size-large wp-image-4937\" alt=\"\" srcset=\"https:\/\/comite-ecologique-ariegeois.org\/wp-content\/uploads\/2024\/11\/Photo-CEA-Habitat-Gd-Tetras_NX-scaled-e1773566859106-1024x550.jpg 1024w, https:\/\/comite-ecologique-ariegeois.org\/wp-content\/uploads\/2024\/11\/Photo-CEA-Habitat-Gd-Tetras_NX-scaled-e1773566859106-300x161.jpg 300w, https:\/\/comite-ecologique-ariegeois.org\/wp-content\/uploads\/2024\/11\/Photo-CEA-Habitat-Gd-Tetras_NX-scaled-e1773566859106-768x412.jpg 768w, https:\/\/comite-ecologique-ariegeois.org\/wp-content\/uploads\/2024\/11\/Photo-CEA-Habitat-Gd-Tetras_NX-scaled-e1773566859106-1536x824.jpg 1536w, https:\/\/comite-ecologique-ariegeois.org\/wp-content\/uploads\/2024\/11\/Photo-CEA-Habitat-Gd-Tetras_NX-scaled-e1773566859106-2048x1099.jpg 2048w\" sizes=\"(max-width: 1024px) 100vw, 1024px\" \/>\t\t\t\t\t\t\t\t\t\t\t\t\t\t\t<\/div>\n\t\t\t\t<\/div>\n\t\t\t\t\t<\/div>\n\t\t\t\t<\/div>\n\t\t\t\t<\/div>\n\t\t","protected":false},"excerpt":{"rendered":"<p>Le Grand T\u00e9tras, le Lagop\u00e8de Alpin et la Perdrix grise des Pyr\u00e9n\u00e9es sont des esp\u00e8ces embl\u00e9matiques de l\u2019Ari\u00e8ge. Menac\u00e9es par de multiples facteurs (chasse, activit\u00e9s touristiques, r\u00e9chauffement climatique, nouveaux pr\u00e9dateurs en montagne, collisions avec les cl\u00f4tures pastorales ou les c\u00e2bles de remont\u00e9es m\u00e9caniques,\u2026.), ces esp\u00e8ces subissent une r\u00e9gression tr\u00e8s importante de leurs populations Leur conservation&hellip;&nbsp;<a href=\"https:\/\/comite-ecologique-ariegeois.org\/?p=3752\" rel=\"bookmark\">Lire la suite &raquo;<span class=\"screen-reader-text\">Les galliformes de montagne<\/span><\/a><\/p>\n","protected":false},"author":12,"featured_media":4936,"comment_status":"open","ping_status":"open","sticky":false,"template":"","format":"standard","meta":{"neve_meta_sidebar":"","neve_meta_container":"","neve_meta_enable_content_width":"","neve_meta_content_width":0,"neve_meta_title_alignment":"","neve_meta_author_avatar":"","neve_post_elements_order":"","neve_meta_disable_header":"","neve_meta_disable_footer":"","neve_meta_disable_title":"","footnotes":""},"categories":[1],"tags":[],"class_list":["post-3752","post","type-post","status-publish","format-standard","has-post-thumbnail","hentry","category-non-classe"],"yoast_head":"<!-- This site is optimized with the Yoast SEO plugin v26.4 - https:\/\/yoast.com\/wordpress\/plugins\/seo\/ -->\n<title>Les galliformes de montagne - Comit\u00e9 Ecologique Ari\u00e8geois<\/title>\n<meta name=\"robots\" content=\"index, follow, max-snippet:-1, max-image-preview:large, max-video-preview:-1\" \/>\n<link rel=\"canonical\" href=\"https:\/\/comite-ecologique-ariegeois.org\/?p=3752\" \/>\n<meta property=\"og:locale\" content=\"fr_FR\" \/>\n<meta property=\"og:type\" content=\"article\" \/>\n<meta property=\"og:title\" content=\"Les galliformes de montagne - Comit\u00e9 Ecologique Ari\u00e8geois\" \/>\n<meta property=\"og:description\" content=\"Le Grand T\u00e9tras, le Lagop\u00e8de Alpin et la Perdrix grise des Pyr\u00e9n\u00e9es sont des esp\u00e8ces embl\u00e9matiques de l\u2019Ari\u00e8ge. Menac\u00e9es par de multiples facteurs (chasse, activit\u00e9s touristiques, r\u00e9chauffement climatique, nouveaux pr\u00e9dateurs en montagne, collisions avec les cl\u00f4tures pastorales ou les c\u00e2bles de remont\u00e9es m\u00e9caniques,\u2026.), ces esp\u00e8ces subissent une r\u00e9gression tr\u00e8s importante de leurs populations Leur conservation&hellip;&nbsp;Lire la suite &raquo;Les galliformes de montagne\" \/>\n<meta property=\"og:url\" content=\"https:\/\/comite-ecologique-ariegeois.org\/?p=3752\" \/>\n<meta property=\"og:site_name\" content=\"Comit\u00e9 Ecologique Ari\u00e8geois\" \/>\n<meta property=\"article:publisher\" content=\"https:\/\/www.facebook.com\/comite.ariegeois\/\" \/>\n<meta property=\"article:published_time\" content=\"2024-11-04T18:33:57+00:00\" \/>\n<meta property=\"article:modified_time\" content=\"2026-03-15T09:28:25+00:00\" \/>\n<meta property=\"og:image\" content=\"https:\/\/comite-ecologique-ariegeois.org\/wp-content\/uploads\/2024\/11\/Photo-CEA_Poule-et-coq-grand-tetras_NX-e1735151949325.jpg\" \/>\n\t<meta property=\"og:image:width\" content=\"1555\" \/>\n\t<meta property=\"og:image:height\" content=\"1014\" \/>\n\t<meta property=\"og:image:type\" content=\"image\/jpeg\" \/>\n<meta name=\"author\" content=\"Thierry de Noblens\" \/>\n<meta name=\"twitter:card\" content=\"summary_large_image\" \/>\n<meta name=\"twitter:label1\" content=\"\u00c9crit par\" \/>\n\t<meta name=\"twitter:data1\" content=\"Thierry de Noblens\" \/>\n\t<meta name=\"twitter:label2\" content=\"Dur\u00e9e de lecture estim\u00e9e\" \/>\n\t<meta name=\"twitter:data2\" content=\"2 minutes\" \/>\n<script type=\"application\/ld+json\" class=\"yoast-schema-graph\">{\"@context\":\"https:\/\/schema.org\",\"@graph\":[{\"@type\":\"Article\",\"@id\":\"https:\/\/comite-ecologique-ariegeois.org\/?p=3752#article\",\"isPartOf\":{\"@id\":\"https:\/\/comite-ecologique-ariegeois.org\/?p=3752\"},\"author\":{\"name\":\"Thierry de Noblens\",\"@id\":\"https:\/\/comite-ecologique-ariegeois.org\/#\/schema\/person\/b7e5d45315905890ba115beac28c648b\"},\"headline\":\"Les galliformes de montagne\",\"datePublished\":\"2024-11-04T18:33:57+00:00\",\"dateModified\":\"2026-03-15T09:28:25+00:00\",\"mainEntityOfPage\":{\"@id\":\"https:\/\/comite-ecologique-ariegeois.org\/?p=3752\"},\"wordCount\":241,\"commentCount\":0,\"publisher\":{\"@id\":\"https:\/\/comite-ecologique-ariegeois.org\/#organization\"},\"image\":{\"@id\":\"https:\/\/comite-ecologique-ariegeois.org\/?p=3752#primaryimage\"},\"thumbnailUrl\":\"https:\/\/comite-ecologique-ariegeois.org\/wp-content\/uploads\/2024\/11\/Photo-CEA_Poule-et-coq-grand-tetras_NX-e1735151949325.jpg\",\"inLanguage\":\"fr-FR\",\"potentialAction\":[{\"@type\":\"CommentAction\",\"name\":\"Comment\",\"target\":[\"https:\/\/comite-ecologique-ariegeois.org\/?p=3752#respond\"]}]},{\"@type\":\"WebPage\",\"@id\":\"https:\/\/comite-ecologique-ariegeois.org\/?p=3752\",\"url\":\"https:\/\/comite-ecologique-ariegeois.org\/?p=3752\",\"name\":\"Les galliformes de montagne - Comit\u00e9 Ecologique Ari\u00e8geois\",\"isPartOf\":{\"@id\":\"https:\/\/comite-ecologique-ariegeois.org\/#website\"},\"primaryImageOfPage\":{\"@id\":\"https:\/\/comite-ecologique-ariegeois.org\/?p=3752#primaryimage\"},\"image\":{\"@id\":\"https:\/\/comite-ecologique-ariegeois.org\/?p=3752#primaryimage\"},\"thumbnailUrl\":\"https:\/\/comite-ecologique-ariegeois.org\/wp-content\/uploads\/2024\/11\/Photo-CEA_Poule-et-coq-grand-tetras_NX-e1735151949325.jpg\",\"datePublished\":\"2024-11-04T18:33:57+00:00\",\"dateModified\":\"2026-03-15T09:28:25+00:00\",\"breadcrumb\":{\"@id\":\"https:\/\/comite-ecologique-ariegeois.org\/?p=3752#breadcrumb\"},\"inLanguage\":\"fr-FR\",\"potentialAction\":[{\"@type\":\"ReadAction\",\"target\":[\"https:\/\/comite-ecologique-ariegeois.org\/?p=3752\"]}]},{\"@type\":\"ImageObject\",\"inLanguage\":\"fr-FR\",\"@id\":\"https:\/\/comite-ecologique-ariegeois.org\/?p=3752#primaryimage\",\"url\":\"https:\/\/comite-ecologique-ariegeois.org\/wp-content\/uploads\/2024\/11\/Photo-CEA_Poule-et-coq-grand-tetras_NX-e1735151949325.jpg\",\"contentUrl\":\"https:\/\/comite-ecologique-ariegeois.org\/wp-content\/uploads\/2024\/11\/Photo-CEA_Poule-et-coq-grand-tetras_NX-e1735151949325.jpg\",\"width\":1555,\"height\":1014},{\"@type\":\"BreadcrumbList\",\"@id\":\"https:\/\/comite-ecologique-ariegeois.org\/?p=3752#breadcrumb\",\"itemListElement\":[{\"@type\":\"ListItem\",\"position\":1,\"name\":\"Accueil\",\"item\":\"https:\/\/comite-ecologique-ariegeois.org\/\"},{\"@type\":\"ListItem\",\"position\":2,\"name\":\"Les galliformes de montagne\"}]},{\"@type\":\"WebSite\",\"@id\":\"https:\/\/comite-ecologique-ariegeois.org\/#website\",\"url\":\"https:\/\/comite-ecologique-ariegeois.org\/\",\"name\":\"Comit\u00e9 Ecologique Ari\u00e8geois\",\"description\":\"Assotiation de protection de la nature\",\"publisher\":{\"@id\":\"https:\/\/comite-ecologique-ariegeois.org\/#organization\"},\"potentialAction\":[{\"@type\":\"SearchAction\",\"target\":{\"@type\":\"EntryPoint\",\"urlTemplate\":\"https:\/\/comite-ecologique-ariegeois.org\/?s={search_term_string}\"},\"query-input\":{\"@type\":\"PropertyValueSpecification\",\"valueRequired\":true,\"valueName\":\"search_term_string\"}}],\"inLanguage\":\"fr-FR\"},{\"@type\":\"Organization\",\"@id\":\"https:\/\/comite-ecologique-ariegeois.org\/#organization\",\"name\":\"Comit\u00e9 Ecologique Ari\u00e8geois\",\"url\":\"https:\/\/comite-ecologique-ariegeois.org\/\",\"logo\":{\"@type\":\"ImageObject\",\"inLanguage\":\"fr-FR\",\"@id\":\"https:\/\/comite-ecologique-ariegeois.org\/#\/schema\/logo\/image\/\",\"url\":\"https:\/\/comite-ecologique-ariegeois.org\/wp-content\/uploads\/2025\/01\/logo_nouveau_cea_jpeg_250pix_02_03_24-a8816.jpg\",\"contentUrl\":\"https:\/\/comite-ecologique-ariegeois.org\/wp-content\/uploads\/2025\/01\/logo_nouveau_cea_jpeg_250pix_02_03_24-a8816.jpg\",\"width\":250,\"height\":250,\"caption\":\"Comit\u00e9 Ecologique Ari\u00e8geois\"},\"image\":{\"@id\":\"https:\/\/comite-ecologique-ariegeois.org\/#\/schema\/logo\/image\/\"},\"sameAs\":[\"https:\/\/www.facebook.com\/comite.ariegeois\/\",\"https:\/\/www.instagram.com\/comite.ecologique.ariegeois\/\"]},{\"@type\":\"Person\",\"@id\":\"https:\/\/comite-ecologique-ariegeois.org\/#\/schema\/person\/b7e5d45315905890ba115beac28c648b\",\"name\":\"Thierry de Noblens\",\"image\":{\"@type\":\"ImageObject\",\"inLanguage\":\"fr-FR\",\"@id\":\"https:\/\/comite-ecologique-ariegeois.org\/#\/schema\/person\/image\/\",\"url\":\"https:\/\/secure.gravatar.com\/avatar\/213318839cda8eb1e33428b1075d632c04b7b9341d25f8b92dbf02508916b309?s=96&d=mm&r=g\",\"contentUrl\":\"https:\/\/secure.gravatar.com\/avatar\/213318839cda8eb1e33428b1075d632c04b7b9341d25f8b92dbf02508916b309?s=96&d=mm&r=g\",\"caption\":\"Thierry de Noblens\"},\"url\":\"https:\/\/comite-ecologique-ariegeois.org\/?author=12\"}]}<\/script>\n<!-- \/ Yoast SEO plugin. -->","yoast_head_json":{"title":"Les galliformes de montagne - Comit\u00e9 Ecologique Ari\u00e8geois","robots":{"index":"index","follow":"follow","max-snippet":"max-snippet:-1","max-image-preview":"max-image-preview:large","max-video-preview":"max-video-preview:-1"},"canonical":"https:\/\/comite-ecologique-ariegeois.org\/?p=3752","og_locale":"fr_FR","og_type":"article","og_title":"Les galliformes de montagne - Comit\u00e9 Ecologique Ari\u00e8geois","og_description":"Le Grand T\u00e9tras, le Lagop\u00e8de Alpin et la Perdrix grise des Pyr\u00e9n\u00e9es sont des esp\u00e8ces embl\u00e9matiques de l\u2019Ari\u00e8ge. Menac\u00e9es par de multiples facteurs (chasse, activit\u00e9s touristiques, r\u00e9chauffement climatique, nouveaux pr\u00e9dateurs en montagne, collisions avec les cl\u00f4tures pastorales ou les c\u00e2bles de remont\u00e9es m\u00e9caniques,\u2026.), ces esp\u00e8ces subissent une r\u00e9gression tr\u00e8s importante de leurs populations Leur conservation&hellip;&nbsp;Lire la suite &raquo;Les galliformes de montagne","og_url":"https:\/\/comite-ecologique-ariegeois.org\/?p=3752","og_site_name":"Comit\u00e9 Ecologique Ari\u00e8geois","article_publisher":"https:\/\/www.facebook.com\/comite.ariegeois\/","article_published_time":"2024-11-04T18:33:57+00:00","article_modified_time":"2026-03-15T09:28:25+00:00","og_image":[{"width":1555,"height":1014,"url":"https:\/\/comite-ecologique-ariegeois.org\/wp-content\/uploads\/2024\/11\/Photo-CEA_Poule-et-coq-grand-tetras_NX-e1735151949325.jpg","type":"image\/jpeg"}],"author":"Thierry de Noblens","twitter_card":"summary_large_image","twitter_misc":{"\u00c9crit par":"Thierry de Noblens","Dur\u00e9e de lecture estim\u00e9e":"2 minutes"},"schema":{"@context":"https:\/\/schema.org","@graph":[{"@type":"Article","@id":"https:\/\/comite-ecologique-ariegeois.org\/?p=3752#article","isPartOf":{"@id":"https:\/\/comite-ecologique-ariegeois.org\/?p=3752"},"author":{"name":"Thierry de Noblens","@id":"https:\/\/comite-ecologique-ariegeois.org\/#\/schema\/person\/b7e5d45315905890ba115beac28c648b"},"headline":"Les galliformes de montagne","datePublished":"2024-11-04T18:33:57+00:00","dateModified":"2026-03-15T09:28:25+00:00","mainEntityOfPage":{"@id":"https:\/\/comite-ecologique-ariegeois.org\/?p=3752"},"wordCount":241,"commentCount":0,"publisher":{"@id":"https:\/\/comite-ecologique-ariegeois.org\/#organization"},"image":{"@id":"https:\/\/comite-ecologique-ariegeois.org\/?p=3752#primaryimage"},"thumbnailUrl":"https:\/\/comite-ecologique-ariegeois.org\/wp-content\/uploads\/2024\/11\/Photo-CEA_Poule-et-coq-grand-tetras_NX-e1735151949325.jpg","inLanguage":"fr-FR","potentialAction":[{"@type":"CommentAction","name":"Comment","target":["https:\/\/comite-ecologique-ariegeois.org\/?p=3752#respond"]}]},{"@type":"WebPage","@id":"https:\/\/comite-ecologique-ariegeois.org\/?p=3752","url":"https:\/\/comite-ecologique-ariegeois.org\/?p=3752","name":"Les galliformes de montagne - Comit\u00e9 Ecologique Ari\u00e8geois","isPartOf":{"@id":"https:\/\/comite-ecologique-ariegeois.org\/#website"},"primaryImageOfPage":{"@id":"https:\/\/comite-ecologique-ariegeois.org\/?p=3752#primaryimage"},"image":{"@id":"https:\/\/comite-ecologique-ariegeois.org\/?p=3752#primaryimage"},"thumbnailUrl":"https:\/\/comite-ecologique-ariegeois.org\/wp-content\/uploads\/2024\/11\/Photo-CEA_Poule-et-coq-grand-tetras_NX-e1735151949325.jpg","datePublished":"2024-11-04T18:33:57+00:00","dateModified":"2026-03-15T09:28:25+00:00","breadcrumb":{"@id":"https:\/\/comite-ecologique-ariegeois.org\/?p=3752#breadcrumb"},"inLanguage":"fr-FR","potentialAction":[{"@type":"ReadAction","target":["https:\/\/comite-ecologique-ariegeois.org\/?p=3752"]}]},{"@type":"ImageObject","inLanguage":"fr-FR","@id":"https:\/\/comite-ecologique-ariegeois.org\/?p=3752#primaryimage","url":"https:\/\/comite-ecologique-ariegeois.org\/wp-content\/uploads\/2024\/11\/Photo-CEA_Poule-et-coq-grand-tetras_NX-e1735151949325.jpg","contentUrl":"https:\/\/comite-ecologique-ariegeois.org\/wp-content\/uploads\/2024\/11\/Photo-CEA_Poule-et-coq-grand-tetras_NX-e1735151949325.jpg","width":1555,"height":1014},{"@type":"BreadcrumbList","@id":"https:\/\/comite-ecologique-ariegeois.org\/?p=3752#breadcrumb","itemListElement":[{"@type":"ListItem","position":1,"name":"Accueil","item":"https:\/\/comite-ecologique-ariegeois.org\/"},{"@type":"ListItem","position":2,"name":"Les galliformes de montagne"}]},{"@type":"WebSite","@id":"https:\/\/comite-ecologique-ariegeois.org\/#website","url":"https:\/\/comite-ecologique-ariegeois.org\/","name":"Comit\u00e9 Ecologique Ari\u00e8geois","description":"Assotiation de protection de la nature","publisher":{"@id":"https:\/\/comite-ecologique-ariegeois.org\/#organization"},"potentialAction":[{"@type":"SearchAction","target":{"@type":"EntryPoint","urlTemplate":"https:\/\/comite-ecologique-ariegeois.org\/?s={search_term_string}"},"query-input":{"@type":"PropertyValueSpecification","valueRequired":true,"valueName":"search_term_string"}}],"inLanguage":"fr-FR"},{"@type":"Organization","@id":"https:\/\/comite-ecologique-ariegeois.org\/#organization","name":"Comit\u00e9 Ecologique Ari\u00e8geois","url":"https:\/\/comite-ecologique-ariegeois.org\/","logo":{"@type":"ImageObject","inLanguage":"fr-FR","@id":"https:\/\/comite-ecologique-ariegeois.org\/#\/schema\/logo\/image\/","url":"https:\/\/comite-ecologique-ariegeois.org\/wp-content\/uploads\/2025\/01\/logo_nouveau_cea_jpeg_250pix_02_03_24-a8816.jpg","contentUrl":"https:\/\/comite-ecologique-ariegeois.org\/wp-content\/uploads\/2025\/01\/logo_nouveau_cea_jpeg_250pix_02_03_24-a8816.jpg","width":250,"height":250,"caption":"Comit\u00e9 Ecologique Ari\u00e8geois"},"image":{"@id":"https:\/\/comite-ecologique-ariegeois.org\/#\/schema\/logo\/image\/"},"sameAs":["https:\/\/www.facebook.com\/comite.ariegeois\/","https:\/\/www.instagram.com\/comite.ecologique.ariegeois\/"]},{"@type":"Person","@id":"https:\/\/comite-ecologique-ariegeois.org\/#\/schema\/person\/b7e5d45315905890ba115beac28c648b","name":"Thierry de Noblens","image":{"@type":"ImageObject","inLanguage":"fr-FR","@id":"https:\/\/comite-ecologique-ariegeois.org\/#\/schema\/person\/image\/","url":"https:\/\/secure.gravatar.com\/avatar\/213318839cda8eb1e33428b1075d632c04b7b9341d25f8b92dbf02508916b309?s=96&d=mm&r=g","contentUrl":"https:\/\/secure.gravatar.com\/avatar\/213318839cda8eb1e33428b1075d632c04b7b9341d25f8b92dbf02508916b309?s=96&d=mm&r=g","caption":"Thierry de Noblens"},"url":"https:\/\/comite-ecologique-ariegeois.org\/?author=12"}]}},"_links":{"self":[{"href":"https:\/\/comite-ecologique-ariegeois.org\/index.php?rest_route=\/wp\/v2\/posts\/3752","targetHints":{"allow":["GET"]}}],"collection":[{"href":"https:\/\/comite-ecologique-ariegeois.org\/index.php?rest_route=\/wp\/v2\/posts"}],"about":[{"href":"https:\/\/comite-ecologique-ariegeois.org\/index.php?rest_route=\/wp\/v2\/types\/post"}],"author":[{"embeddable":true,"href":"https:\/\/comite-ecologique-ariegeois.org\/index.php?rest_route=\/wp\/v2\/users\/12"}],"replies":[{"embeddable":true,"href":"https:\/\/comite-ecologique-ariegeois.org\/index.php?rest_route=%2Fwp%2Fv2%2Fcomments&post=3752"}],"version-history":[{"count":13,"href":"https:\/\/comite-ecologique-ariegeois.org\/index.php?rest_route=\/wp\/v2\/posts\/3752\/revisions"}],"predecessor-version":[{"id":11515,"href":"https:\/\/comite-ecologique-ariegeois.org\/index.php?rest_route=\/wp\/v2\/posts\/3752\/revisions\/11515"}],"wp:featuredmedia":[{"embeddable":true,"href":"https:\/\/comite-ecologique-ariegeois.org\/index.php?rest_route=\/wp\/v2\/media\/4936"}],"wp:attachment":[{"href":"https:\/\/comite-ecologique-ariegeois.org\/index.php?rest_route=%2Fwp%2Fv2%2Fmedia&parent=3752"}],"wp:term":[{"taxonomy":"category","embeddable":true,"href":"https:\/\/comite-ecologique-ariegeois.org\/index.php?rest_route=%2Fwp%2Fv2%2Fcategories&post=3752"},{"taxonomy":"post_tag","embeddable":true,"href":"https:\/\/comite-ecologique-ariegeois.org\/index.php?rest_route=%2Fwp%2Fv2%2Ftags&post=3752"}],"curies":[{"name":"wp","href":"https:\/\/api.w.org\/{rel}","templated":true}]}}