{"id":3749,"date":"2024-11-04T19:23:37","date_gmt":"2024-11-04T18:23:37","guid":{"rendered":"https:\/\/comite-ecologique-ariegeois.org\/?p=3749"},"modified":"2025-04-21T11:52:05","modified_gmt":"2025-04-21T09:52:05","slug":"lours-des-pyrenees","status":"publish","type":"post","link":"https:\/\/comite-ecologique-ariegeois.org\/?p=3749","title":{"rendered":"L&rsquo;ours des Pyr\u00e9n\u00e9es"},"content":{"rendered":"\t\t<div data-elementor-type=\"wp-post\" data-elementor-id=\"3749\" class=\"elementor elementor-3749\">\n\t\t\t\t<div class=\"elementor-element elementor-element-131c3c29 e-flex e-con-boxed e-con e-parent\" data-id=\"131c3c29\" data-element_type=\"container\">\n\t\t\t\t\t<div class=\"e-con-inner\">\n\t\t\t\t<div class=\"elementor-element elementor-element-48d8335a elementor-widget elementor-widget-text-editor\" data-id=\"48d8335a\" data-element_type=\"widget\" data-widget_type=\"text-editor.default\">\n\t\t\t\t<div class=\"elementor-widget-container\">\n\t\t\t\t\t\t\t\t\t<p>Prot\u00e9g\u00e9 juridiquement par la Convention de Berne de 1979, l&rsquo;Ours des Pyr\u00e9n\u00e9es a fait l&rsquo;objet d&rsquo;une r\u00e9introduction, d\u00e8s les ann\u00e9es 1990, dans nos montagnes.<\/p>\n<p><!-- \/wp:paragraph --><\/p>\n<p><!-- wp:paragraph --><\/p>\n<p>En 2023, la population d&rsquo;ours sur l&rsquo;ensemble des Pyr\u00e9n\u00e9es est estim\u00e9e \u00e0 83 ours environ.<\/p>\n<p><!-- \/wp:paragraph --><\/p>\n<p><!-- wp:paragraph --><\/p>\n<p>Cependant, ce chiffre est consid\u00e9r\u00e9 comme insuffisant pour avoir une population viable sur le long terme, surtout compte-tenu du probl\u00e8me croissant de consanguinit\u00e9 qui menace cette esp\u00e8ce. En effet, 85% des individus n\u00e9s depuis 1996 sont des descendants d&rsquo;un m\u00e2le, Pyros. De plus, la plupart des port\u00e9es actuelles sont issues seulement de deux femelles.\u00a0<\/p>\n<p><!-- \/wp:paragraph --><\/p>\n<p><!-- wp:paragraph --><\/p>\n<p>Le CEA est activement engag\u00e9, avec d&rsquo;autres associations, pour lutter contre les tirs d&rsquo;effarouchement, dont l&rsquo;efficacit\u00e9 n&rsquo;a pas \u00e9t\u00e9 prouv\u00e9e et pour obtenir le remplacement des ours tu\u00e9s de la main de l&rsquo;Homme.<\/p>\n<p><!-- \/wp:paragraph --><\/p>\n<p><!-- wp:paragraph --><\/p>\n<p>Aussi, le CEA agit au sein de la coordination CAP Ours (17 associations) qui regroupe sur l\u2019ensemble de la cha\u00eene pyr\u00e9n\u00e9enne des associations de divers horizons (protection de la nature, communes, accompagnateurs\u2026). L\u2019objectif de cette coordination est de faire valoir la pr\u00e9sence de l\u2019ours sur l\u2019ensemble du territoire : prot\u00e9ger l\u2019esp\u00e8ce mais aussi la faire accepter au travers d\u2019actions de sensibilisation, en soutenant des activit\u00e9s humaines viables et \u00e9quitables.<\/p>\n<p><!-- \/wp:paragraph --><\/p>\t\t\t\t\t\t\t\t<\/div>\n\t\t\t\t<\/div>\n\t\t\t\t<div class=\"elementor-element elementor-element-a649d68 elementor-widget elementor-widget-button\" data-id=\"a649d68\" data-element_type=\"widget\" data-widget_type=\"button.default\">\n\t\t\t\t<div class=\"elementor-widget-container\">\n\t\t\t\t\t\t\t\t\t<div class=\"elementor-button-wrapper\">\n\t\t\t\t\t<a class=\"elementor-button elementor-button-link elementor-size-sm\" href=\"http:\/\/vivreaveclours.org\">\n\t\t\t\t\t\t<span class=\"elementor-button-content-wrapper\">\n\t\t\t\t\t\t\t\t\t<span class=\"elementor-button-text\">Lien vers le site CAP OURS<\/span>\n\t\t\t\t\t<\/span>\n\t\t\t\t\t<\/a>\n\t\t\t\t<\/div>\n\t\t\t\t\t\t\t\t<\/div>\n\t\t\t\t<\/div>\n\t\t\t\t\t<\/div>\n\t\t\t\t<\/div>\n\t\t<div class=\"elementor-element elementor-element-6bb5130 e-flex e-con-boxed e-con e-parent\" data-id=\"6bb5130\" data-element_type=\"container\">\n\t\t\t\t\t<div class=\"e-con-inner\">\n\t\t\t\t<div class=\"elementor-element elementor-element-3a917d4 elementor-widget elementor-widget-button\" data-id=\"3a917d4\" data-element_type=\"widget\" data-widget_type=\"button.default\">\n\t\t\t\t<div class=\"elementor-widget-container\">\n\t\t\t\t\t\t\t\t\t<div class=\"elementor-button-wrapper\">\n\t\t\t\t\t<a class=\"elementor-button elementor-button-link elementor-size-sm\" href=\"https:\/\/comite-ecologique-ariegeois.org\/archiveSPIP2024\/actions\/faune-flore-foret-chasse\/especes-animales\/ours\/index.html\">\n\t\t\t\t\t\t<span class=\"elementor-button-content-wrapper\">\n\t\t\t\t\t\t\t\t\t<span class=\"elementor-button-text\">Articles sur l'ours (vers ancien site)<\/span>\n\t\t\t\t\t<\/span>\n\t\t\t\t\t<\/a>\n\t\t\t\t<\/div>\n\t\t\t\t\t\t\t\t<\/div>\n\t\t\t\t<\/div>\n\t\t\t\t\t<\/div>\n\t\t\t\t<\/div>\n\t\t<div class=\"elementor-element elementor-element-4c2198c e-flex e-con-boxed e-con e-parent\" data-id=\"4c2198c\" data-element_type=\"container\">\n\t\t\t\t\t<div class=\"e-con-inner\">\n\t\t\t\t<div class=\"elementor-element elementor-element-4581490 elementor-absolute elementor-widget elementor-widget-button\" data-id=\"4581490\" data-element_type=\"widget\" data-settings=\"{&quot;_position&quot;:&quot;absolute&quot;}\" data-widget_type=\"button.default\">\n\t\t\t\t<div class=\"elementor-widget-container\">\n\t\t\t\t\t\t\t\t\t<div class=\"elementor-button-wrapper\">\n\t\t\t\t\t<a class=\"elementor-button elementor-button-link elementor-size-sm elementor-animation-grow\" href=\"https:\/\/soundcloud.com\/radiotransparence937\/alternatives-ecologiques-la-mort-dune-ourse-dans-les-pyrenees-ariegeoise?utm_source=comite-ecologique-ariegeois.org&#038;utm_campaign=wtshare&#038;utm_medium=widget&#038;utm_content=https%253A%252F%252Fsoundcloud.com%252Fradiotransparence937%252Falternatives-ecologiques-la-mort-dune-ourse-dans-les-pyrenees-ariegeoise#:~:text=Mettre%20en%20pause-,Alternatives%20Ecologiques%20%2D%20La%20Mort%20D%27une%20Ourse%20Dans%20Les%20Pyr%C3%A9n%C3%A9es%20Ariegeoise,-Radio%20Transparence\">\n\t\t\t\t\t\t<span class=\"elementor-button-content-wrapper\">\n\t\t\t\t\t\t\t\t\t<span class=\"elementor-button-text\">Emission CEA\/RT du 16\/02\/2022 \"La mort d'une ourse dans les Pyr\u00e9n\u00e9es ari\u00e9geoise<\/span>\n\t\t\t\t\t<\/span>\n\t\t\t\t\t<\/a>\n\t\t\t\t<\/div>\n\t\t\t\t\t\t\t\t<\/div>\n\t\t\t\t<\/div>\n\t\t\t\t\t<\/div>\n\t\t\t\t<\/div>\n\t\t\t\t<\/div>\n\t\t","protected":false},"excerpt":{"rendered":"<p>Prot\u00e9g\u00e9 juridiquement par la Convention de Berne de 1979, l&rsquo;Ours des Pyr\u00e9n\u00e9es a fait l&rsquo;objet d&rsquo;une r\u00e9introduction, d\u00e8s les ann\u00e9es 1990, dans nos montagnes. En 2023, la population d&rsquo;ours sur l&rsquo;ensemble des Pyr\u00e9n\u00e9es est estim\u00e9e \u00e0 83 ours environ. Cependant, ce chiffre est consid\u00e9r\u00e9 comme insuffisant pour avoir une population viable sur le long terme,&hellip;&nbsp;<a href=\"https:\/\/comite-ecologique-ariegeois.org\/?p=3749\" rel=\"bookmark\">Lire la suite &raquo;<span class=\"screen-reader-text\">L&rsquo;ours des Pyr\u00e9n\u00e9es<\/span><\/a><\/p>\n","protected":false},"author":7,"featured_media":9386,"comment_status":"open","ping_status":"open","sticky":false,"template":"","format":"standard","meta":{"neve_meta_sidebar":"","neve_meta_container":"","neve_meta_enable_content_width":"","neve_meta_content_width":0,"neve_meta_title_alignment":"","neve_meta_author_avatar":"","neve_post_elements_order":"[\"title\",\"meta\",\"thumbnail\",\"content\",\"tags\",\"comments\"]","neve_meta_disable_header":"","neve_meta_disable_footer":"","neve_meta_disable_title":"","footnotes":""},"categories":[1],"tags":[],"class_list":["post-3749","post","type-post","status-publish","format-standard","has-post-thumbnail","hentry","category-non-classe"],"yoast_head":"<!-- This site is optimized with the Yoast SEO plugin v26.4 - https:\/\/yoast.com\/wordpress\/plugins\/seo\/ -->\n<title>L&#039;ours des Pyr\u00e9n\u00e9es - Comit\u00e9 Ecologique Ari\u00e8geois<\/title>\n<meta name=\"robots\" content=\"index, follow, max-snippet:-1, max-image-preview:large, max-video-preview:-1\" \/>\n<link rel=\"canonical\" href=\"https:\/\/comite-ecologique-ariegeois.org\/?p=3749\" \/>\n<meta property=\"og:locale\" content=\"fr_FR\" \/>\n<meta property=\"og:type\" content=\"article\" \/>\n<meta property=\"og:title\" content=\"L&#039;ours des Pyr\u00e9n\u00e9es - Comit\u00e9 Ecologique Ari\u00e8geois\" \/>\n<meta property=\"og:description\" content=\"Prot\u00e9g\u00e9 juridiquement par la Convention de Berne de 1979, l&rsquo;Ours des Pyr\u00e9n\u00e9es a fait l&rsquo;objet d&rsquo;une r\u00e9introduction, d\u00e8s les ann\u00e9es 1990, dans nos montagnes. En 2023, la population d&rsquo;ours sur l&rsquo;ensemble des Pyr\u00e9n\u00e9es est estim\u00e9e \u00e0 83 ours environ. Cependant, ce chiffre est consid\u00e9r\u00e9 comme insuffisant pour avoir une population viable sur le long terme,&hellip;&nbsp;Lire la suite &raquo;L&rsquo;ours des Pyr\u00e9n\u00e9es\" \/>\n<meta property=\"og:url\" content=\"https:\/\/comite-ecologique-ariegeois.org\/?p=3749\" \/>\n<meta property=\"og:site_name\" content=\"Comit\u00e9 Ecologique Ari\u00e8geois\" \/>\n<meta property=\"article:publisher\" content=\"https:\/\/www.facebook.com\/comite.ariegeois\/\" \/>\n<meta property=\"article:published_time\" content=\"2024-11-04T18:23:37+00:00\" \/>\n<meta property=\"article:modified_time\" content=\"2025-04-21T09:52:05+00:00\" \/>\n<meta property=\"og:image\" content=\"https:\/\/comite-ecologique-ariegeois.org\/wp-content\/uploads\/2024\/11\/Valier.jpg\" \/>\n\t<meta property=\"og:image:width\" content=\"1000\" \/>\n\t<meta property=\"og:image:height\" content=\"667\" \/>\n\t<meta property=\"og:image:type\" content=\"image\/jpeg\" \/>\n<meta name=\"author\" content=\"Natacha Delpoux\" \/>\n<meta name=\"twitter:card\" content=\"summary_large_image\" \/>\n<meta name=\"twitter:label1\" content=\"\u00c9crit par\" \/>\n\t<meta name=\"twitter:data1\" content=\"Natacha Delpoux\" \/>\n\t<meta name=\"twitter:label2\" content=\"Dur\u00e9e de lecture estim\u00e9e\" \/>\n\t<meta name=\"twitter:data2\" content=\"2 minutes\" \/>\n<script type=\"application\/ld+json\" class=\"yoast-schema-graph\">{\"@context\":\"https:\/\/schema.org\",\"@graph\":[{\"@type\":\"Article\",\"@id\":\"https:\/\/comite-ecologique-ariegeois.org\/?p=3749#article\",\"isPartOf\":{\"@id\":\"https:\/\/comite-ecologique-ariegeois.org\/?p=3749\"},\"author\":{\"name\":\"Natacha Delpoux\",\"@id\":\"https:\/\/comite-ecologique-ariegeois.org\/#\/schema\/person\/1667fc345af6b3fd33655b1dc971a647\"},\"headline\":\"L&rsquo;ours des Pyr\u00e9n\u00e9es\",\"datePublished\":\"2024-11-04T18:23:37+00:00\",\"dateModified\":\"2025-04-21T09:52:05+00:00\",\"mainEntityOfPage\":{\"@id\":\"https:\/\/comite-ecologique-ariegeois.org\/?p=3749\"},\"wordCount\":262,\"commentCount\":2,\"publisher\":{\"@id\":\"https:\/\/comite-ecologique-ariegeois.org\/#organization\"},\"image\":{\"@id\":\"https:\/\/comite-ecologique-ariegeois.org\/?p=3749#primaryimage\"},\"thumbnailUrl\":\"https:\/\/comite-ecologique-ariegeois.org\/wp-content\/uploads\/2024\/11\/Valier.jpg\",\"inLanguage\":\"fr-FR\",\"potentialAction\":[{\"@type\":\"CommentAction\",\"name\":\"Comment\",\"target\":[\"https:\/\/comite-ecologique-ariegeois.org\/?p=3749#respond\"]}]},{\"@type\":\"WebPage\",\"@id\":\"https:\/\/comite-ecologique-ariegeois.org\/?p=3749\",\"url\":\"https:\/\/comite-ecologique-ariegeois.org\/?p=3749\",\"name\":\"L'ours des Pyr\u00e9n\u00e9es - Comit\u00e9 Ecologique Ari\u00e8geois\",\"isPartOf\":{\"@id\":\"https:\/\/comite-ecologique-ariegeois.org\/#website\"},\"primaryImageOfPage\":{\"@id\":\"https:\/\/comite-ecologique-ariegeois.org\/?p=3749#primaryimage\"},\"image\":{\"@id\":\"https:\/\/comite-ecologique-ariegeois.org\/?p=3749#primaryimage\"},\"thumbnailUrl\":\"https:\/\/comite-ecologique-ariegeois.org\/wp-content\/uploads\/2024\/11\/Valier.jpg\",\"datePublished\":\"2024-11-04T18:23:37+00:00\",\"dateModified\":\"2025-04-21T09:52:05+00:00\",\"breadcrumb\":{\"@id\":\"https:\/\/comite-ecologique-ariegeois.org\/?p=3749#breadcrumb\"},\"inLanguage\":\"fr-FR\",\"potentialAction\":[{\"@type\":\"ReadAction\",\"target\":[\"https:\/\/comite-ecologique-ariegeois.org\/?p=3749\"]}]},{\"@type\":\"ImageObject\",\"inLanguage\":\"fr-FR\",\"@id\":\"https:\/\/comite-ecologique-ariegeois.org\/?p=3749#primaryimage\",\"url\":\"https:\/\/comite-ecologique-ariegeois.org\/wp-content\/uploads\/2024\/11\/Valier.jpg\",\"contentUrl\":\"https:\/\/comite-ecologique-ariegeois.org\/wp-content\/uploads\/2024\/11\/Valier.jpg\",\"width\":1000,\"height\":667},{\"@type\":\"BreadcrumbList\",\"@id\":\"https:\/\/comite-ecologique-ariegeois.org\/?p=3749#breadcrumb\",\"itemListElement\":[{\"@type\":\"ListItem\",\"position\":1,\"name\":\"Accueil\",\"item\":\"https:\/\/comite-ecologique-ariegeois.org\/\"},{\"@type\":\"ListItem\",\"position\":2,\"name\":\"L&rsquo;ours des Pyr\u00e9n\u00e9es\"}]},{\"@type\":\"WebSite\",\"@id\":\"https:\/\/comite-ecologique-ariegeois.org\/#website\",\"url\":\"https:\/\/comite-ecologique-ariegeois.org\/\",\"name\":\"Comit\u00e9 Ecologique Ari\u00e8geois\",\"description\":\"Assotiation de protection de la nature\",\"publisher\":{\"@id\":\"https:\/\/comite-ecologique-ariegeois.org\/#organization\"},\"potentialAction\":[{\"@type\":\"SearchAction\",\"target\":{\"@type\":\"EntryPoint\",\"urlTemplate\":\"https:\/\/comite-ecologique-ariegeois.org\/?s={search_term_string}\"},\"query-input\":{\"@type\":\"PropertyValueSpecification\",\"valueRequired\":true,\"valueName\":\"search_term_string\"}}],\"inLanguage\":\"fr-FR\"},{\"@type\":\"Organization\",\"@id\":\"https:\/\/comite-ecologique-ariegeois.org\/#organization\",\"name\":\"Comit\u00e9 Ecologique Ari\u00e8geois\",\"url\":\"https:\/\/comite-ecologique-ariegeois.org\/\",\"logo\":{\"@type\":\"ImageObject\",\"inLanguage\":\"fr-FR\",\"@id\":\"https:\/\/comite-ecologique-ariegeois.org\/#\/schema\/logo\/image\/\",\"url\":\"https:\/\/comite-ecologique-ariegeois.org\/wp-content\/uploads\/2025\/01\/logo_nouveau_cea_jpeg_250pix_02_03_24-a8816.jpg\",\"contentUrl\":\"https:\/\/comite-ecologique-ariegeois.org\/wp-content\/uploads\/2025\/01\/logo_nouveau_cea_jpeg_250pix_02_03_24-a8816.jpg\",\"width\":250,\"height\":250,\"caption\":\"Comit\u00e9 Ecologique Ari\u00e8geois\"},\"image\":{\"@id\":\"https:\/\/comite-ecologique-ariegeois.org\/#\/schema\/logo\/image\/\"},\"sameAs\":[\"https:\/\/www.facebook.com\/comite.ariegeois\/\",\"https:\/\/www.instagram.com\/comite.ecologique.ariegeois\/\"]},{\"@type\":\"Person\",\"@id\":\"https:\/\/comite-ecologique-ariegeois.org\/#\/schema\/person\/1667fc345af6b3fd33655b1dc971a647\",\"name\":\"Natacha Delpoux\",\"image\":{\"@type\":\"ImageObject\",\"inLanguage\":\"fr-FR\",\"@id\":\"https:\/\/comite-ecologique-ariegeois.org\/#\/schema\/person\/image\/\",\"url\":\"https:\/\/secure.gravatar.com\/avatar\/d13bc25aaeccd241b4c1c6f581386117c1cc9b78e4c07defe9140ff63754f418?s=96&d=mm&r=g\",\"contentUrl\":\"https:\/\/secure.gravatar.com\/avatar\/d13bc25aaeccd241b4c1c6f581386117c1cc9b78e4c07defe9140ff63754f418?s=96&d=mm&r=g\",\"caption\":\"Natacha Delpoux\"},\"url\":\"https:\/\/comite-ecologique-ariegeois.org\/?author=7\"}]}<\/script>\n<!-- \/ Yoast SEO plugin. -->","yoast_head_json":{"title":"L'ours des Pyr\u00e9n\u00e9es - Comit\u00e9 Ecologique Ari\u00e8geois","robots":{"index":"index","follow":"follow","max-snippet":"max-snippet:-1","max-image-preview":"max-image-preview:large","max-video-preview":"max-video-preview:-1"},"canonical":"https:\/\/comite-ecologique-ariegeois.org\/?p=3749","og_locale":"fr_FR","og_type":"article","og_title":"L'ours des Pyr\u00e9n\u00e9es - Comit\u00e9 Ecologique Ari\u00e8geois","og_description":"Prot\u00e9g\u00e9 juridiquement par la Convention de Berne de 1979, l&rsquo;Ours des Pyr\u00e9n\u00e9es a fait l&rsquo;objet d&rsquo;une r\u00e9introduction, d\u00e8s les ann\u00e9es 1990, dans nos montagnes. En 2023, la population d&rsquo;ours sur l&rsquo;ensemble des Pyr\u00e9n\u00e9es est estim\u00e9e \u00e0 83 ours environ. Cependant, ce chiffre est consid\u00e9r\u00e9 comme insuffisant pour avoir une population viable sur le long terme,&hellip;&nbsp;Lire la suite &raquo;L&rsquo;ours des Pyr\u00e9n\u00e9es","og_url":"https:\/\/comite-ecologique-ariegeois.org\/?p=3749","og_site_name":"Comit\u00e9 Ecologique Ari\u00e8geois","article_publisher":"https:\/\/www.facebook.com\/comite.ariegeois\/","article_published_time":"2024-11-04T18:23:37+00:00","article_modified_time":"2025-04-21T09:52:05+00:00","og_image":[{"width":1000,"height":667,"url":"https:\/\/comite-ecologique-ariegeois.org\/wp-content\/uploads\/2024\/11\/Valier.jpg","type":"image\/jpeg"}],"author":"Natacha Delpoux","twitter_card":"summary_large_image","twitter_misc":{"\u00c9crit par":"Natacha Delpoux","Dur\u00e9e de lecture estim\u00e9e":"2 minutes"},"schema":{"@context":"https:\/\/schema.org","@graph":[{"@type":"Article","@id":"https:\/\/comite-ecologique-ariegeois.org\/?p=3749#article","isPartOf":{"@id":"https:\/\/comite-ecologique-ariegeois.org\/?p=3749"},"author":{"name":"Natacha Delpoux","@id":"https:\/\/comite-ecologique-ariegeois.org\/#\/schema\/person\/1667fc345af6b3fd33655b1dc971a647"},"headline":"L&rsquo;ours des Pyr\u00e9n\u00e9es","datePublished":"2024-11-04T18:23:37+00:00","dateModified":"2025-04-21T09:52:05+00:00","mainEntityOfPage":{"@id":"https:\/\/comite-ecologique-ariegeois.org\/?p=3749"},"wordCount":262,"commentCount":2,"publisher":{"@id":"https:\/\/comite-ecologique-ariegeois.org\/#organization"},"image":{"@id":"https:\/\/comite-ecologique-ariegeois.org\/?p=3749#primaryimage"},"thumbnailUrl":"https:\/\/comite-ecologique-ariegeois.org\/wp-content\/uploads\/2024\/11\/Valier.jpg","inLanguage":"fr-FR","potentialAction":[{"@type":"CommentAction","name":"Comment","target":["https:\/\/comite-ecologique-ariegeois.org\/?p=3749#respond"]}]},{"@type":"WebPage","@id":"https:\/\/comite-ecologique-ariegeois.org\/?p=3749","url":"https:\/\/comite-ecologique-ariegeois.org\/?p=3749","name":"L'ours des Pyr\u00e9n\u00e9es - Comit\u00e9 Ecologique Ari\u00e8geois","isPartOf":{"@id":"https:\/\/comite-ecologique-ariegeois.org\/#website"},"primaryImageOfPage":{"@id":"https:\/\/comite-ecologique-ariegeois.org\/?p=3749#primaryimage"},"image":{"@id":"https:\/\/comite-ecologique-ariegeois.org\/?p=3749#primaryimage"},"thumbnailUrl":"https:\/\/comite-ecologique-ariegeois.org\/wp-content\/uploads\/2024\/11\/Valier.jpg","datePublished":"2024-11-04T18:23:37+00:00","dateModified":"2025-04-21T09:52:05+00:00","breadcrumb":{"@id":"https:\/\/comite-ecologique-ariegeois.org\/?p=3749#breadcrumb"},"inLanguage":"fr-FR","potentialAction":[{"@type":"ReadAction","target":["https:\/\/comite-ecologique-ariegeois.org\/?p=3749"]}]},{"@type":"ImageObject","inLanguage":"fr-FR","@id":"https:\/\/comite-ecologique-ariegeois.org\/?p=3749#primaryimage","url":"https:\/\/comite-ecologique-ariegeois.org\/wp-content\/uploads\/2024\/11\/Valier.jpg","contentUrl":"https:\/\/comite-ecologique-ariegeois.org\/wp-content\/uploads\/2024\/11\/Valier.jpg","width":1000,"height":667},{"@type":"BreadcrumbList","@id":"https:\/\/comite-ecologique-ariegeois.org\/?p=3749#breadcrumb","itemListElement":[{"@type":"ListItem","position":1,"name":"Accueil","item":"https:\/\/comite-ecologique-ariegeois.org\/"},{"@type":"ListItem","position":2,"name":"L&rsquo;ours des Pyr\u00e9n\u00e9es"}]},{"@type":"WebSite","@id":"https:\/\/comite-ecologique-ariegeois.org\/#website","url":"https:\/\/comite-ecologique-ariegeois.org\/","name":"Comit\u00e9 Ecologique Ari\u00e8geois","description":"Assotiation de protection de la nature","publisher":{"@id":"https:\/\/comite-ecologique-ariegeois.org\/#organization"},"potentialAction":[{"@type":"SearchAction","target":{"@type":"EntryPoint","urlTemplate":"https:\/\/comite-ecologique-ariegeois.org\/?s={search_term_string}"},"query-input":{"@type":"PropertyValueSpecification","valueRequired":true,"valueName":"search_term_string"}}],"inLanguage":"fr-FR"},{"@type":"Organization","@id":"https:\/\/comite-ecologique-ariegeois.org\/#organization","name":"Comit\u00e9 Ecologique Ari\u00e8geois","url":"https:\/\/comite-ecologique-ariegeois.org\/","logo":{"@type":"ImageObject","inLanguage":"fr-FR","@id":"https:\/\/comite-ecologique-ariegeois.org\/#\/schema\/logo\/image\/","url":"https:\/\/comite-ecologique-ariegeois.org\/wp-content\/uploads\/2025\/01\/logo_nouveau_cea_jpeg_250pix_02_03_24-a8816.jpg","contentUrl":"https:\/\/comite-ecologique-ariegeois.org\/wp-content\/uploads\/2025\/01\/logo_nouveau_cea_jpeg_250pix_02_03_24-a8816.jpg","width":250,"height":250,"caption":"Comit\u00e9 Ecologique Ari\u00e8geois"},"image":{"@id":"https:\/\/comite-ecologique-ariegeois.org\/#\/schema\/logo\/image\/"},"sameAs":["https:\/\/www.facebook.com\/comite.ariegeois\/","https:\/\/www.instagram.com\/comite.ecologique.ariegeois\/"]},{"@type":"Person","@id":"https:\/\/comite-ecologique-ariegeois.org\/#\/schema\/person\/1667fc345af6b3fd33655b1dc971a647","name":"Natacha Delpoux","image":{"@type":"ImageObject","inLanguage":"fr-FR","@id":"https:\/\/comite-ecologique-ariegeois.org\/#\/schema\/person\/image\/","url":"https:\/\/secure.gravatar.com\/avatar\/d13bc25aaeccd241b4c1c6f581386117c1cc9b78e4c07defe9140ff63754f418?s=96&d=mm&r=g","contentUrl":"https:\/\/secure.gravatar.com\/avatar\/d13bc25aaeccd241b4c1c6f581386117c1cc9b78e4c07defe9140ff63754f418?s=96&d=mm&r=g","caption":"Natacha Delpoux"},"url":"https:\/\/comite-ecologique-ariegeois.org\/?author=7"}]}},"_links":{"self":[{"href":"https:\/\/comite-ecologique-ariegeois.org\/index.php?rest_route=\/wp\/v2\/posts\/3749","targetHints":{"allow":["GET"]}}],"collection":[{"href":"https:\/\/comite-ecologique-ariegeois.org\/index.php?rest_route=\/wp\/v2\/posts"}],"about":[{"href":"https:\/\/comite-ecologique-ariegeois.org\/index.php?rest_route=\/wp\/v2\/types\/post"}],"author":[{"embeddable":true,"href":"https:\/\/comite-ecologique-ariegeois.org\/index.php?rest_route=\/wp\/v2\/users\/7"}],"replies":[{"embeddable":true,"href":"https:\/\/comite-ecologique-ariegeois.org\/index.php?rest_route=%2Fwp%2Fv2%2Fcomments&post=3749"}],"version-history":[{"count":37,"href":"https:\/\/comite-ecologique-ariegeois.org\/index.php?rest_route=\/wp\/v2\/posts\/3749\/revisions"}],"predecessor-version":[{"id":7861,"href":"https:\/\/comite-ecologique-ariegeois.org\/index.php?rest_route=\/wp\/v2\/posts\/3749\/revisions\/7861"}],"wp:featuredmedia":[{"embeddable":true,"href":"https:\/\/comite-ecologique-ariegeois.org\/index.php?rest_route=\/wp\/v2\/media\/9386"}],"wp:attachment":[{"href":"https:\/\/comite-ecologique-ariegeois.org\/index.php?rest_route=%2Fwp%2Fv2%2Fmedia&parent=3749"}],"wp:term":[{"taxonomy":"category","embeddable":true,"href":"https:\/\/comite-ecologique-ariegeois.org\/index.php?rest_route=%2Fwp%2Fv2%2Fcategories&post=3749"},{"taxonomy":"post_tag","embeddable":true,"href":"https:\/\/comite-ecologique-ariegeois.org\/index.php?rest_route=%2Fwp%2Fv2%2Ftags&post=3749"}],"curies":[{"name":"wp","href":"https:\/\/api.w.org\/{rel}","templated":true}]}}