{"id":1552,"date":"2024-10-18T17:21:21","date_gmt":"2024-10-18T15:21:21","guid":{"rendered":"https:\/\/comite-ecologique-ariegeois.org\/?p=1552"},"modified":"2024-12-20T22:10:42","modified_gmt":"2024-12-20T21:10:42","slug":"projet-de-microcentrale-hydroelectrique-a-orlu-sur-loriege-par-la-sarl-shema-groupe-edf","status":"publish","type":"post","link":"https:\/\/comite-ecologique-ariegeois.org\/?p=1552","title":{"rendered":"Projet de microcentrale hydro\u00e9lectrique \u00e0 Orlu sur l\u2019Ori\u00e8ge par la SARL SHEMA (groupe EDF)"},"content":{"rendered":"\t\t<div data-elementor-type=\"wp-post\" data-elementor-id=\"1552\" class=\"elementor elementor-1552\">\n\t\t\t\t<div class=\"elementor-element elementor-element-34b6f7cd e-flex e-con-boxed e-con e-parent\" data-id=\"34b6f7cd\" data-element_type=\"container\">\n\t\t\t\t\t<div class=\"e-con-inner\">\n\t\t\t\t<div class=\"elementor-element elementor-element-5c84b9a1 elementor-widget elementor-widget-text-editor\" data-id=\"5c84b9a1\" data-element_type=\"widget\" data-widget_type=\"text-editor.default\">\n\t\t\t\t<div class=\"elementor-widget-container\">\n\t\t\t\t\t\t\t\t\t\n<p><strong>La synth\u00e8se de l\u2019avis non conclusif de la Missions r\u00e9gionales d&rsquo;autorit\u00e9 environnementale (MRAe) indique\u00a0:<\/strong><\/p>\n\n<p>\u201c<em>La justification de l\u2019implantation d\u2019une centrale hydro\u00e9lectrique sur un tron\u00e7on de grande valeur biologique d\u2019un cours d\u2019eau de montagne, d\u00e9j\u00e0 \u00e9quip\u00e9, dans la m\u00eame commune d\u2019une centrale de capacit\u00e9 de production environ vingt fois plus importante, eu \u00e9gard \u00e0 la recherche d\u2019un optimum \u00e9nerg\u00e9tique et environnemental, et compte-tenu de l\u2019\u00e9tude de solutions alternatives visant au moindre impact environnemental, n\u2019est pas apport\u00e9e de mani\u00e8re convaincante.\u201d<\/em><\/p>\n\n<p><strong>En 2021 Une double action en justice a \u00e9t\u00e9 entreprise<\/strong> <strong>par les associations FNE- OP, CEA, Chabot et Nature En Occitanie<\/strong><\/p>\n\n<p>Elle s\u2019appuyait sur un avis d\u00e9favorable du Conseil National de la Protection de la Nature (CNPN)<\/p>\n\n<ul class=\"wp-block-list\">\n<li>Une demande de suspension en r\u00e9f\u00e9r\u00e9 le 2 novembre, \u00e0 l&rsquo;occasion de travaux de d\u00e9frichements Cette demande a \u00e9t\u00e9 rejet\u00e9e par le Tribunal Administratif A Toulouse<\/li>\n\n<li>Une requ\u00eate au fond d\u00e9pos\u00e9e le 14 septembre, demandant l&rsquo;annulation de l&rsquo;arr\u00eat\u00e9 pr\u00e9fectoral d&rsquo;autorisation d\u00e9livr\u00e9 le 5 aout 2021 \u00e0 la SHEMA. Depuis, rien ne se passe sur le terrain et le jugement au fond est en attente&#8230;<\/li>\n<\/ul>\n\n<p><strong>La SARL SHEMA (groupe EDF) ne convainc qu&rsquo;elle-m\u00eame avec son projet de microcentrale \u00e0 Orlu sur l&rsquo;Ori\u00e8ge\u00a0<\/strong><\/p>\n\t\t\t\t\t\t\t\t<\/div>\n\t\t\t\t<\/div>\n\t\t<div class=\"elementor-element elementor-element-1b996a2 e-grid e-con-full e-con e-child\" data-id=\"1b996a2\" data-element_type=\"container\">\n\t\t\t\t<div class=\"elementor-element elementor-element-4ede1b8 elementor-widget elementor-widget-image\" data-id=\"4ede1b8\" data-element_type=\"widget\" data-widget_type=\"image.default\">\n\t\t\t\t<div class=\"elementor-widget-container\">\n\t\t\t\t\t\t\t\t\t\t\t\t<figure class=\"wp-caption\">\n\t\t\t\t\t\t\t\t\t\t<img fetchpriority=\"high\" decoding=\"async\" width=\"1024\" height=\"767\" src=\"https:\/\/comite-ecologique-ariegeois.org\/wp-content\/uploads\/2024\/10\/Photo-deboisement-projet-micro-centrale-Orlu-sur-lOriege-1-1024x767.jpg\" class=\"attachment-large size-large wp-image-1567\" alt=\"\" srcset=\"https:\/\/comite-ecologique-ariegeois.org\/wp-content\/uploads\/2024\/10\/Photo-deboisement-projet-micro-centrale-Orlu-sur-lOriege-1-1024x767.jpg 1024w, https:\/\/comite-ecologique-ariegeois.org\/wp-content\/uploads\/2024\/10\/Photo-deboisement-projet-micro-centrale-Orlu-sur-lOriege-1-300x225.jpg 300w, https:\/\/comite-ecologique-ariegeois.org\/wp-content\/uploads\/2024\/10\/Photo-deboisement-projet-micro-centrale-Orlu-sur-lOriege-1-768x575.jpg 768w, https:\/\/comite-ecologique-ariegeois.org\/wp-content\/uploads\/2024\/10\/Photo-deboisement-projet-micro-centrale-Orlu-sur-lOriege-1.jpg 1080w\" sizes=\"(max-width: 1024px) 100vw, 1024px\" \/>\t\t\t\t\t\t\t\t\t\t\t<figcaption class=\"widget-image-caption wp-caption-text\">Deboisement projet microcentrale Orlu<\/figcaption>\n\t\t\t\t\t\t\t\t\t\t<\/figure>\n\t\t\t\t\t\t\t\t\t<\/div>\n\t\t\t\t<\/div>\n\t\t\t\t<div class=\"elementor-element elementor-element-a096253 elementor-widget elementor-widget-button\" data-id=\"a096253\" data-element_type=\"widget\" data-widget_type=\"button.default\">\n\t\t\t\t<div class=\"elementor-widget-container\">\n\t\t\t\t\t\t\t\t\t<div class=\"elementor-button-wrapper\">\n\t\t\t\t\t<a class=\"elementor-button elementor-button-link elementor-size-sm\" href=\"https:\/\/comite-ecologique-ariegeois.org\/wp-content\/uploads\/2024\/10\/Lettre-avis-CEA_EP_projet-micro-centrale-hydro_Orlu-Orgeix_12-05-2021-1.pdf\">\n\t\t\t\t\t\t<span class=\"elementor-button-content-wrapper\">\n\t\t\t\t\t\t\t\t\t<span class=\"elementor-button-text\">Avis CEA au commissire enqu\u00eateur<\/span>\n\t\t\t\t\t<\/span>\n\t\t\t\t\t<\/a>\n\t\t\t\t<\/div>\n\t\t\t\t\t\t\t\t<\/div>\n\t\t\t\t<\/div>\n\t\t\t\t<div class=\"elementor-element elementor-element-845ac14 elementor-widget elementor-widget-image\" data-id=\"845ac14\" data-element_type=\"widget\" data-widget_type=\"image.default\">\n\t\t\t\t<div class=\"elementor-widget-container\">\n\t\t\t\t\t\t\t\t\t\t\t\t<figure class=\"wp-caption\">\n\t\t\t\t\t\t\t\t\t\t<img decoding=\"async\" width=\"723\" height=\"428\" src=\"https:\/\/comite-ecologique-ariegeois.org\/wp-content\/uploads\/2024\/10\/Carte-microcentrale-dOrlu.png\" class=\"attachment-large size-large wp-image-1566\" alt=\"\" srcset=\"https:\/\/comite-ecologique-ariegeois.org\/wp-content\/uploads\/2024\/10\/Carte-microcentrale-dOrlu.png 723w, https:\/\/comite-ecologique-ariegeois.org\/wp-content\/uploads\/2024\/10\/Carte-microcentrale-dOrlu-300x178.png 300w\" sizes=\"(max-width: 723px) 100vw, 723px\" \/>\t\t\t\t\t\t\t\t\t\t\t<figcaption class=\"widget-image-caption wp-caption-text\">Carte microcentrale Orlu<\/figcaption>\n\t\t\t\t\t\t\t\t\t\t<\/figure>\n\t\t\t\t\t\t\t\t\t<\/div>\n\t\t\t\t<\/div>\n\t\t\t\t<\/div>\n\t\t\t\t\t<\/div>\n\t\t\t\t<\/div>\n\t\t\t\t<\/div>\n\t\t","protected":false},"excerpt":{"rendered":"<p>La synth\u00e8se de l\u2019avis non conclusif de la Missions r\u00e9gionales d&rsquo;autorit\u00e9 environnementale (MRAe) indique\u00a0: \u201cLa justification de l\u2019implantation d\u2019une centrale hydro\u00e9lectrique sur un tron\u00e7on de grande valeur biologique d\u2019un cours d\u2019eau de montagne, d\u00e9j\u00e0 \u00e9quip\u00e9, dans la m\u00eame commune d\u2019une centrale de capacit\u00e9 de production environ vingt fois plus importante, eu \u00e9gard \u00e0 la recherche&hellip;&nbsp;<a href=\"https:\/\/comite-ecologique-ariegeois.org\/?p=1552\" rel=\"bookmark\">Lire la suite &raquo;<span class=\"screen-reader-text\">Projet de microcentrale hydro\u00e9lectrique \u00e0 Orlu sur l\u2019Ori\u00e8ge par la SARL SHEMA (groupe EDF)<\/span><\/a><\/p>\n","protected":false},"author":3,"featured_media":6733,"comment_status":"open","ping_status":"open","sticky":false,"template":"","format":"standard","meta":{"neve_meta_sidebar":"","neve_meta_container":"","neve_meta_enable_content_width":"","neve_meta_content_width":0,"neve_meta_title_alignment":"","neve_meta_author_avatar":"","neve_post_elements_order":"","neve_meta_disable_header":"","neve_meta_disable_footer":"","neve_meta_disable_title":"","footnotes":""},"categories":[1],"tags":[],"class_list":["post-1552","post","type-post","status-publish","format-standard","has-post-thumbnail","hentry","category-non-classe"],"yoast_head":"<!-- This site is optimized with the Yoast SEO plugin v26.4 - https:\/\/yoast.com\/wordpress\/plugins\/seo\/ -->\n<title>Projet de microcentrale hydro\u00e9lectrique \u00e0 Orlu sur l\u2019Ori\u00e8ge par la SARL SHEMA (groupe EDF) - Comit\u00e9 Ecologique Ari\u00e8geois<\/title>\n<meta name=\"robots\" content=\"index, follow, max-snippet:-1, max-image-preview:large, max-video-preview:-1\" \/>\n<link rel=\"canonical\" href=\"https:\/\/comite-ecologique-ariegeois.org\/?p=1552\" \/>\n<meta property=\"og:locale\" content=\"fr_FR\" \/>\n<meta property=\"og:type\" content=\"article\" \/>\n<meta property=\"og:title\" content=\"Projet de microcentrale hydro\u00e9lectrique \u00e0 Orlu sur l\u2019Ori\u00e8ge par la SARL SHEMA (groupe EDF) - Comit\u00e9 Ecologique Ari\u00e8geois\" \/>\n<meta property=\"og:description\" content=\"La synth\u00e8se de l\u2019avis non conclusif de la Missions r\u00e9gionales d&rsquo;autorit\u00e9 environnementale (MRAe) indique\u00a0: \u201cLa justification de l\u2019implantation d\u2019une centrale hydro\u00e9lectrique sur un tron\u00e7on de grande valeur biologique d\u2019un cours d\u2019eau de montagne, d\u00e9j\u00e0 \u00e9quip\u00e9, dans la m\u00eame commune d\u2019une centrale de capacit\u00e9 de production environ vingt fois plus importante, eu \u00e9gard \u00e0 la recherche&hellip;&nbsp;Lire la suite &raquo;Projet de microcentrale hydro\u00e9lectrique \u00e0 Orlu sur l\u2019Ori\u00e8ge par la SARL SHEMA (groupe EDF)\" \/>\n<meta property=\"og:url\" content=\"https:\/\/comite-ecologique-ariegeois.org\/?p=1552\" \/>\n<meta property=\"og:site_name\" content=\"Comit\u00e9 Ecologique Ari\u00e8geois\" \/>\n<meta property=\"article:publisher\" content=\"https:\/\/www.facebook.com\/comite.ariegeois\/\" \/>\n<meta property=\"article:published_time\" content=\"2024-10-18T15:21:21+00:00\" \/>\n<meta property=\"article:modified_time\" content=\"2024-12-20T21:10:42+00:00\" \/>\n<meta property=\"og:image\" content=\"https:\/\/comite-ecologique-ariegeois.org\/wp-content\/uploads\/2024\/10\/Photo-CEA-Torrent-scaled.jpg\" \/>\n\t<meta property=\"og:image:width\" content=\"2560\" \/>\n\t<meta property=\"og:image:height\" content=\"1701\" \/>\n\t<meta property=\"og:image:type\" content=\"image\/jpeg\" \/>\n<meta name=\"author\" content=\"Marcel Ricordeau\" \/>\n<meta name=\"twitter:card\" content=\"summary_large_image\" \/>\n<meta name=\"twitter:label1\" content=\"\u00c9crit par\" \/>\n\t<meta name=\"twitter:data1\" content=\"Marcel Ricordeau\" \/>\n\t<meta name=\"twitter:label2\" content=\"Dur\u00e9e de lecture estim\u00e9e\" \/>\n\t<meta name=\"twitter:data2\" content=\"1 minute\" \/>\n<script type=\"application\/ld+json\" class=\"yoast-schema-graph\">{\"@context\":\"https:\/\/schema.org\",\"@graph\":[{\"@type\":\"Article\",\"@id\":\"https:\/\/comite-ecologique-ariegeois.org\/?p=1552#article\",\"isPartOf\":{\"@id\":\"https:\/\/comite-ecologique-ariegeois.org\/?p=1552\"},\"author\":{\"name\":\"Marcel Ricordeau\",\"@id\":\"https:\/\/comite-ecologique-ariegeois.org\/#\/schema\/person\/505f799679c3c172520d33603f3e6227\"},\"headline\":\"Projet de microcentrale hydro\u00e9lectrique \u00e0 Orlu sur l\u2019Ori\u00e8ge par la SARL SHEMA (groupe EDF)\",\"datePublished\":\"2024-10-18T15:21:21+00:00\",\"dateModified\":\"2024-12-20T21:10:42+00:00\",\"mainEntityOfPage\":{\"@id\":\"https:\/\/comite-ecologique-ariegeois.org\/?p=1552\"},\"wordCount\":255,\"commentCount\":0,\"publisher\":{\"@id\":\"https:\/\/comite-ecologique-ariegeois.org\/#organization\"},\"image\":{\"@id\":\"https:\/\/comite-ecologique-ariegeois.org\/?p=1552#primaryimage\"},\"thumbnailUrl\":\"https:\/\/comite-ecologique-ariegeois.org\/wp-content\/uploads\/2024\/10\/Photo-CEA-Torrent-scaled.jpg\",\"inLanguage\":\"fr-FR\",\"potentialAction\":[{\"@type\":\"CommentAction\",\"name\":\"Comment\",\"target\":[\"https:\/\/comite-ecologique-ariegeois.org\/?p=1552#respond\"]}]},{\"@type\":\"WebPage\",\"@id\":\"https:\/\/comite-ecologique-ariegeois.org\/?p=1552\",\"url\":\"https:\/\/comite-ecologique-ariegeois.org\/?p=1552\",\"name\":\"Projet de microcentrale hydro\u00e9lectrique \u00e0 Orlu sur l\u2019Ori\u00e8ge par la SARL SHEMA (groupe EDF) - Comit\u00e9 Ecologique Ari\u00e8geois\",\"isPartOf\":{\"@id\":\"https:\/\/comite-ecologique-ariegeois.org\/#website\"},\"primaryImageOfPage\":{\"@id\":\"https:\/\/comite-ecologique-ariegeois.org\/?p=1552#primaryimage\"},\"image\":{\"@id\":\"https:\/\/comite-ecologique-ariegeois.org\/?p=1552#primaryimage\"},\"thumbnailUrl\":\"https:\/\/comite-ecologique-ariegeois.org\/wp-content\/uploads\/2024\/10\/Photo-CEA-Torrent-scaled.jpg\",\"datePublished\":\"2024-10-18T15:21:21+00:00\",\"dateModified\":\"2024-12-20T21:10:42+00:00\",\"breadcrumb\":{\"@id\":\"https:\/\/comite-ecologique-ariegeois.org\/?p=1552#breadcrumb\"},\"inLanguage\":\"fr-FR\",\"potentialAction\":[{\"@type\":\"ReadAction\",\"target\":[\"https:\/\/comite-ecologique-ariegeois.org\/?p=1552\"]}]},{\"@type\":\"ImageObject\",\"inLanguage\":\"fr-FR\",\"@id\":\"https:\/\/comite-ecologique-ariegeois.org\/?p=1552#primaryimage\",\"url\":\"https:\/\/comite-ecologique-ariegeois.org\/wp-content\/uploads\/2024\/10\/Photo-CEA-Torrent-scaled.jpg\",\"contentUrl\":\"https:\/\/comite-ecologique-ariegeois.org\/wp-content\/uploads\/2024\/10\/Photo-CEA-Torrent-scaled.jpg\",\"width\":2560,\"height\":1701},{\"@type\":\"BreadcrumbList\",\"@id\":\"https:\/\/comite-ecologique-ariegeois.org\/?p=1552#breadcrumb\",\"itemListElement\":[{\"@type\":\"ListItem\",\"position\":1,\"name\":\"Accueil\",\"item\":\"https:\/\/comite-ecologique-ariegeois.org\/\"},{\"@type\":\"ListItem\",\"position\":2,\"name\":\"Projet de microcentrale hydro\u00e9lectrique \u00e0 Orlu sur l\u2019Ori\u00e8ge par la SARL SHEMA (groupe EDF)\"}]},{\"@type\":\"WebSite\",\"@id\":\"https:\/\/comite-ecologique-ariegeois.org\/#website\",\"url\":\"https:\/\/comite-ecologique-ariegeois.org\/\",\"name\":\"Comit\u00e9 Ecologique Ari\u00e8geois\",\"description\":\"Assotiation de protection de la nature\",\"publisher\":{\"@id\":\"https:\/\/comite-ecologique-ariegeois.org\/#organization\"},\"potentialAction\":[{\"@type\":\"SearchAction\",\"target\":{\"@type\":\"EntryPoint\",\"urlTemplate\":\"https:\/\/comite-ecologique-ariegeois.org\/?s={search_term_string}\"},\"query-input\":{\"@type\":\"PropertyValueSpecification\",\"valueRequired\":true,\"valueName\":\"search_term_string\"}}],\"inLanguage\":\"fr-FR\"},{\"@type\":\"Organization\",\"@id\":\"https:\/\/comite-ecologique-ariegeois.org\/#organization\",\"name\":\"Comit\u00e9 Ecologique Ari\u00e8geois\",\"url\":\"https:\/\/comite-ecologique-ariegeois.org\/\",\"logo\":{\"@type\":\"ImageObject\",\"inLanguage\":\"fr-FR\",\"@id\":\"https:\/\/comite-ecologique-ariegeois.org\/#\/schema\/logo\/image\/\",\"url\":\"https:\/\/comite-ecologique-ariegeois.org\/wp-content\/uploads\/2025\/01\/logo_nouveau_cea_jpeg_250pix_02_03_24-a8816.jpg\",\"contentUrl\":\"https:\/\/comite-ecologique-ariegeois.org\/wp-content\/uploads\/2025\/01\/logo_nouveau_cea_jpeg_250pix_02_03_24-a8816.jpg\",\"width\":250,\"height\":250,\"caption\":\"Comit\u00e9 Ecologique Ari\u00e8geois\"},\"image\":{\"@id\":\"https:\/\/comite-ecologique-ariegeois.org\/#\/schema\/logo\/image\/\"},\"sameAs\":[\"https:\/\/www.facebook.com\/comite.ariegeois\/\",\"https:\/\/www.instagram.com\/comite.ecologique.ariegeois\/\"]},{\"@type\":\"Person\",\"@id\":\"https:\/\/comite-ecologique-ariegeois.org\/#\/schema\/person\/505f799679c3c172520d33603f3e6227\",\"name\":\"Marcel Ricordeau\",\"image\":{\"@type\":\"ImageObject\",\"inLanguage\":\"fr-FR\",\"@id\":\"https:\/\/comite-ecologique-ariegeois.org\/#\/schema\/person\/image\/\",\"url\":\"https:\/\/secure.gravatar.com\/avatar\/776c60076784f8ebc406a675208874f54109d681dd9b90f317a9354387b9a1cc?s=96&d=mm&r=g\",\"contentUrl\":\"https:\/\/secure.gravatar.com\/avatar\/776c60076784f8ebc406a675208874f54109d681dd9b90f317a9354387b9a1cc?s=96&d=mm&r=g\",\"caption\":\"Marcel Ricordeau\"},\"url\":\"https:\/\/comite-ecologique-ariegeois.org\/?author=3\"}]}<\/script>\n<!-- \/ Yoast SEO plugin. -->","yoast_head_json":{"title":"Projet de microcentrale hydro\u00e9lectrique \u00e0 Orlu sur l\u2019Ori\u00e8ge par la SARL SHEMA (groupe EDF) - Comit\u00e9 Ecologique Ari\u00e8geois","robots":{"index":"index","follow":"follow","max-snippet":"max-snippet:-1","max-image-preview":"max-image-preview:large","max-video-preview":"max-video-preview:-1"},"canonical":"https:\/\/comite-ecologique-ariegeois.org\/?p=1552","og_locale":"fr_FR","og_type":"article","og_title":"Projet de microcentrale hydro\u00e9lectrique \u00e0 Orlu sur l\u2019Ori\u00e8ge par la SARL SHEMA (groupe EDF) - Comit\u00e9 Ecologique Ari\u00e8geois","og_description":"La synth\u00e8se de l\u2019avis non conclusif de la Missions r\u00e9gionales d&rsquo;autorit\u00e9 environnementale (MRAe) indique\u00a0: \u201cLa justification de l\u2019implantation d\u2019une centrale hydro\u00e9lectrique sur un tron\u00e7on de grande valeur biologique d\u2019un cours d\u2019eau de montagne, d\u00e9j\u00e0 \u00e9quip\u00e9, dans la m\u00eame commune d\u2019une centrale de capacit\u00e9 de production environ vingt fois plus importante, eu \u00e9gard \u00e0 la recherche&hellip;&nbsp;Lire la suite &raquo;Projet de microcentrale hydro\u00e9lectrique \u00e0 Orlu sur l\u2019Ori\u00e8ge par la SARL SHEMA (groupe EDF)","og_url":"https:\/\/comite-ecologique-ariegeois.org\/?p=1552","og_site_name":"Comit\u00e9 Ecologique Ari\u00e8geois","article_publisher":"https:\/\/www.facebook.com\/comite.ariegeois\/","article_published_time":"2024-10-18T15:21:21+00:00","article_modified_time":"2024-12-20T21:10:42+00:00","og_image":[{"width":2560,"height":1701,"url":"https:\/\/comite-ecologique-ariegeois.org\/wp-content\/uploads\/2024\/10\/Photo-CEA-Torrent-scaled.jpg","type":"image\/jpeg"}],"author":"Marcel Ricordeau","twitter_card":"summary_large_image","twitter_misc":{"\u00c9crit par":"Marcel Ricordeau","Dur\u00e9e de lecture estim\u00e9e":"1 minute"},"schema":{"@context":"https:\/\/schema.org","@graph":[{"@type":"Article","@id":"https:\/\/comite-ecologique-ariegeois.org\/?p=1552#article","isPartOf":{"@id":"https:\/\/comite-ecologique-ariegeois.org\/?p=1552"},"author":{"name":"Marcel Ricordeau","@id":"https:\/\/comite-ecologique-ariegeois.org\/#\/schema\/person\/505f799679c3c172520d33603f3e6227"},"headline":"Projet de microcentrale hydro\u00e9lectrique \u00e0 Orlu sur l\u2019Ori\u00e8ge par la SARL SHEMA (groupe EDF)","datePublished":"2024-10-18T15:21:21+00:00","dateModified":"2024-12-20T21:10:42+00:00","mainEntityOfPage":{"@id":"https:\/\/comite-ecologique-ariegeois.org\/?p=1552"},"wordCount":255,"commentCount":0,"publisher":{"@id":"https:\/\/comite-ecologique-ariegeois.org\/#organization"},"image":{"@id":"https:\/\/comite-ecologique-ariegeois.org\/?p=1552#primaryimage"},"thumbnailUrl":"https:\/\/comite-ecologique-ariegeois.org\/wp-content\/uploads\/2024\/10\/Photo-CEA-Torrent-scaled.jpg","inLanguage":"fr-FR","potentialAction":[{"@type":"CommentAction","name":"Comment","target":["https:\/\/comite-ecologique-ariegeois.org\/?p=1552#respond"]}]},{"@type":"WebPage","@id":"https:\/\/comite-ecologique-ariegeois.org\/?p=1552","url":"https:\/\/comite-ecologique-ariegeois.org\/?p=1552","name":"Projet de microcentrale hydro\u00e9lectrique \u00e0 Orlu sur l\u2019Ori\u00e8ge par la SARL SHEMA (groupe EDF) - Comit\u00e9 Ecologique Ari\u00e8geois","isPartOf":{"@id":"https:\/\/comite-ecologique-ariegeois.org\/#website"},"primaryImageOfPage":{"@id":"https:\/\/comite-ecologique-ariegeois.org\/?p=1552#primaryimage"},"image":{"@id":"https:\/\/comite-ecologique-ariegeois.org\/?p=1552#primaryimage"},"thumbnailUrl":"https:\/\/comite-ecologique-ariegeois.org\/wp-content\/uploads\/2024\/10\/Photo-CEA-Torrent-scaled.jpg","datePublished":"2024-10-18T15:21:21+00:00","dateModified":"2024-12-20T21:10:42+00:00","breadcrumb":{"@id":"https:\/\/comite-ecologique-ariegeois.org\/?p=1552#breadcrumb"},"inLanguage":"fr-FR","potentialAction":[{"@type":"ReadAction","target":["https:\/\/comite-ecologique-ariegeois.org\/?p=1552"]}]},{"@type":"ImageObject","inLanguage":"fr-FR","@id":"https:\/\/comite-ecologique-ariegeois.org\/?p=1552#primaryimage","url":"https:\/\/comite-ecologique-ariegeois.org\/wp-content\/uploads\/2024\/10\/Photo-CEA-Torrent-scaled.jpg","contentUrl":"https:\/\/comite-ecologique-ariegeois.org\/wp-content\/uploads\/2024\/10\/Photo-CEA-Torrent-scaled.jpg","width":2560,"height":1701},{"@type":"BreadcrumbList","@id":"https:\/\/comite-ecologique-ariegeois.org\/?p=1552#breadcrumb","itemListElement":[{"@type":"ListItem","position":1,"name":"Accueil","item":"https:\/\/comite-ecologique-ariegeois.org\/"},{"@type":"ListItem","position":2,"name":"Projet de microcentrale hydro\u00e9lectrique \u00e0 Orlu sur l\u2019Ori\u00e8ge par la SARL SHEMA (groupe EDF)"}]},{"@type":"WebSite","@id":"https:\/\/comite-ecologique-ariegeois.org\/#website","url":"https:\/\/comite-ecologique-ariegeois.org\/","name":"Comit\u00e9 Ecologique Ari\u00e8geois","description":"Assotiation de protection de la nature","publisher":{"@id":"https:\/\/comite-ecologique-ariegeois.org\/#organization"},"potentialAction":[{"@type":"SearchAction","target":{"@type":"EntryPoint","urlTemplate":"https:\/\/comite-ecologique-ariegeois.org\/?s={search_term_string}"},"query-input":{"@type":"PropertyValueSpecification","valueRequired":true,"valueName":"search_term_string"}}],"inLanguage":"fr-FR"},{"@type":"Organization","@id":"https:\/\/comite-ecologique-ariegeois.org\/#organization","name":"Comit\u00e9 Ecologique Ari\u00e8geois","url":"https:\/\/comite-ecologique-ariegeois.org\/","logo":{"@type":"ImageObject","inLanguage":"fr-FR","@id":"https:\/\/comite-ecologique-ariegeois.org\/#\/schema\/logo\/image\/","url":"https:\/\/comite-ecologique-ariegeois.org\/wp-content\/uploads\/2025\/01\/logo_nouveau_cea_jpeg_250pix_02_03_24-a8816.jpg","contentUrl":"https:\/\/comite-ecologique-ariegeois.org\/wp-content\/uploads\/2025\/01\/logo_nouveau_cea_jpeg_250pix_02_03_24-a8816.jpg","width":250,"height":250,"caption":"Comit\u00e9 Ecologique Ari\u00e8geois"},"image":{"@id":"https:\/\/comite-ecologique-ariegeois.org\/#\/schema\/logo\/image\/"},"sameAs":["https:\/\/www.facebook.com\/comite.ariegeois\/","https:\/\/www.instagram.com\/comite.ecologique.ariegeois\/"]},{"@type":"Person","@id":"https:\/\/comite-ecologique-ariegeois.org\/#\/schema\/person\/505f799679c3c172520d33603f3e6227","name":"Marcel Ricordeau","image":{"@type":"ImageObject","inLanguage":"fr-FR","@id":"https:\/\/comite-ecologique-ariegeois.org\/#\/schema\/person\/image\/","url":"https:\/\/secure.gravatar.com\/avatar\/776c60076784f8ebc406a675208874f54109d681dd9b90f317a9354387b9a1cc?s=96&d=mm&r=g","contentUrl":"https:\/\/secure.gravatar.com\/avatar\/776c60076784f8ebc406a675208874f54109d681dd9b90f317a9354387b9a1cc?s=96&d=mm&r=g","caption":"Marcel Ricordeau"},"url":"https:\/\/comite-ecologique-ariegeois.org\/?author=3"}]}},"_links":{"self":[{"href":"https:\/\/comite-ecologique-ariegeois.org\/index.php?rest_route=\/wp\/v2\/posts\/1552","targetHints":{"allow":["GET"]}}],"collection":[{"href":"https:\/\/comite-ecologique-ariegeois.org\/index.php?rest_route=\/wp\/v2\/posts"}],"about":[{"href":"https:\/\/comite-ecologique-ariegeois.org\/index.php?rest_route=\/wp\/v2\/types\/post"}],"author":[{"embeddable":true,"href":"https:\/\/comite-ecologique-ariegeois.org\/index.php?rest_route=\/wp\/v2\/users\/3"}],"replies":[{"embeddable":true,"href":"https:\/\/comite-ecologique-ariegeois.org\/index.php?rest_route=%2Fwp%2Fv2%2Fcomments&post=1552"}],"version-history":[{"count":13,"href":"https:\/\/comite-ecologique-ariegeois.org\/index.php?rest_route=\/wp\/v2\/posts\/1552\/revisions"}],"predecessor-version":[{"id":1583,"href":"https:\/\/comite-ecologique-ariegeois.org\/index.php?rest_route=\/wp\/v2\/posts\/1552\/revisions\/1583"}],"wp:featuredmedia":[{"embeddable":true,"href":"https:\/\/comite-ecologique-ariegeois.org\/index.php?rest_route=\/wp\/v2\/media\/6733"}],"wp:attachment":[{"href":"https:\/\/comite-ecologique-ariegeois.org\/index.php?rest_route=%2Fwp%2Fv2%2Fmedia&parent=1552"}],"wp:term":[{"taxonomy":"category","embeddable":true,"href":"https:\/\/comite-ecologique-ariegeois.org\/index.php?rest_route=%2Fwp%2Fv2%2Fcategories&post=1552"},{"taxonomy":"post_tag","embeddable":true,"href":"https:\/\/comite-ecologique-ariegeois.org\/index.php?rest_route=%2Fwp%2Fv2%2Ftags&post=1552"}],"curies":[{"name":"wp","href":"https:\/\/api.w.org\/{rel}","templated":true}]}}