{"id":1362,"date":"2024-10-16T13:53:20","date_gmt":"2024-10-16T11:53:20","guid":{"rendered":"https:\/\/comite-ecologique-ariegeois.org\/?p=1362"},"modified":"2026-02-03T17:35:11","modified_gmt":"2026-02-03T16:35:11","slug":"1362","status":"publish","type":"post","link":"https:\/\/comite-ecologique-ariegeois.org\/?p=1362","title":{"rendered":"MINE de SALAU\u00a0: Relance des recherches\u00a0= une histoire de oufs\u2026 Et de gros sous"},"content":{"rendered":"\t\t<div data-elementor-type=\"wp-post\" data-elementor-id=\"1362\" class=\"elementor elementor-1362\">\n\t\t\t\t<div class=\"elementor-element elementor-element-1f852d5a e-flex e-con-boxed e-con e-parent\" data-id=\"1f852d5a\" data-element_type=\"container\">\n\t\t\t\t\t<div class=\"e-con-inner\">\n\t\t\t\t<div class=\"elementor-element elementor-element-119f1053 elementor-widget elementor-widget-text-editor\" data-id=\"119f1053\" data-element_type=\"widget\" data-widget_type=\"text-editor.default\">\n\t\t\t\t<div class=\"elementor-widget-container\">\n\t\t\t\t\t\t\t\t\t<h4>Une ancienne mine du Haut Couserans \u00e0 Couflens-Salau, bien qu\u2019en terrain amiantif\u00e8re et en d\u00e9pit de l&rsquo;opposition de la commune, d\u2019habitants de la vall\u00e9e et de leurs soutiens associatifs, est convoit\u00e9e \u00e0 nouveau pour le tungst\u00e8ne (<span style=\"color: #202122; font-family: sans-serif; font-size: 16px; text-align: start; background-color: #ffffff;\">WO<\/span><sub style=\"line-height: 1; font-size: 12.8px; color: #202122; font-family: sans-serif; text-align: start; background-color: #ffffff;\">3<\/sub>) mais aussi pour l\u2019or.<\/h4><p><!-- \/wp:heading --><\/p><p><!-- wp:quote {\"textAlign\":\"left\"} --><\/p><p><!-- \/wp:quote --><\/p><p><!-- wp:image {\"id\":1364,\"width\":\"391px\",\"height\":\"auto\",\"sizeSlug\":\"full\",\"linkDestination\":\"none\",\"align\":\"center\"} --><\/p><figure><img decoding=\"async\" style=\"width: 391px; height: auto;\" src=\"https:\/\/comite-ecologique-ariegeois.org\/wp-content\/uploads\/2024\/10\/Photo-Benedfiction-salau_01-1.jpg\" alt=\"\" \/><figcaption>B\u00e9n\u00e9diction de la mine en pr\u00e9sence de la pr\u00e9sidente du Conseil D\u00e9partemental,\u00a0du directeur d&rsquo;Apollo Minerals et d&rsquo;anciens mineurs : et si l&rsquo;amiante se changeait en or ?&#8230;<\/figcaption><\/figure><p><!-- \/wp:image --><\/p><p><!-- wp:code {\"align\":\"wide\"} --><\/p><pre><code>Pr\u00e8s des sources de la rivi\u00e8re exceptionnelle qu\u2019est Le Salat, la mine d'Anglade a \u00e9t\u00e9 exploit\u00e9e de 1971 \u00e0 1986, employant jusqu'\u00e0 140 salari\u00e9s en provenance de r\u00e9gions mini\u00e8res et du Maroc en plus d'une main-d'oeuvre locale. Malheureusement, Il s\u2019est av\u00e9r\u00e9, notamment gr\u00e2ce aux travaux d\u2019Henri P\u00e9zerat et d\u2019Annie Th\u00e9baud-Mony venus enqu\u00eater \u00e0 l\u2019appel de syndicalistes, que les poussi\u00e8res de l\u2019amiante (plus l\u2019arsenic) pr\u00e9sente dans les roches contenant le minerai, en suspension dans l'air des galeries en cours d'exploitation, avaient caus\u00e9 des pathologies pulmonaires graves (asbestoses).<\/code><\/pre><p><code>18 ans plus tard, ce qui reste du minerai de tungst\u00e8ne est devenu \u00e0 partir du 9 d\u00e9cembre 2014, la cible d\u2019une demande de Permis Exclusif de Recherche de Mines pour cinq ans, de la part de la soci\u00e9t\u00e9 Variscan Mines SAS qui est all\u00e9 chercher ses fonds \u00e0 Singapour et au paradis fiscal des Iles Vierges britanniques\u2026<\/code><\/p><p><!-- \/wp:code --><\/p><p><!-- wp:paragraph --><\/p><p>Il s\u2019en est suivi 10 ans d\u2019information, de contestations diverses et de luttes juridiques de la part de la commune, d\u2019habitants de toute la vall\u00e9e et au-del\u00e0, ainsi que des associations Couflens-Salau Demain, Henri P\u00e9zerat, le CEA, le Chabot, Stop Mine Salau, pour se d\u00e9barrasser de ce PERM (n\u00e9anmoins soutenu par une association avec une part de la population couseranaise et nombre d\u2019\u00e9lus hormis les deux d\u00e9put\u00e9s), au nom de la protection de l\u2019environnement et de la sant\u00e9 des travailleurs et des riverains.<\/p><p>La justice administrative a inflig\u00e9 successivement trois annulations du permis de recherches aux soci\u00e9t\u00e9s <em>Variscan <\/em>et <em>Apollo Minerals<\/em>, et au Minist\u00e8re des finances, d\u2019abord pour cause d\u2019insuffisance de moyens financiers, puis de d\u00e9faut d\u2019information du public sur ces moyens, et en f\u00e9vrier 2024, faute d\u2019 <em>\u00ab\u00a0une \u00e9valuation des objectifs de conservation du site\u00a0\u00bb<\/em> d\u00e9clar\u00e9 en zone Natura 2000.<\/p><p>En 2024, Le PERM de Couflens attribu\u00e9 pour 5 ans en 2017 est devenu caduque depuis f\u00e9vrier 2022, laissant le champ libre \u00e0 une nouvelle demande, mais la cl\u00f4ture administrative des travaux r\u00e9alis\u00e9s \u00e0 l\u2019occasion de ce permis, ainsi que la fermeture de la mine n\u2019ont toujours pas \u00e9t\u00e9 ex\u00e9cut\u00e9s par Variscan Mines et l\u2019administration. Par ailleurs, nous sommes dans l\u2019attente d\u2019un nouveau jugement au Conseil d\u2019\u00c9tat sur la validit\u00e9 juridique de ce permis puisque l\u2019Etat a entrepris d\u2019y contester la d\u00e9cision de f\u00e9vrier 2024 d\u2019annulation de la Cour d\u2019Appel de Bordeaux.<\/p><div><div><blockquote><p><!-- \/wp:paragraph --><\/p><\/blockquote><p><!-- \/wp:quote --><\/p><\/div><p><!-- \/wp:group --><\/p><\/div><p><!-- \/wp:group --><\/p><p><!-- wp:code {\"align\":\"wide\"} --><\/p><pre><code>Or le 20 juin 2024, la SAS N\u00e9ometal (actionnaires\u00a0: Michel Bonnemaison, sa femme, et cinq autres) a adress\u00e9 au Ministre charg\u00e9 des Mines, une demande de Permis de Recherche de Mines (PERM) dit \u00ab Montagne Ari\u00e9geoise \u00bb, d\u2019une superficie de 101 km\u00b2, pour cinq ans. Le dossier n\u2019est pas encore \u00e0 l\u2019\u00e9tude car renvoy\u00e9 comme incomplet. Ce projet, d\u2019un investissement total de 12.56 M\u20ac, s\u2019articule autour de trois objectifs\u00a0: d\u00e9velopper l\u2019\u00e9tude du gisement de tungst\u00e8ne du Pic de la Fourque (commune de Couflens)\u00a0; estimer les extensions de ce gisement vers l\u2019ouest et vers l\u2019est (communes d\u2019Ustou, Aulus les Bains, Auzat)\u00a0; \u00e9valuer la faisabilit\u00e9 d\u2019une fili\u00e8re industrielle amont pour le tungst\u00e8ne.<\/code><\/pre><p><!-- \/wp:code --><\/p><p><!-- wp:paragraph {\"align\":\"left\"} --><\/p><p>Pour exposer ce nouveau projet, le pr\u00e9sident de N\u00e9om\u00e9tal, Emmanuel Henry, ancien directeur g\u00e9n\u00e9ral de <em>Trafigura<\/em>, g\u00e9ant helv\u00e9tico-singapourien du n\u00e9goce de mati\u00e8res premi\u00e8res, a r\u00e9uni le 18 septembre les \u00e9lus d\u00e9partementaux, pr\u00e9sident du PNR compris, et ceux des communes voisines concern\u00e9es par ce projet d\u2019exploration mais non pas les \u00e9lus de la commune de Couflens : bref, \u00e7\u00e0 commence bien mal cette nouvelle affaire que nous suivons de pr\u00e8s avec les associations partenaires, en particulier Stop Mine Salau, fortes de l\u2019exp\u00e9rience du pr\u00e9c\u00e9dent permis.<\/p><p><!-- \/wp:paragraph --><\/p><p><!-- wp:code {\"align\":\"wide\"} --><\/p><pre><code>Plus que le tungst\u00e8ne dont rien ne prouve qu\u2019il en reste plus que les 3500 tonnes inventori\u00e9es \u00e0 la fin de l\u2019ancienne exploitation par le BRGM, il semble bien que ce soit l\u2019or qui attire la convoitise des porteurs du projet, tandis que l\u2019amiante et ses ravages\u00a0ne sont bien s\u00fbr m\u00eame pas \u00e9voqu\u00e9es. \nLes \u00e9lus, hormis le Conseil de Couflens bien s\u00fbr, seront-ils dupes une nouvelle fois des boniments de Michel Bonnemaison ? \u00a0\u00a0\u00a0\u00a0\u00a0\u00a0\u00a0\u00a0\u00a0\u00a0\u00a0\u00a0\u00a0\u00a0\u00a0\u00a0\u00a0\u00a0\u00a0\u00a0\u00a0\u00a0\u00a0 <\/code><\/pre><p><!-- \/wp:code --><\/p><p><!-- wp:file {\"id\":1889,\"href\":\"https:\/\/comite-ecologique-ariegeois.org\/wp-content\/uploads\/2024\/10\/Questions-et-positionnement-du-Comite-Ecologique-Ariegeois-sur-le-projet-minier-de-09140-Couflens-Salau-1.pdf\",\"displayPreview\":true,\"previewHeight\":200} --><\/p><p><!-- \/wp:file --><\/p><p><!-- wp:file {\"id\":1399,\"href\":\"https:\/\/comite-ecologique-ariegeois.org\/wp-content\/uploads\/2024\/10\/Lettre-ouverte-de-Stop-Mine-Salau-04-12-16-2.pdf\",\"displayPreview\":true,\"previewHeight\":200} --><\/p><div><p><a href=\"https:\/\/comite-ecologique-ariegeois.org\/wp-content\/uploads\/2024\/10\/Questions-et-positionnement-du-Comite-Ecologique-Ariegeois-sur-le-projet-minier-de-09140-Couflens-Salau.pdf\"><em>\u00ab\u00a0Questions et positionnement du Comit\u00e9 Ecologique Ari\u00e9geois sur le projet minier de 09140 Couflens-Salau\u00a0\u00bb <\/em><span style=\"text-decoration: underline;\">04\u00a012 2015<\/span><\/a><\/p><\/div><div><a href=\"https:\/\/comite-ecologique-ariegeois.org\/archiveSPIP2024\/actions\/carrieres-gravieres-et-mines\/mine-de-salau\/index.html\"><span style=\"color: var( --e-global-color-secondary ); text-align: var(--text-align); background-color: var(--nv-site-bg); letter-spacing: var(--bodyletterspacing); text-transform: var(--bodytexttransform);\">Articles archiv\u00e9s 2013-2024 \/ Mine de Salau<\/span><\/a><\/div><p><!-- \/wp:list-item --><\/p><p><!-- wp:list-item --><\/p><p><!-- \/wp:list-item --><\/p><p><!-- wp:list-item --><\/p><p>Reportage 20h de France2 avec la participation de\u00a0 Drone Sud Toulouse pour les images a\u00e9riennes 08 03 2019 : \u00ab\u00a0<em>France 2 SALAU TUNGSTENE\u00a0\u00bb<\/em>\u00a0 \u00a0: <a href=\"https:\/\/youtu.be\/Mr2r4HaBXkg\">https:\/\/youtu.be\/Mr2r4HaBXkg<\/a><\/p><p><!-- \/wp:list-item --><\/p><p><!-- wp:list-item --><\/p><p>Association SystExt : \u00ab\u00a0<em>La mine de tungst\u00e8ne de Salau : entre projet de r\u00e9ouverture et gestion de l\u2019apr\u00e8s-mine<\/em>\u00a0\u00bb 20 03 2022 :<a href=\"https:\/\/www.systext.org\/node\/1868\">https:\/\/www.systext.org\/node\/1868<\/a><\/p><p><!-- \/wp:list-item --><\/p><p><!-- wp:list-item --><\/p><p>Affiche SMS Octobre-novembre <span style=\"text-decoration: underline;\">2024<\/span> :\u00a0<a href=\"https:\/\/comite-ecologique-ariegeois.org\/wp-content\/uploads\/2024\/10\/Affiche_Oct-2024_SMS2.pdf\">https:\/\/comite-ecologique-ariegeois.org\/wp-content\/uploads\/2024\/10\/Affiche_Oct-2024_SMS2.pdf<\/a><\/p><p>Article D\u00e9p\u00eache 06 05 2025 : <a href=\"https:\/\/comite-ecologique-ariegeois.org\/wp-content\/uploads\/2025\/05\/La-Depeche-6-05-2025.pdf\"><em>Mine de salau : labellis\u00e9, le projet N\u00e9om\u00e9tal fait un bond en avant<\/em><\/a>Site Association Stop Mine Salau<\/p><p><a href=\"https:\/\/comite-ecologique-ariegeois.org\/?p=9784\">Lire la suite \u00e0 l&rsquo;article<em> MINE DE SALAU Episode II<\/em><\/a><\/p><p>\u00a0<a href=\"https:\/\/www.stopminesalau.com\/\">https:\/\/www.stopminesalau.com\/ \u00a0 \u00a0<\/a><img decoding=\"async\" src=\"https:\/\/comite-ecologique-ariegeois.org\/wp-content\/uploads\/2024\/10\/xvle4ts5-300x109.jpg\" alt=\"\" width=\"174\" height=\"63\" \/><\/p><p><!-- \/wp:list-item --><\/p><p><!-- \/wp:list --><\/p><p><!-- wp:paragraph --><\/p><p><!-- \/wp:paragraph --><\/p>\t\t\t\t\t\t\t\t<\/div>\n\t\t\t\t<\/div>\n\t\t\t\t\t<\/div>\n\t\t\t\t<\/div>\n\t\t\t\t<\/div>\n\t\t","protected":false},"excerpt":{"rendered":"<p>Une ancienne mine du Haut Couserans \u00e0 Couflens-Salau, bien qu\u2019en terrain amiantif\u00e8re et en d\u00e9pit de l&rsquo;opposition de la commune, d\u2019habitants de la vall\u00e9e et de leurs soutiens associatifs, est convoit\u00e9e \u00e0 nouveau pour le tungst\u00e8ne (WO3) mais aussi pour l\u2019or. B\u00e9n\u00e9diction de la mine en pr\u00e9sence de la pr\u00e9sidente du Conseil D\u00e9partemental,\u00a0du directeur d&rsquo;Apollo&hellip;&nbsp;<a href=\"https:\/\/comite-ecologique-ariegeois.org\/?p=1362\" rel=\"bookmark\">Lire la suite &raquo;<span class=\"screen-reader-text\">MINE de SALAU\u00a0: Relance des recherches\u00a0= une histoire de oufs\u2026 Et de gros sous<\/span><\/a><\/p>\n","protected":false},"author":3,"featured_media":8458,"comment_status":"open","ping_status":"open","sticky":false,"template":"","format":"standard","meta":{"neve_meta_sidebar":"","neve_meta_container":"","neve_meta_enable_content_width":"","neve_meta_content_width":0,"neve_meta_title_alignment":"","neve_meta_author_avatar":"","neve_post_elements_order":"","neve_meta_disable_header":"","neve_meta_disable_footer":"","neve_meta_disable_title":"","footnotes":"[]"},"categories":[1],"tags":[],"class_list":["post-1362","post","type-post","status-publish","format-standard","has-post-thumbnail","hentry","category-non-classe"],"yoast_head":"<!-- This site is optimized with the Yoast SEO plugin v26.4 - https:\/\/yoast.com\/wordpress\/plugins\/seo\/ -->\n<title>MINE de SALAU\u00a0: Relance des recherches\u00a0= une histoire de oufs\u2026 Et de gros sous - Comit\u00e9 Ecologique Ari\u00e8geois<\/title>\n<meta name=\"robots\" content=\"index, follow, max-snippet:-1, max-image-preview:large, max-video-preview:-1\" \/>\n<link rel=\"canonical\" href=\"https:\/\/comite-ecologique-ariegeois.org\/?p=1362\" \/>\n<meta property=\"og:locale\" content=\"fr_FR\" \/>\n<meta property=\"og:type\" content=\"article\" \/>\n<meta property=\"og:title\" content=\"MINE de SALAU\u00a0: Relance des recherches\u00a0= une histoire de oufs\u2026 Et de gros sous - Comit\u00e9 Ecologique Ari\u00e8geois\" \/>\n<meta property=\"og:description\" content=\"Une ancienne mine du Haut Couserans \u00e0 Couflens-Salau, bien qu\u2019en terrain amiantif\u00e8re et en d\u00e9pit de l&rsquo;opposition de la commune, d\u2019habitants de la vall\u00e9e et de leurs soutiens associatifs, est convoit\u00e9e \u00e0 nouveau pour le tungst\u00e8ne (WO3) mais aussi pour l\u2019or. B\u00e9n\u00e9diction de la mine en pr\u00e9sence de la pr\u00e9sidente du Conseil D\u00e9partemental,\u00a0du directeur d&rsquo;Apollo&hellip;&nbsp;Lire la suite &raquo;MINE de SALAU\u00a0: Relance des recherches\u00a0= une histoire de oufs\u2026 Et de gros sous\" \/>\n<meta property=\"og:url\" content=\"https:\/\/comite-ecologique-ariegeois.org\/?p=1362\" \/>\n<meta property=\"og:site_name\" content=\"Comit\u00e9 Ecologique Ari\u00e8geois\" \/>\n<meta property=\"article:publisher\" content=\"https:\/\/www.facebook.com\/comite.ariegeois\/\" \/>\n<meta property=\"article:published_time\" content=\"2024-10-16T11:53:20+00:00\" \/>\n<meta property=\"article:modified_time\" content=\"2026-02-03T16:35:11+00:00\" \/>\n<meta property=\"og:image\" content=\"https:\/\/comite-ecologique-ariegeois.org\/wp-content\/uploads\/2024\/10\/Photo-CEA_Salau-_NX.jpg\" \/>\n\t<meta property=\"og:image:width\" content=\"1000\" \/>\n\t<meta property=\"og:image:height\" content=\"680\" \/>\n\t<meta property=\"og:image:type\" content=\"image\/jpeg\" \/>\n<meta name=\"author\" content=\"Marcel Ricordeau\" \/>\n<meta name=\"twitter:card\" content=\"summary_large_image\" \/>\n<meta name=\"twitter:label1\" content=\"\u00c9crit par\" \/>\n\t<meta name=\"twitter:data1\" content=\"Marcel Ricordeau\" \/>\n\t<meta name=\"twitter:label2\" content=\"Dur\u00e9e de lecture estim\u00e9e\" \/>\n\t<meta name=\"twitter:data2\" content=\"3 minutes\" \/>\n<script type=\"application\/ld+json\" class=\"yoast-schema-graph\">{\"@context\":\"https:\/\/schema.org\",\"@graph\":[{\"@type\":\"Article\",\"@id\":\"https:\/\/comite-ecologique-ariegeois.org\/?p=1362#article\",\"isPartOf\":{\"@id\":\"https:\/\/comite-ecologique-ariegeois.org\/?p=1362\"},\"author\":{\"name\":\"Marcel Ricordeau\",\"@id\":\"https:\/\/comite-ecologique-ariegeois.org\/#\/schema\/person\/505f799679c3c172520d33603f3e6227\"},\"headline\":\"MINE de SALAU\u00a0: Relance des recherches\u00a0= une histoire de oufs\u2026 Et de gros sous\",\"datePublished\":\"2024-10-16T11:53:20+00:00\",\"dateModified\":\"2026-02-03T16:35:11+00:00\",\"mainEntityOfPage\":{\"@id\":\"https:\/\/comite-ecologique-ariegeois.org\/?p=1362\"},\"wordCount\":578,\"commentCount\":0,\"publisher\":{\"@id\":\"https:\/\/comite-ecologique-ariegeois.org\/#organization\"},\"image\":{\"@id\":\"https:\/\/comite-ecologique-ariegeois.org\/?p=1362#primaryimage\"},\"thumbnailUrl\":\"https:\/\/comite-ecologique-ariegeois.org\/wp-content\/uploads\/2024\/10\/Photo-CEA_Salau-_NX.jpg\",\"inLanguage\":\"fr-FR\",\"potentialAction\":[{\"@type\":\"CommentAction\",\"name\":\"Comment\",\"target\":[\"https:\/\/comite-ecologique-ariegeois.org\/?p=1362#respond\"]}]},{\"@type\":\"WebPage\",\"@id\":\"https:\/\/comite-ecologique-ariegeois.org\/?p=1362\",\"url\":\"https:\/\/comite-ecologique-ariegeois.org\/?p=1362\",\"name\":\"MINE de SALAU\u00a0: Relance des recherches\u00a0= une histoire de oufs\u2026 Et de gros sous - Comit\u00e9 Ecologique Ari\u00e8geois\",\"isPartOf\":{\"@id\":\"https:\/\/comite-ecologique-ariegeois.org\/#website\"},\"primaryImageOfPage\":{\"@id\":\"https:\/\/comite-ecologique-ariegeois.org\/?p=1362#primaryimage\"},\"image\":{\"@id\":\"https:\/\/comite-ecologique-ariegeois.org\/?p=1362#primaryimage\"},\"thumbnailUrl\":\"https:\/\/comite-ecologique-ariegeois.org\/wp-content\/uploads\/2024\/10\/Photo-CEA_Salau-_NX.jpg\",\"datePublished\":\"2024-10-16T11:53:20+00:00\",\"dateModified\":\"2026-02-03T16:35:11+00:00\",\"breadcrumb\":{\"@id\":\"https:\/\/comite-ecologique-ariegeois.org\/?p=1362#breadcrumb\"},\"inLanguage\":\"fr-FR\",\"potentialAction\":[{\"@type\":\"ReadAction\",\"target\":[\"https:\/\/comite-ecologique-ariegeois.org\/?p=1362\"]}]},{\"@type\":\"ImageObject\",\"inLanguage\":\"fr-FR\",\"@id\":\"https:\/\/comite-ecologique-ariegeois.org\/?p=1362#primaryimage\",\"url\":\"https:\/\/comite-ecologique-ariegeois.org\/wp-content\/uploads\/2024\/10\/Photo-CEA_Salau-_NX.jpg\",\"contentUrl\":\"https:\/\/comite-ecologique-ariegeois.org\/wp-content\/uploads\/2024\/10\/Photo-CEA_Salau-_NX.jpg\",\"width\":1000,\"height\":680},{\"@type\":\"BreadcrumbList\",\"@id\":\"https:\/\/comite-ecologique-ariegeois.org\/?p=1362#breadcrumb\",\"itemListElement\":[{\"@type\":\"ListItem\",\"position\":1,\"name\":\"Accueil\",\"item\":\"https:\/\/comite-ecologique-ariegeois.org\/\"},{\"@type\":\"ListItem\",\"position\":2,\"name\":\"MINE de SALAU\u00a0: Relance des recherches\u00a0= une histoire de oufs\u2026 Et de gros sous\"}]},{\"@type\":\"WebSite\",\"@id\":\"https:\/\/comite-ecologique-ariegeois.org\/#website\",\"url\":\"https:\/\/comite-ecologique-ariegeois.org\/\",\"name\":\"Comit\u00e9 Ecologique Ari\u00e8geois\",\"description\":\"Assotiation de protection de la nature\",\"publisher\":{\"@id\":\"https:\/\/comite-ecologique-ariegeois.org\/#organization\"},\"potentialAction\":[{\"@type\":\"SearchAction\",\"target\":{\"@type\":\"EntryPoint\",\"urlTemplate\":\"https:\/\/comite-ecologique-ariegeois.org\/?s={search_term_string}\"},\"query-input\":{\"@type\":\"PropertyValueSpecification\",\"valueRequired\":true,\"valueName\":\"search_term_string\"}}],\"inLanguage\":\"fr-FR\"},{\"@type\":\"Organization\",\"@id\":\"https:\/\/comite-ecologique-ariegeois.org\/#organization\",\"name\":\"Comit\u00e9 Ecologique Ari\u00e8geois\",\"url\":\"https:\/\/comite-ecologique-ariegeois.org\/\",\"logo\":{\"@type\":\"ImageObject\",\"inLanguage\":\"fr-FR\",\"@id\":\"https:\/\/comite-ecologique-ariegeois.org\/#\/schema\/logo\/image\/\",\"url\":\"https:\/\/comite-ecologique-ariegeois.org\/wp-content\/uploads\/2025\/01\/logo_nouveau_cea_jpeg_250pix_02_03_24-a8816.jpg\",\"contentUrl\":\"https:\/\/comite-ecologique-ariegeois.org\/wp-content\/uploads\/2025\/01\/logo_nouveau_cea_jpeg_250pix_02_03_24-a8816.jpg\",\"width\":250,\"height\":250,\"caption\":\"Comit\u00e9 Ecologique Ari\u00e8geois\"},\"image\":{\"@id\":\"https:\/\/comite-ecologique-ariegeois.org\/#\/schema\/logo\/image\/\"},\"sameAs\":[\"https:\/\/www.facebook.com\/comite.ariegeois\/\",\"https:\/\/www.instagram.com\/comite.ecologique.ariegeois\/\"]},{\"@type\":\"Person\",\"@id\":\"https:\/\/comite-ecologique-ariegeois.org\/#\/schema\/person\/505f799679c3c172520d33603f3e6227\",\"name\":\"Marcel Ricordeau\",\"image\":{\"@type\":\"ImageObject\",\"inLanguage\":\"fr-FR\",\"@id\":\"https:\/\/comite-ecologique-ariegeois.org\/#\/schema\/person\/image\/\",\"url\":\"https:\/\/secure.gravatar.com\/avatar\/776c60076784f8ebc406a675208874f54109d681dd9b90f317a9354387b9a1cc?s=96&d=mm&r=g\",\"contentUrl\":\"https:\/\/secure.gravatar.com\/avatar\/776c60076784f8ebc406a675208874f54109d681dd9b90f317a9354387b9a1cc?s=96&d=mm&r=g\",\"caption\":\"Marcel Ricordeau\"},\"url\":\"https:\/\/comite-ecologique-ariegeois.org\/?author=3\"}]}<\/script>\n<!-- \/ Yoast SEO plugin. -->","yoast_head_json":{"title":"MINE de SALAU\u00a0: Relance des recherches\u00a0= une histoire de oufs\u2026 Et de gros sous - Comit\u00e9 Ecologique Ari\u00e8geois","robots":{"index":"index","follow":"follow","max-snippet":"max-snippet:-1","max-image-preview":"max-image-preview:large","max-video-preview":"max-video-preview:-1"},"canonical":"https:\/\/comite-ecologique-ariegeois.org\/?p=1362","og_locale":"fr_FR","og_type":"article","og_title":"MINE de SALAU\u00a0: Relance des recherches\u00a0= une histoire de oufs\u2026 Et de gros sous - Comit\u00e9 Ecologique Ari\u00e8geois","og_description":"Une ancienne mine du Haut Couserans \u00e0 Couflens-Salau, bien qu\u2019en terrain amiantif\u00e8re et en d\u00e9pit de l&rsquo;opposition de la commune, d\u2019habitants de la vall\u00e9e et de leurs soutiens associatifs, est convoit\u00e9e \u00e0 nouveau pour le tungst\u00e8ne (WO3) mais aussi pour l\u2019or. B\u00e9n\u00e9diction de la mine en pr\u00e9sence de la pr\u00e9sidente du Conseil D\u00e9partemental,\u00a0du directeur d&rsquo;Apollo&hellip;&nbsp;Lire la suite &raquo;MINE de SALAU\u00a0: Relance des recherches\u00a0= une histoire de oufs\u2026 Et de gros sous","og_url":"https:\/\/comite-ecologique-ariegeois.org\/?p=1362","og_site_name":"Comit\u00e9 Ecologique Ari\u00e8geois","article_publisher":"https:\/\/www.facebook.com\/comite.ariegeois\/","article_published_time":"2024-10-16T11:53:20+00:00","article_modified_time":"2026-02-03T16:35:11+00:00","og_image":[{"width":1000,"height":680,"url":"https:\/\/comite-ecologique-ariegeois.org\/wp-content\/uploads\/2024\/10\/Photo-CEA_Salau-_NX.jpg","type":"image\/jpeg"}],"author":"Marcel Ricordeau","twitter_card":"summary_large_image","twitter_misc":{"\u00c9crit par":"Marcel Ricordeau","Dur\u00e9e de lecture estim\u00e9e":"3 minutes"},"schema":{"@context":"https:\/\/schema.org","@graph":[{"@type":"Article","@id":"https:\/\/comite-ecologique-ariegeois.org\/?p=1362#article","isPartOf":{"@id":"https:\/\/comite-ecologique-ariegeois.org\/?p=1362"},"author":{"name":"Marcel Ricordeau","@id":"https:\/\/comite-ecologique-ariegeois.org\/#\/schema\/person\/505f799679c3c172520d33603f3e6227"},"headline":"MINE de SALAU\u00a0: Relance des recherches\u00a0= une histoire de oufs\u2026 Et de gros sous","datePublished":"2024-10-16T11:53:20+00:00","dateModified":"2026-02-03T16:35:11+00:00","mainEntityOfPage":{"@id":"https:\/\/comite-ecologique-ariegeois.org\/?p=1362"},"wordCount":578,"commentCount":0,"publisher":{"@id":"https:\/\/comite-ecologique-ariegeois.org\/#organization"},"image":{"@id":"https:\/\/comite-ecologique-ariegeois.org\/?p=1362#primaryimage"},"thumbnailUrl":"https:\/\/comite-ecologique-ariegeois.org\/wp-content\/uploads\/2024\/10\/Photo-CEA_Salau-_NX.jpg","inLanguage":"fr-FR","potentialAction":[{"@type":"CommentAction","name":"Comment","target":["https:\/\/comite-ecologique-ariegeois.org\/?p=1362#respond"]}]},{"@type":"WebPage","@id":"https:\/\/comite-ecologique-ariegeois.org\/?p=1362","url":"https:\/\/comite-ecologique-ariegeois.org\/?p=1362","name":"MINE de SALAU\u00a0: Relance des recherches\u00a0= une histoire de oufs\u2026 Et de gros sous - Comit\u00e9 Ecologique Ari\u00e8geois","isPartOf":{"@id":"https:\/\/comite-ecologique-ariegeois.org\/#website"},"primaryImageOfPage":{"@id":"https:\/\/comite-ecologique-ariegeois.org\/?p=1362#primaryimage"},"image":{"@id":"https:\/\/comite-ecologique-ariegeois.org\/?p=1362#primaryimage"},"thumbnailUrl":"https:\/\/comite-ecologique-ariegeois.org\/wp-content\/uploads\/2024\/10\/Photo-CEA_Salau-_NX.jpg","datePublished":"2024-10-16T11:53:20+00:00","dateModified":"2026-02-03T16:35:11+00:00","breadcrumb":{"@id":"https:\/\/comite-ecologique-ariegeois.org\/?p=1362#breadcrumb"},"inLanguage":"fr-FR","potentialAction":[{"@type":"ReadAction","target":["https:\/\/comite-ecologique-ariegeois.org\/?p=1362"]}]},{"@type":"ImageObject","inLanguage":"fr-FR","@id":"https:\/\/comite-ecologique-ariegeois.org\/?p=1362#primaryimage","url":"https:\/\/comite-ecologique-ariegeois.org\/wp-content\/uploads\/2024\/10\/Photo-CEA_Salau-_NX.jpg","contentUrl":"https:\/\/comite-ecologique-ariegeois.org\/wp-content\/uploads\/2024\/10\/Photo-CEA_Salau-_NX.jpg","width":1000,"height":680},{"@type":"BreadcrumbList","@id":"https:\/\/comite-ecologique-ariegeois.org\/?p=1362#breadcrumb","itemListElement":[{"@type":"ListItem","position":1,"name":"Accueil","item":"https:\/\/comite-ecologique-ariegeois.org\/"},{"@type":"ListItem","position":2,"name":"MINE de SALAU\u00a0: Relance des recherches\u00a0= une histoire de oufs\u2026 Et de gros sous"}]},{"@type":"WebSite","@id":"https:\/\/comite-ecologique-ariegeois.org\/#website","url":"https:\/\/comite-ecologique-ariegeois.org\/","name":"Comit\u00e9 Ecologique Ari\u00e8geois","description":"Assotiation de protection de la nature","publisher":{"@id":"https:\/\/comite-ecologique-ariegeois.org\/#organization"},"potentialAction":[{"@type":"SearchAction","target":{"@type":"EntryPoint","urlTemplate":"https:\/\/comite-ecologique-ariegeois.org\/?s={search_term_string}"},"query-input":{"@type":"PropertyValueSpecification","valueRequired":true,"valueName":"search_term_string"}}],"inLanguage":"fr-FR"},{"@type":"Organization","@id":"https:\/\/comite-ecologique-ariegeois.org\/#organization","name":"Comit\u00e9 Ecologique Ari\u00e8geois","url":"https:\/\/comite-ecologique-ariegeois.org\/","logo":{"@type":"ImageObject","inLanguage":"fr-FR","@id":"https:\/\/comite-ecologique-ariegeois.org\/#\/schema\/logo\/image\/","url":"https:\/\/comite-ecologique-ariegeois.org\/wp-content\/uploads\/2025\/01\/logo_nouveau_cea_jpeg_250pix_02_03_24-a8816.jpg","contentUrl":"https:\/\/comite-ecologique-ariegeois.org\/wp-content\/uploads\/2025\/01\/logo_nouveau_cea_jpeg_250pix_02_03_24-a8816.jpg","width":250,"height":250,"caption":"Comit\u00e9 Ecologique Ari\u00e8geois"},"image":{"@id":"https:\/\/comite-ecologique-ariegeois.org\/#\/schema\/logo\/image\/"},"sameAs":["https:\/\/www.facebook.com\/comite.ariegeois\/","https:\/\/www.instagram.com\/comite.ecologique.ariegeois\/"]},{"@type":"Person","@id":"https:\/\/comite-ecologique-ariegeois.org\/#\/schema\/person\/505f799679c3c172520d33603f3e6227","name":"Marcel Ricordeau","image":{"@type":"ImageObject","inLanguage":"fr-FR","@id":"https:\/\/comite-ecologique-ariegeois.org\/#\/schema\/person\/image\/","url":"https:\/\/secure.gravatar.com\/avatar\/776c60076784f8ebc406a675208874f54109d681dd9b90f317a9354387b9a1cc?s=96&d=mm&r=g","contentUrl":"https:\/\/secure.gravatar.com\/avatar\/776c60076784f8ebc406a675208874f54109d681dd9b90f317a9354387b9a1cc?s=96&d=mm&r=g","caption":"Marcel Ricordeau"},"url":"https:\/\/comite-ecologique-ariegeois.org\/?author=3"}]}},"_links":{"self":[{"href":"https:\/\/comite-ecologique-ariegeois.org\/index.php?rest_route=\/wp\/v2\/posts\/1362","targetHints":{"allow":["GET"]}}],"collection":[{"href":"https:\/\/comite-ecologique-ariegeois.org\/index.php?rest_route=\/wp\/v2\/posts"}],"about":[{"href":"https:\/\/comite-ecologique-ariegeois.org\/index.php?rest_route=\/wp\/v2\/types\/post"}],"author":[{"embeddable":true,"href":"https:\/\/comite-ecologique-ariegeois.org\/index.php?rest_route=\/wp\/v2\/users\/3"}],"replies":[{"embeddable":true,"href":"https:\/\/comite-ecologique-ariegeois.org\/index.php?rest_route=%2Fwp%2Fv2%2Fcomments&post=1362"}],"version-history":[{"count":168,"href":"https:\/\/comite-ecologique-ariegeois.org\/index.php?rest_route=\/wp\/v2\/posts\/1362\/revisions"}],"predecessor-version":[{"id":11633,"href":"https:\/\/comite-ecologique-ariegeois.org\/index.php?rest_route=\/wp\/v2\/posts\/1362\/revisions\/11633"}],"wp:featuredmedia":[{"embeddable":true,"href":"https:\/\/comite-ecologique-ariegeois.org\/index.php?rest_route=\/wp\/v2\/media\/8458"}],"wp:attachment":[{"href":"https:\/\/comite-ecologique-ariegeois.org\/index.php?rest_route=%2Fwp%2Fv2%2Fmedia&parent=1362"}],"wp:term":[{"taxonomy":"category","embeddable":true,"href":"https:\/\/comite-ecologique-ariegeois.org\/index.php?rest_route=%2Fwp%2Fv2%2Fcategories&post=1362"},{"taxonomy":"post_tag","embeddable":true,"href":"https:\/\/comite-ecologique-ariegeois.org\/index.php?rest_route=%2Fwp%2Fv2%2Ftags&post=1362"}],"curies":[{"name":"wp","href":"https:\/\/api.w.org\/{rel}","templated":true}]}}