{"id":10997,"date":"2026-01-24T19:56:50","date_gmt":"2026-01-24T18:56:50","guid":{"rendered":"https:\/\/comite-ecologique-ariegeois.org\/?p=10997"},"modified":"2026-01-26T09:17:30","modified_gmt":"2026-01-26T08:17:30","slug":"elementor-10997","status":"publish","type":"post","link":"https:\/\/comite-ecologique-ariegeois.org\/?p=10997","title":{"rendered":"Conf\u00e9rence de presse (22\/01\/26) \u2013 collectif citoyen \u00ab\u00a0Pas Touche au Touyre\u00a0\u00bb"},"content":{"rendered":"\t\t<div data-elementor-type=\"wp-post\" data-elementor-id=\"10997\" class=\"elementor elementor-10997\">\n\t\t\t\t<div class=\"elementor-element elementor-element-f13ad53 e-flex e-con-boxed e-con e-parent\" data-id=\"f13ad53\" data-element_type=\"container\">\n\t\t\t\t\t<div class=\"e-con-inner\">\n\t\t\t\t<div class=\"elementor-element elementor-element-ef1749f elementor-widget elementor-widget-text-editor\" data-id=\"ef1749f\" data-element_type=\"widget\" data-widget_type=\"text-editor.default\">\n\t\t\t\t<div class=\"elementor-widget-container\">\n\t\t\t\t\t\t\t\t\t<p><strong>Nous avons rencontr\u00e9 hier \u00e0 Montbel les porteurs du projet.\u00a0Pour ma part, j&rsquo;ai \u00e9t\u00e9 choqu\u00e9 par leur besoin absolu de d\u00e9montrer l&rsquo;utilit\u00e9 de ce projet de d\u00e9tournement de l&rsquo;eau du Touyre au profit de la retenue de Montbel pour \u00ab\u00a0s\u00e9curiser\u00a0\u00bb celle-ci.<\/strong><\/p><p>\u00a0 \u00a0 \u00a0 \u00a0 \u00a0\u00a0<strong> Voici 3 exemples parmi d&rsquo;autres qui illustrent cette impression\u00a0:<\/strong><\/p><p>\u00a0 \u00a0 \u00a0 \u00a0 \u00a0<strong>D&rsquo;abord, le curieux changement d&rsquo;objectif du projet<\/strong>. Le mot irrigation n&rsquo;est plus prononc\u00e9, il laisse la place au soutien d&rsquo;\u00e9tiage de la Garonne. Alors que le projet reste le m\u00eame.<\/p><p>\u00a0\u00a0\u00a0\u00a0\u00a0\u00a0\u00a0\u00a0<strong>Ensuite, les projections exag\u00e9r\u00e9es des cons\u00e9quences du changement climatique<\/strong>. A l&rsquo;horizon 2050, les besoins en eau auraient doubl\u00e9. Notre vision est diff\u00e9rente. Les scientifiques s&rsquo;accordent \u00e0 pr\u00e9dire des changements dans la p\u00e9riodicit\u00e9 des pr\u00e9cipitations mais pas dans la quantit\u00e9. Nous faisons aussi remarquer que les besoins qui justifient ce projet d\u00e9pendent des usages qu&rsquo;on veut en faire. Si nous consid\u00e9rons qu&rsquo;il faut continuer sur la lanc\u00e9e l&rsquo;irrigation de cultures inappropri\u00e9es comme le ma\u00efs, il est s\u00fbr que nous allons dans le mur.<\/p><p>\u00a0 \u00a0 \u00a0 \u00a0<strong> \u00a0Enfin, je citerai la volont\u00e9 affich\u00e9e des d\u00e9cideurs de correspondre \u00e0 tout prix aux pr\u00e9conisations des scientifiques, sans que cela transparaisse pour autant dans le projet. N<\/strong>ous avons bien not\u00e9 l&rsquo;intention des porteurs de projet de faire un \u00ab\u00a0mix\u00a0\u00bb de solutions mais nous ne l&rsquo;observons pas. Je dirais m\u00eame plus, ces solutions, comme par exemple les SfN (Solutions fond\u00e9es sur la Nature), sont en compl\u00e8te contradiction avec le projet. Comment pr\u00f4ner en m\u00eame temps un stockage en surface qui prive la rivi\u00e8re d&rsquo;eau et une mise en r\u00e9serve d&rsquo;eau dans les sols par la m\u00eame rivi\u00e8re priv\u00e9e d&rsquo;eau\u00a0?<\/p><p>\u00a0\u00a0\u00a0\u00a0\u00a0\u00a0\u00a0\u00a0 La liste des vrais-faux arguments des d\u00e9cideurs n&rsquo;est pas exhaustive.<\/p><p>\u00a0\u00a0\u00a0\u00a0\u00a0\u00a0\u00a0\u00a0 En conclusion, d&rsquo;un point de vue citoyen que je repr\u00e9sente, le projet propos\u00e9 est archa\u00efque et me fait penser \u00e0 ceux d&rsquo;il y a 30 ans sur le Touyre. Par la technologie, on n&rsquo;est jamais parvenu \u00e0 r\u00e9alimenter un Touyre qui en avait bien besoin lorsque les usines textiles utilisaient son eau\u00a0! De m\u00eame qu&rsquo;on n&rsquo;est jamais parvenu \u00e0 faire une STEP digne de ce nom \u00e0 Laroque\u00a0!<\/p><p>\u00a0\u00a0\u00a0\u00a0\u00a0\u00a0\u00a0\u00a0 On nous parle \u00e0 nouveau de r\u00e9alimenter le Touyre en p\u00e9riode de fort \u00e9tiage par un retour de l&rsquo;eau de la retenue, mais seulement si la qualit\u00e9 de l&rsquo;eau autorise cette restitution ! Comment envisager qu&rsquo;on double le co\u00fbt du projet pour cela alors qu&rsquo;on risque de polluer le lac des s\u00e9diments de la rivi\u00e8re et que l&rsquo;eau du m\u00eame lac est \u00e0 25\u00b0 en plein \u00e9t\u00e9 quand celle de la rivi\u00e8re est \u00e0 15\u00b0 ?<\/p><p><strong>Les citoyens riverains que nous sommes veulent avant tout la vie d&rsquo;une rivi\u00e8re naturelle et non sa destruction.<\/strong><\/p><p>Texte de Gilbert Chaubet<strong> pour le collectif PTAT<\/strong><\/p>\t\t\t\t\t\t\t\t<\/div>\n\t\t\t\t<\/div>\n\t\t\t\t\t<\/div>\n\t\t\t\t<\/div>\n\t\t\t\t<\/div>\n\t\t","protected":false},"excerpt":{"rendered":"<p>Nous avons rencontr\u00e9 hier \u00e0 Montbel les porteurs du projet.\u00a0Pour ma part, j&rsquo;ai \u00e9t\u00e9 choqu\u00e9 par leur besoin absolu de d\u00e9montrer l&rsquo;utilit\u00e9 de ce projet de d\u00e9tournement de l&rsquo;eau du Touyre au profit de la retenue de Montbel pour \u00ab\u00a0s\u00e9curiser\u00a0\u00bb celle-ci. \u00a0 \u00a0 \u00a0 \u00a0 \u00a0\u00a0 Voici 3 exemples parmi d&rsquo;autres qui illustrent cette impression\u00a0:&hellip;&nbsp;<a href=\"https:\/\/comite-ecologique-ariegeois.org\/?p=10997\" rel=\"bookmark\">Lire la suite &raquo;<span class=\"screen-reader-text\">Conf\u00e9rence de presse (22\/01\/26) \u2013 collectif citoyen \u00ab\u00a0Pas Touche au Touyre\u00a0\u00bb<\/span><\/a><\/p>\n","protected":false},"author":3,"featured_media":10996,"comment_status":"open","ping_status":"open","sticky":false,"template":"","format":"standard","meta":{"neve_meta_sidebar":"","neve_meta_container":"","neve_meta_enable_content_width":"","neve_meta_content_width":0,"neve_meta_title_alignment":"","neve_meta_author_avatar":"","neve_post_elements_order":"","neve_meta_disable_header":"","neve_meta_disable_footer":"","neve_meta_disable_title":"","footnotes":""},"categories":[1],"tags":[],"class_list":["post-10997","post","type-post","status-publish","format-standard","has-post-thumbnail","hentry","category-non-classe"],"yoast_head":"<!-- This site is optimized with the Yoast SEO plugin v26.4 - https:\/\/yoast.com\/wordpress\/plugins\/seo\/ -->\n<title>Conf\u00e9rence de presse (22\/01\/26) \u2013 collectif citoyen \u00ab\u00a0Pas Touche au Touyre\u00a0\u00bb - Comit\u00e9 Ecologique Ari\u00e8geois<\/title>\n<meta name=\"robots\" content=\"index, follow, max-snippet:-1, max-image-preview:large, max-video-preview:-1\" \/>\n<link rel=\"canonical\" href=\"https:\/\/comite-ecologique-ariegeois.org\/?p=10997\" \/>\n<meta property=\"og:locale\" content=\"fr_FR\" \/>\n<meta property=\"og:type\" content=\"article\" \/>\n<meta property=\"og:title\" content=\"Conf\u00e9rence de presse (22\/01\/26) \u2013 collectif citoyen \u00ab\u00a0Pas Touche au Touyre\u00a0\u00bb - Comit\u00e9 Ecologique Ari\u00e8geois\" \/>\n<meta property=\"og:description\" content=\"Nous avons rencontr\u00e9 hier \u00e0 Montbel les porteurs du projet.\u00a0Pour ma part, j&rsquo;ai \u00e9t\u00e9 choqu\u00e9 par leur besoin absolu de d\u00e9montrer l&rsquo;utilit\u00e9 de ce projet de d\u00e9tournement de l&rsquo;eau du Touyre au profit de la retenue de Montbel pour \u00ab\u00a0s\u00e9curiser\u00a0\u00bb celle-ci. \u00a0 \u00a0 \u00a0 \u00a0 \u00a0\u00a0 Voici 3 exemples parmi d&rsquo;autres qui illustrent cette impression\u00a0:&hellip;&nbsp;Lire la suite &raquo;Conf\u00e9rence de presse (22\/01\/26) \u2013 collectif citoyen \u00ab\u00a0Pas Touche au Touyre\u00a0\u00bb\" \/>\n<meta property=\"og:url\" content=\"https:\/\/comite-ecologique-ariegeois.org\/?p=10997\" \/>\n<meta property=\"og:site_name\" content=\"Comit\u00e9 Ecologique Ari\u00e8geois\" \/>\n<meta property=\"article:publisher\" content=\"https:\/\/www.facebook.com\/comite.ariegeois\/\" \/>\n<meta property=\"article:published_time\" content=\"2026-01-24T18:56:50+00:00\" \/>\n<meta property=\"article:modified_time\" content=\"2026-01-26T08:17:30+00:00\" \/>\n<meta property=\"og:image\" content=\"https:\/\/comite-ecologique-ariegeois.org\/wp-content\/uploads\/2026\/01\/Photo-5300-TOUYRE_rte-Leran_23-08-2024-090.jpg\" \/>\n\t<meta property=\"og:image:width\" content=\"1024\" \/>\n\t<meta property=\"og:image:height\" content=\"682\" \/>\n\t<meta property=\"og:image:type\" content=\"image\/jpeg\" \/>\n<meta name=\"author\" content=\"Marcel Ricordeau\" \/>\n<meta name=\"twitter:card\" content=\"summary_large_image\" \/>\n<meta name=\"twitter:label1\" content=\"\u00c9crit par\" \/>\n\t<meta name=\"twitter:data1\" content=\"Marcel Ricordeau\" \/>\n\t<meta name=\"twitter:label2\" content=\"Dur\u00e9e de lecture estim\u00e9e\" \/>\n\t<meta name=\"twitter:data2\" content=\"3 minutes\" \/>\n<script type=\"application\/ld+json\" class=\"yoast-schema-graph\">{\"@context\":\"https:\/\/schema.org\",\"@graph\":[{\"@type\":\"Article\",\"@id\":\"https:\/\/comite-ecologique-ariegeois.org\/?p=10997#article\",\"isPartOf\":{\"@id\":\"https:\/\/comite-ecologique-ariegeois.org\/?p=10997\"},\"author\":{\"name\":\"Marcel Ricordeau\",\"@id\":\"https:\/\/comite-ecologique-ariegeois.org\/#\/schema\/person\/505f799679c3c172520d33603f3e6227\"},\"headline\":\"Conf\u00e9rence de presse (22\/01\/26) \u2013 collectif citoyen \u00ab\u00a0Pas Touche au Touyre\u00a0\u00bb\",\"datePublished\":\"2026-01-24T18:56:50+00:00\",\"dateModified\":\"2026-01-26T08:17:30+00:00\",\"mainEntityOfPage\":{\"@id\":\"https:\/\/comite-ecologique-ariegeois.org\/?p=10997\"},\"wordCount\":507,\"commentCount\":0,\"publisher\":{\"@id\":\"https:\/\/comite-ecologique-ariegeois.org\/#organization\"},\"image\":{\"@id\":\"https:\/\/comite-ecologique-ariegeois.org\/?p=10997#primaryimage\"},\"thumbnailUrl\":\"https:\/\/comite-ecologique-ariegeois.org\/wp-content\/uploads\/2026\/01\/Photo-5300-TOUYRE_rte-Leran_23-08-2024-090.jpg\",\"inLanguage\":\"fr-FR\",\"potentialAction\":[{\"@type\":\"CommentAction\",\"name\":\"Comment\",\"target\":[\"https:\/\/comite-ecologique-ariegeois.org\/?p=10997#respond\"]}]},{\"@type\":\"WebPage\",\"@id\":\"https:\/\/comite-ecologique-ariegeois.org\/?p=10997\",\"url\":\"https:\/\/comite-ecologique-ariegeois.org\/?p=10997\",\"name\":\"Conf\u00e9rence de presse (22\/01\/26) \u2013 collectif citoyen \u00ab\u00a0Pas Touche au Touyre\u00a0\u00bb - Comit\u00e9 Ecologique Ari\u00e8geois\",\"isPartOf\":{\"@id\":\"https:\/\/comite-ecologique-ariegeois.org\/#website\"},\"primaryImageOfPage\":{\"@id\":\"https:\/\/comite-ecologique-ariegeois.org\/?p=10997#primaryimage\"},\"image\":{\"@id\":\"https:\/\/comite-ecologique-ariegeois.org\/?p=10997#primaryimage\"},\"thumbnailUrl\":\"https:\/\/comite-ecologique-ariegeois.org\/wp-content\/uploads\/2026\/01\/Photo-5300-TOUYRE_rte-Leran_23-08-2024-090.jpg\",\"datePublished\":\"2026-01-24T18:56:50+00:00\",\"dateModified\":\"2026-01-26T08:17:30+00:00\",\"breadcrumb\":{\"@id\":\"https:\/\/comite-ecologique-ariegeois.org\/?p=10997#breadcrumb\"},\"inLanguage\":\"fr-FR\",\"potentialAction\":[{\"@type\":\"ReadAction\",\"target\":[\"https:\/\/comite-ecologique-ariegeois.org\/?p=10997\"]}]},{\"@type\":\"ImageObject\",\"inLanguage\":\"fr-FR\",\"@id\":\"https:\/\/comite-ecologique-ariegeois.org\/?p=10997#primaryimage\",\"url\":\"https:\/\/comite-ecologique-ariegeois.org\/wp-content\/uploads\/2026\/01\/Photo-5300-TOUYRE_rte-Leran_23-08-2024-090.jpg\",\"contentUrl\":\"https:\/\/comite-ecologique-ariegeois.org\/wp-content\/uploads\/2026\/01\/Photo-5300-TOUYRE_rte-Leran_23-08-2024-090.jpg\",\"width\":1024,\"height\":682},{\"@type\":\"BreadcrumbList\",\"@id\":\"https:\/\/comite-ecologique-ariegeois.org\/?p=10997#breadcrumb\",\"itemListElement\":[{\"@type\":\"ListItem\",\"position\":1,\"name\":\"Accueil\",\"item\":\"https:\/\/comite-ecologique-ariegeois.org\/\"},{\"@type\":\"ListItem\",\"position\":2,\"name\":\"Conf\u00e9rence de presse (22\/01\/26) \u2013 collectif citoyen \u00ab\u00a0Pas Touche au Touyre\u00a0\u00bb\"}]},{\"@type\":\"WebSite\",\"@id\":\"https:\/\/comite-ecologique-ariegeois.org\/#website\",\"url\":\"https:\/\/comite-ecologique-ariegeois.org\/\",\"name\":\"Comit\u00e9 Ecologique Ari\u00e8geois\",\"description\":\"Assotiation de protection de la nature\",\"publisher\":{\"@id\":\"https:\/\/comite-ecologique-ariegeois.org\/#organization\"},\"potentialAction\":[{\"@type\":\"SearchAction\",\"target\":{\"@type\":\"EntryPoint\",\"urlTemplate\":\"https:\/\/comite-ecologique-ariegeois.org\/?s={search_term_string}\"},\"query-input\":{\"@type\":\"PropertyValueSpecification\",\"valueRequired\":true,\"valueName\":\"search_term_string\"}}],\"inLanguage\":\"fr-FR\"},{\"@type\":\"Organization\",\"@id\":\"https:\/\/comite-ecologique-ariegeois.org\/#organization\",\"name\":\"Comit\u00e9 Ecologique Ari\u00e8geois\",\"url\":\"https:\/\/comite-ecologique-ariegeois.org\/\",\"logo\":{\"@type\":\"ImageObject\",\"inLanguage\":\"fr-FR\",\"@id\":\"https:\/\/comite-ecologique-ariegeois.org\/#\/schema\/logo\/image\/\",\"url\":\"https:\/\/comite-ecologique-ariegeois.org\/wp-content\/uploads\/2025\/01\/logo_nouveau_cea_jpeg_250pix_02_03_24-a8816.jpg\",\"contentUrl\":\"https:\/\/comite-ecologique-ariegeois.org\/wp-content\/uploads\/2025\/01\/logo_nouveau_cea_jpeg_250pix_02_03_24-a8816.jpg\",\"width\":250,\"height\":250,\"caption\":\"Comit\u00e9 Ecologique Ari\u00e8geois\"},\"image\":{\"@id\":\"https:\/\/comite-ecologique-ariegeois.org\/#\/schema\/logo\/image\/\"},\"sameAs\":[\"https:\/\/www.facebook.com\/comite.ariegeois\/\",\"https:\/\/www.instagram.com\/comite.ecologique.ariegeois\/\"]},{\"@type\":\"Person\",\"@id\":\"https:\/\/comite-ecologique-ariegeois.org\/#\/schema\/person\/505f799679c3c172520d33603f3e6227\",\"name\":\"Marcel Ricordeau\",\"image\":{\"@type\":\"ImageObject\",\"inLanguage\":\"fr-FR\",\"@id\":\"https:\/\/comite-ecologique-ariegeois.org\/#\/schema\/person\/image\/\",\"url\":\"https:\/\/secure.gravatar.com\/avatar\/776c60076784f8ebc406a675208874f54109d681dd9b90f317a9354387b9a1cc?s=96&d=mm&r=g\",\"contentUrl\":\"https:\/\/secure.gravatar.com\/avatar\/776c60076784f8ebc406a675208874f54109d681dd9b90f317a9354387b9a1cc?s=96&d=mm&r=g\",\"caption\":\"Marcel Ricordeau\"},\"url\":\"https:\/\/comite-ecologique-ariegeois.org\/?author=3\"}]}<\/script>\n<!-- \/ Yoast SEO plugin. -->","yoast_head_json":{"title":"Conf\u00e9rence de presse (22\/01\/26) \u2013 collectif citoyen \u00ab\u00a0Pas Touche au Touyre\u00a0\u00bb - Comit\u00e9 Ecologique Ari\u00e8geois","robots":{"index":"index","follow":"follow","max-snippet":"max-snippet:-1","max-image-preview":"max-image-preview:large","max-video-preview":"max-video-preview:-1"},"canonical":"https:\/\/comite-ecologique-ariegeois.org\/?p=10997","og_locale":"fr_FR","og_type":"article","og_title":"Conf\u00e9rence de presse (22\/01\/26) \u2013 collectif citoyen \u00ab\u00a0Pas Touche au Touyre\u00a0\u00bb - Comit\u00e9 Ecologique Ari\u00e8geois","og_description":"Nous avons rencontr\u00e9 hier \u00e0 Montbel les porteurs du projet.\u00a0Pour ma part, j&rsquo;ai \u00e9t\u00e9 choqu\u00e9 par leur besoin absolu de d\u00e9montrer l&rsquo;utilit\u00e9 de ce projet de d\u00e9tournement de l&rsquo;eau du Touyre au profit de la retenue de Montbel pour \u00ab\u00a0s\u00e9curiser\u00a0\u00bb celle-ci. \u00a0 \u00a0 \u00a0 \u00a0 \u00a0\u00a0 Voici 3 exemples parmi d&rsquo;autres qui illustrent cette impression\u00a0:&hellip;&nbsp;Lire la suite &raquo;Conf\u00e9rence de presse (22\/01\/26) \u2013 collectif citoyen \u00ab\u00a0Pas Touche au Touyre\u00a0\u00bb","og_url":"https:\/\/comite-ecologique-ariegeois.org\/?p=10997","og_site_name":"Comit\u00e9 Ecologique Ari\u00e8geois","article_publisher":"https:\/\/www.facebook.com\/comite.ariegeois\/","article_published_time":"2026-01-24T18:56:50+00:00","article_modified_time":"2026-01-26T08:17:30+00:00","og_image":[{"width":1024,"height":682,"url":"https:\/\/comite-ecologique-ariegeois.org\/wp-content\/uploads\/2026\/01\/Photo-5300-TOUYRE_rte-Leran_23-08-2024-090.jpg","type":"image\/jpeg"}],"author":"Marcel Ricordeau","twitter_card":"summary_large_image","twitter_misc":{"\u00c9crit par":"Marcel Ricordeau","Dur\u00e9e de lecture estim\u00e9e":"3 minutes"},"schema":{"@context":"https:\/\/schema.org","@graph":[{"@type":"Article","@id":"https:\/\/comite-ecologique-ariegeois.org\/?p=10997#article","isPartOf":{"@id":"https:\/\/comite-ecologique-ariegeois.org\/?p=10997"},"author":{"name":"Marcel Ricordeau","@id":"https:\/\/comite-ecologique-ariegeois.org\/#\/schema\/person\/505f799679c3c172520d33603f3e6227"},"headline":"Conf\u00e9rence de presse (22\/01\/26) \u2013 collectif citoyen \u00ab\u00a0Pas Touche au Touyre\u00a0\u00bb","datePublished":"2026-01-24T18:56:50+00:00","dateModified":"2026-01-26T08:17:30+00:00","mainEntityOfPage":{"@id":"https:\/\/comite-ecologique-ariegeois.org\/?p=10997"},"wordCount":507,"commentCount":0,"publisher":{"@id":"https:\/\/comite-ecologique-ariegeois.org\/#organization"},"image":{"@id":"https:\/\/comite-ecologique-ariegeois.org\/?p=10997#primaryimage"},"thumbnailUrl":"https:\/\/comite-ecologique-ariegeois.org\/wp-content\/uploads\/2026\/01\/Photo-5300-TOUYRE_rte-Leran_23-08-2024-090.jpg","inLanguage":"fr-FR","potentialAction":[{"@type":"CommentAction","name":"Comment","target":["https:\/\/comite-ecologique-ariegeois.org\/?p=10997#respond"]}]},{"@type":"WebPage","@id":"https:\/\/comite-ecologique-ariegeois.org\/?p=10997","url":"https:\/\/comite-ecologique-ariegeois.org\/?p=10997","name":"Conf\u00e9rence de presse (22\/01\/26) \u2013 collectif citoyen \u00ab\u00a0Pas Touche au Touyre\u00a0\u00bb - Comit\u00e9 Ecologique Ari\u00e8geois","isPartOf":{"@id":"https:\/\/comite-ecologique-ariegeois.org\/#website"},"primaryImageOfPage":{"@id":"https:\/\/comite-ecologique-ariegeois.org\/?p=10997#primaryimage"},"image":{"@id":"https:\/\/comite-ecologique-ariegeois.org\/?p=10997#primaryimage"},"thumbnailUrl":"https:\/\/comite-ecologique-ariegeois.org\/wp-content\/uploads\/2026\/01\/Photo-5300-TOUYRE_rte-Leran_23-08-2024-090.jpg","datePublished":"2026-01-24T18:56:50+00:00","dateModified":"2026-01-26T08:17:30+00:00","breadcrumb":{"@id":"https:\/\/comite-ecologique-ariegeois.org\/?p=10997#breadcrumb"},"inLanguage":"fr-FR","potentialAction":[{"@type":"ReadAction","target":["https:\/\/comite-ecologique-ariegeois.org\/?p=10997"]}]},{"@type":"ImageObject","inLanguage":"fr-FR","@id":"https:\/\/comite-ecologique-ariegeois.org\/?p=10997#primaryimage","url":"https:\/\/comite-ecologique-ariegeois.org\/wp-content\/uploads\/2026\/01\/Photo-5300-TOUYRE_rte-Leran_23-08-2024-090.jpg","contentUrl":"https:\/\/comite-ecologique-ariegeois.org\/wp-content\/uploads\/2026\/01\/Photo-5300-TOUYRE_rte-Leran_23-08-2024-090.jpg","width":1024,"height":682},{"@type":"BreadcrumbList","@id":"https:\/\/comite-ecologique-ariegeois.org\/?p=10997#breadcrumb","itemListElement":[{"@type":"ListItem","position":1,"name":"Accueil","item":"https:\/\/comite-ecologique-ariegeois.org\/"},{"@type":"ListItem","position":2,"name":"Conf\u00e9rence de presse (22\/01\/26) \u2013 collectif citoyen \u00ab\u00a0Pas Touche au Touyre\u00a0\u00bb"}]},{"@type":"WebSite","@id":"https:\/\/comite-ecologique-ariegeois.org\/#website","url":"https:\/\/comite-ecologique-ariegeois.org\/","name":"Comit\u00e9 Ecologique Ari\u00e8geois","description":"Assotiation de protection de la nature","publisher":{"@id":"https:\/\/comite-ecologique-ariegeois.org\/#organization"},"potentialAction":[{"@type":"SearchAction","target":{"@type":"EntryPoint","urlTemplate":"https:\/\/comite-ecologique-ariegeois.org\/?s={search_term_string}"},"query-input":{"@type":"PropertyValueSpecification","valueRequired":true,"valueName":"search_term_string"}}],"inLanguage":"fr-FR"},{"@type":"Organization","@id":"https:\/\/comite-ecologique-ariegeois.org\/#organization","name":"Comit\u00e9 Ecologique Ari\u00e8geois","url":"https:\/\/comite-ecologique-ariegeois.org\/","logo":{"@type":"ImageObject","inLanguage":"fr-FR","@id":"https:\/\/comite-ecologique-ariegeois.org\/#\/schema\/logo\/image\/","url":"https:\/\/comite-ecologique-ariegeois.org\/wp-content\/uploads\/2025\/01\/logo_nouveau_cea_jpeg_250pix_02_03_24-a8816.jpg","contentUrl":"https:\/\/comite-ecologique-ariegeois.org\/wp-content\/uploads\/2025\/01\/logo_nouveau_cea_jpeg_250pix_02_03_24-a8816.jpg","width":250,"height":250,"caption":"Comit\u00e9 Ecologique Ari\u00e8geois"},"image":{"@id":"https:\/\/comite-ecologique-ariegeois.org\/#\/schema\/logo\/image\/"},"sameAs":["https:\/\/www.facebook.com\/comite.ariegeois\/","https:\/\/www.instagram.com\/comite.ecologique.ariegeois\/"]},{"@type":"Person","@id":"https:\/\/comite-ecologique-ariegeois.org\/#\/schema\/person\/505f799679c3c172520d33603f3e6227","name":"Marcel Ricordeau","image":{"@type":"ImageObject","inLanguage":"fr-FR","@id":"https:\/\/comite-ecologique-ariegeois.org\/#\/schema\/person\/image\/","url":"https:\/\/secure.gravatar.com\/avatar\/776c60076784f8ebc406a675208874f54109d681dd9b90f317a9354387b9a1cc?s=96&d=mm&r=g","contentUrl":"https:\/\/secure.gravatar.com\/avatar\/776c60076784f8ebc406a675208874f54109d681dd9b90f317a9354387b9a1cc?s=96&d=mm&r=g","caption":"Marcel Ricordeau"},"url":"https:\/\/comite-ecologique-ariegeois.org\/?author=3"}]}},"_links":{"self":[{"href":"https:\/\/comite-ecologique-ariegeois.org\/index.php?rest_route=\/wp\/v2\/posts\/10997","targetHints":{"allow":["GET"]}}],"collection":[{"href":"https:\/\/comite-ecologique-ariegeois.org\/index.php?rest_route=\/wp\/v2\/posts"}],"about":[{"href":"https:\/\/comite-ecologique-ariegeois.org\/index.php?rest_route=\/wp\/v2\/types\/post"}],"author":[{"embeddable":true,"href":"https:\/\/comite-ecologique-ariegeois.org\/index.php?rest_route=\/wp\/v2\/users\/3"}],"replies":[{"embeddable":true,"href":"https:\/\/comite-ecologique-ariegeois.org\/index.php?rest_route=%2Fwp%2Fv2%2Fcomments&post=10997"}],"version-history":[{"count":12,"href":"https:\/\/comite-ecologique-ariegeois.org\/index.php?rest_route=\/wp\/v2\/posts\/10997\/revisions"}],"predecessor-version":[{"id":11038,"href":"https:\/\/comite-ecologique-ariegeois.org\/index.php?rest_route=\/wp\/v2\/posts\/10997\/revisions\/11038"}],"wp:featuredmedia":[{"embeddable":true,"href":"https:\/\/comite-ecologique-ariegeois.org\/index.php?rest_route=\/wp\/v2\/media\/10996"}],"wp:attachment":[{"href":"https:\/\/comite-ecologique-ariegeois.org\/index.php?rest_route=%2Fwp%2Fv2%2Fmedia&parent=10997"}],"wp:term":[{"taxonomy":"category","embeddable":true,"href":"https:\/\/comite-ecologique-ariegeois.org\/index.php?rest_route=%2Fwp%2Fv2%2Fcategories&post=10997"},{"taxonomy":"post_tag","embeddable":true,"href":"https:\/\/comite-ecologique-ariegeois.org\/index.php?rest_route=%2Fwp%2Fv2%2Ftags&post=10997"}],"curies":[{"name":"wp","href":"https:\/\/api.w.org\/{rel}","templated":true}]}}